{"id":1011850,"date":"2026-06-20T02:53:25","date_gmt":"2026-06-20T02:53:25","guid":{"rendered":"https:\/\/www.europesays.com\/fr\/1011850\/"},"modified":"2026-06-20T02:53:25","modified_gmt":"2026-06-20T02:53:25","slug":"canicule-et-pollution-en-ile-de-france-tarif-reduit-dans-les-transports-et-covoiturage-gratuit","status":"publish","type":"post","link":"https:\/\/www.europesays.com\/fr\/1011850\/","title":{"rendered":"Canicule et pollution en Ile-de-France: tarif r\u00e9duit dans les transports et covoiturage gratuit"},"content":{"rendered":"<p>Face \u00e0 un nouvel \u00e9pisode de pollution, les habitants d\u2019Ile-de-France peuvent acheter \u00e0 partir de vendredi des \u201c\u00a0forfaits anti-pollution\u00a0\u201d journaliers \u00e0 prix cass\u00e9 pour les transports en commun, et acc\u00e9der \u00e0 du covoiturage gratuit, alors que des restrictions \u00e0 la circulation ont \u00e9t\u00e9 annonc\u00e9es par la pr\u00e9fecture de police en \u00cele-de-France.<\/p>\n<p>En vente aux guichets et automates le jour m\u00eame jusqu\u2019\u00e0 minuit au prix de\u00a05,10 euros, ce forfait qui permet de voyager de mani\u00e8re illimit\u00e9e dans toute l\u2019Ile-de-France sur tous les r\u00e9seaux est valable sur une journ\u00e9e, de 5H00 du matin \u00e0 3H00 le lendemain (5H00 pour le Noctilien), et ce, jusqu\u2019\u00e0 la fin de l\u2019\u00e9pisode de pollution, a indiqu\u00e9 Ile-de-France Mobilit\u00e9s (IDFM) dans un communiqu\u00e9.<\/p>\n<p>En temps normal, le forfait Navigo journalier s\u2019\u00e9l\u00e8ve \u00e0 12,30 euros.<\/p>\n<p>Le forfait anti-pollution donne acc\u00e8s \u00e0 tous les moyens de transport (m\u00e9tro, train, RER, bus et tramway) \u00e0 l\u2019exception de certaines dessertes directes d\u2019a\u00e9roports (Orlyval, MagicalShuttle, navettes Disney), et des bus touristiques comme Open Tour et Cars Rouges.<\/p>\n<p>Il donne acc\u00e8s \u00e0 l\u2019a\u00e9roport de Roissy via le RER B, RoissyBus ou Fil\u00e9o, et \u00e0 celui d\u2019Orly via la ligne du m\u00e9tro 14.<\/p>\n<p>Ile-de-France Mobilit\u00e9s offre aussi \u00e0 tous les Franciliens, sans conditions de ressources et en plus des abonn\u00e9s Navigo, deux trajets de covoiturage par jour depuis les app Covoit IDFM et Lignes de covoiturage IDFM.<\/p>\n<p>Ces mesures sont annonc\u00e9es quasi automatiquement d\u00e8s que la pr\u00e9fecture de police annonce des restrictions de circulation dues \u00e0 une pollution atmosph\u00e9rique, a indiqu\u00e9 un porte-parole d\u2019IDFM.<\/p>\n<p>En mai, IDFM avait d\u00e9j\u00e0 d\u00e9clench\u00e9 le forfait anti-pollution avec l\u2019offre de covoiturage gratuit lors d\u2019un pr\u00e9c\u00e9dent \u00e9pisode de pollution \u00e0 l\u2019ozone. Depuis 2017, ce dispositif a \u00e9t\u00e9 d\u00e9clench\u00e9 21 fois par IDFM.<\/p>\n<p>Lire aussi :<\/p><\/p>\n","protected":false},"excerpt":{"rendered":"Face \u00e0 un nouvel \u00e9pisode de pollution, les habitants d\u2019Ile-de-France peuvent acheter \u00e0 partir de vendredi des \u201c\u00a0forfaits&hellip;\n","protected":false},"author":2,"featured_media":1011851,"comment_status":"","ping_status":"","sticky":false,"template":"","format":"standard","meta":{"footnotes":"","_share_on_mastodon":"0"},"categories":[1592],"tags":[1111,11,25046,7048,1777,674,1011,27,326,662,10883,4047,12,34215,16483,101501,626,1800,25,4109,800,2216],"class_list":["post-1011850","post","type-post","status-publish","format-standard","has-post-thumbnail","category-ile-de-france","tag-actu","tag-actualites","tag-aeroport-de-roissy","tag-bus","tag-eu","tag-europe","tag-fr","tag-france","tag-gratuit","tag-ile-de-france","tag-ile-de-france-mobilites","tag-metro","tag-news","tag-noctilien","tag-orly","tag-orlyval","tag-paris","tag-pollution","tag-republique-francaise","tag-tramway","tag-transports","tag-transports-en-commun"],"share_on_mastodon":{"url":"https:\/\/pubeurope.com\/@fr\/116780178260963870","error":""},"_links":{"self":[{"href":"https:\/\/www.europesays.com\/fr\/wp-json\/wp\/v2\/posts\/1011850","targetHints":{"allow":["GET"]}}],"collection":[{"href":"https:\/\/www.europesays.com\/fr\/wp-json\/wp\/v2\/posts"}],"about":[{"href":"https:\/\/www.europesays.com\/fr\/wp-json\/wp\/v2\/types\/post"}],"author":[{"embeddable":true,"href":"https:\/\/www.europesays.com\/fr\/wp-json\/wp\/v2\/users\/2"}],"replies":[{"embeddable":true,"href":"https:\/\/www.europesays.com\/fr\/wp-json\/wp\/v2\/comments?post=1011850"}],"version-history":[{"count":0,"href":"https:\/\/www.europesays.com\/fr\/wp-json\/wp\/v2\/posts\/1011850\/revisions"}],"wp:featuredmedia":[{"embeddable":true,"href":"https:\/\/www.europesays.com\/fr\/wp-json\/wp\/v2\/media\/1011851"}],"wp:attachment":[{"href":"https:\/\/www.europesays.com\/fr\/wp-json\/wp\/v2\/media?parent=1011850"}],"wp:term":[{"taxonomy":"category","embeddable":true,"href":"https:\/\/www.europesays.com\/fr\/wp-json\/wp\/v2\/categories?post=1011850"},{"taxonomy":"post_tag","embeddable":true,"href":"https:\/\/www.europesays.com\/fr\/wp-json\/wp\/v2\/tags?post=1011850"}],"curies":[{"name":"wp","href":"https:\/\/api.w.org\/{rel}","templated":true}]}}