{"id":1011856,"date":"2026-06-20T02:56:17","date_gmt":"2026-06-20T02:56:17","guid":{"rendered":"https:\/\/www.europesays.com\/fr\/1011856\/"},"modified":"2026-06-20T02:56:17","modified_gmt":"2026-06-20T02:56:17","slug":"a-paris-un-rassemblement-contre-les-executions-politiques-en-iran-interdit-par-la-police","status":"publish","type":"post","link":"https:\/\/www.europesays.com\/fr\/1011856\/","title":{"rendered":"\u00c0 Paris, un rassemblement \u00ab\u00a0contre les ex\u00e9cutions politiques en Iran\u00a0\u00bb interdit par la police"},"content":{"rendered":"<p>Une d\u00e9cision qualifi\u00e9e d'\u00a0\u00bbarbitraire\u00a0\u00bb. Un rassemblement contre les <a href=\"https:\/\/www.france24.com\/fr\/asie-pacifique\/20260406-iran-executions-multiplient-manifestant-ali-fahim-pendu-peine-mort-guerre-israel-moyen-orient\" target=\"_self\" rel=\"nofollow noopener\">ex\u00e9cutions d&rsquo;opposants en Iran<\/a>, pr\u00e9vu samedi 20\u00a0juin \u00e0 <a href=\"https:\/\/www.france24.com\/fr\/tag\/paris\/\" target=\"_self\" class=\"gtm-add-suggested-tag\" rel=\"nofollow noopener\">Paris<\/a>, a \u00e9t\u00e9 interdit, selon un arr\u00eat\u00e9 de la pr\u00e9fecture de police de Paris (PP) publi\u00e9 jeudi soir, provoquant l&rsquo;incompr\u00e9hension des organisateurs, qui esp\u00e9raient mobiliser 100\u00a0000 personnes.<\/p>\n<p>La PP justifie cette interdiction par un \u00ab\u00a0contexte national et international particuli\u00e8rement tendu\u00a0\u00bb et le \u00ab\u00a0risque s\u00e9rieux qu&rsquo;\u00e0 l&rsquo;occasion de cette manifestation aient lieu des affrontements entre des militants aux opinions antagonistes de nature \u00e0 troubler gravement l&rsquo;ordre public\u00a0\u00bb.<\/p>\n<p>D&rsquo;autant que la manifestation pr\u00e9vue autour de l&rsquo;H\u00f4tel des Invalides, dans le VII\u1d49 arrondissement de Paris, devait passer \u00ab\u00a0\u00e0 proximit\u00e9 de plusieurs b\u00e2timents publics et repr\u00e9sentations diplomatiques\u00a0\u00bb.<\/p>\n<p>Les organisateurs ont d\u00e9nonc\u00e9 une interdiction \u00ab\u00a0sous des pr\u00e9textes sans fondement\u00a0\u00bb et prononc\u00e9e \u00ab\u00a0quelques heures apr\u00e8s un entretien t\u00e9l\u00e9phonique\u00a0\u00bb entre les ministres des Affaires \u00e9trang\u00e8res fran\u00e7ais <a href=\"https:\/\/www.france24.com\/fr\/tag\/jean-no\u00ebl-barrot\/\" target=\"_self\" class=\"gtm-add-suggested-tag\" rel=\"nofollow noopener\">Jean-No\u00ebl Barrot<\/a> et iranien Abbas Araghchi.<\/p>\n<p class=\"a-read-more\">\u00c0 (re)voir<a href=\"https:\/\/www.france24.com\/fr\/\u00e9missions\/reporters\/20260206-exclusif-iran-la-r\u00e9volte-massacr\u00e9e\" target=\"_self\" class=\"a-read-more__link\" rel=\"nofollow noopener\">Exclusif\u00a0: Iran, la r\u00e9volte massacr\u00e9e<\/a><\/p>\n<p>Jean-No\u00ebl Barrot \u00ab\u00a0n&rsquo;a pas \u00e9voqu\u00e9 cette manifestation ou demand\u00e9 son annulation\u00a0\u00bb, s&rsquo;est d\u00e9fendu le <a href=\"https:\/\/www.france24.com\/fr\/tag\/quai-d-orsay\/\" target=\"_self\" class=\"gtm-add-suggested-tag\" rel=\"nofollow noopener\">Quai d&rsquo;Orsay<\/a>.<\/p>\n<p>\u00ab\u00a0Cette motivation extraordinairement tardive est la traduction de l&rsquo;absence de tout bien-fond\u00e9 de cette mesure d&rsquo;interdiction et de son caract\u00e8re arbitraire\u00a0\u00bb, a d\u00e9nonc\u00e9 Me Vincent Brengarth, avocat de l&rsquo;association Nouveaux droits de l&rsquo;Homme, coorganisatrice du rassemblement.<\/p>\n<p>Avec Me William Bourdon, ils ont assur\u00e9 avoir d\u00e9pos\u00e9 une requ\u00eate en urgence aupr\u00e8s du tribunal administratif de Paris afin d&rsquo;obtenir l&rsquo;annulation de la d\u00e9cision, en raison de \u00ab\u00a0l&rsquo;atteinte manifestement ill\u00e9gale port\u00e9e \u00e0 la libert\u00e9 de manifester\u00a0\u00bb.<\/p>\n<p> Appel d&rsquo;associations et d&rsquo;ONG <\/p>\n<p>La manifestation, programm\u00e9e samedi \u00e0 14\u00a0h, \u00e9tait organis\u00e9e par le collectif Voix d&rsquo;Iran, form\u00e9 pour l&rsquo;occasion et comprenant des associations de la diaspora iranienne et des ONG fran\u00e7aises et internationales.<\/p>\n<p>Parmi elles, le Conseil national de la R\u00e9sistance iranienne (CNRI) \u2013 vitrine politique de l&rsquo;Organisation des <a href=\"https:\/\/www.france24.com\/fr\/tag\/moudjahidine-du-peuple\/\" target=\"_self\" class=\"gtm-add-suggested-tag\" rel=\"nofollow noopener\">Moudjahidine du peuple<\/a> d&rsquo;Iran (OMPI ou MEK), consid\u00e9r\u00e9e comme \u00ab\u00a0terroriste\u00a0\u00bb par T\u00e9h\u00e9ran\u00a0\u2013, mais aussi l&rsquo;Association des femmes iraniennes en France ou encore le Comit\u00e9 de soutien aux droits humains en Iran (CSDHI).<\/p>\n<p class=\"a-read-more\">\u00c0 lire aussi<a href=\"https:\/\/www.france24.com\/fr\/asie-pacifique\/20260305-panique-et-peur-les-prisonniers-politiques-iraniens-sous-le-feu-des-bombes-isra\u00e9lo-am\u00e9ricaines\" target=\"_self\" class=\"a-read-more__link\" rel=\"nofollow noopener\">\u00ab\u00a0Panique et peur\u00a0\u00bb : les prisonniers politiques iraniens sous le feu des bombes isra\u00e9lo-am\u00e9ricaines<\/a><\/p>\n<p>La journ\u00e9e du 20\u00a0juin avait \u00e9t\u00e9 choisie en m\u00e9moire de la manifestation du 20\u00a0juin 1981, qui avait rassembl\u00e9 500\u00a0000 manifestants \u00e0 T\u00e9h\u00e9ran avant d&rsquo;\u00eatre durement r\u00e9prim\u00e9e. Cette manifestation avait marqu\u00e9, selon le CNRI, \u00ab\u00a0le d\u00e9but de la r\u00e9sistance \u00e0 la dictature religieuse\u00a0\u00bb.<\/p>\n<p>L&rsquo;objectif de la manifestation \u00e9tait de rappeler qu'\u00a0\u00bbun accord diplomatique, aussi important soit-il, ne peut justifier l&rsquo;oubli des droits humains, et aucune d\u00e9sescalade r\u00e9gionale ne doit se payer au prix du silence sur la r\u00e9pression int\u00e9rieure\u00a0\u00bb en <a href=\"https:\/\/www.france24.com\/fr\/tag\/iran\/\" target=\"_self\" class=\"gtm-add-suggested-tag\" rel=\"nofollow noopener\">Iran<\/a>, selon la porte-parole de Voix d&rsquo;Iran, Azadeh Alemi.<\/p>\n<p>Si <a href=\"https:\/\/www.france24.com\/fr\/moyen-orient\/20260618-les-pr\u00e9sidents-am\u00e9ricain-et-iranien-signent-le-protocole-d-accord-\u00e0-distance\" target=\"_self\" rel=\"nofollow noopener\">Washington et T\u00e9h\u00e9ran ont conclu mercredi un protocole d&rsquo;accord<\/a> pour mettre fin au conflit les opposant depuis le 28\u00a0f\u00e9vrier, les ex\u00e9cutions d&rsquo;opposants se multiplient en Iran depuis les manifestations du mois de janvier, selon les ONG.<\/p>\n<p>Avec AFP<\/p>\n","protected":false},"excerpt":{"rendered":"Une d\u00e9cision qualifi\u00e9e d&rsquo;\u00a0\u00bbarbitraire\u00a0\u00bb. Un rassemblement contre les ex\u00e9cutions d&rsquo;opposants en Iran, pr\u00e9vu samedi 20\u00a0juin \u00e0 Paris, a&hellip;\n","protected":false},"author":2,"featured_media":1011857,"comment_status":"","ping_status":"","sticky":false,"template":"","format":"standard","meta":{"footnotes":"","_share_on_mastodon":"0"},"categories":[1888],"tags":[11,1777,674,6189,1011,27,3019,1272,12,626,942,25],"class_list":["post-1011856","post","type-post","status-publish","format-standard","has-post-thumbnail","category-paris","tag-actualites","tag-eu","tag-europe","tag-execution","tag-fr","tag-france","tag-iran","tag-manifestations","tag-news","tag-paris","tag-peine-de-mort","tag-republique-francaise"],"share_on_mastodon":{"url":"https:\/\/pubeurope.com\/@fr\/116780189895347739","error":""},"_links":{"self":[{"href":"https:\/\/www.europesays.com\/fr\/wp-json\/wp\/v2\/posts\/1011856","targetHints":{"allow":["GET"]}}],"collection":[{"href":"https:\/\/www.europesays.com\/fr\/wp-json\/wp\/v2\/posts"}],"about":[{"href":"https:\/\/www.europesays.com\/fr\/wp-json\/wp\/v2\/types\/post"}],"author":[{"embeddable":true,"href":"https:\/\/www.europesays.com\/fr\/wp-json\/wp\/v2\/users\/2"}],"replies":[{"embeddable":true,"href":"https:\/\/www.europesays.com\/fr\/wp-json\/wp\/v2\/comments?post=1011856"}],"version-history":[{"count":0,"href":"https:\/\/www.europesays.com\/fr\/wp-json\/wp\/v2\/posts\/1011856\/revisions"}],"wp:featuredmedia":[{"embeddable":true,"href":"https:\/\/www.europesays.com\/fr\/wp-json\/wp\/v2\/media\/1011857"}],"wp:attachment":[{"href":"https:\/\/www.europesays.com\/fr\/wp-json\/wp\/v2\/media?parent=1011856"}],"wp:term":[{"taxonomy":"category","embeddable":true,"href":"https:\/\/www.europesays.com\/fr\/wp-json\/wp\/v2\/categories?post=1011856"},{"taxonomy":"post_tag","embeddable":true,"href":"https:\/\/www.europesays.com\/fr\/wp-json\/wp\/v2\/tags?post=1011856"}],"curies":[{"name":"wp","href":"https:\/\/api.w.org\/{rel}","templated":true}]}}