{"id":101198,"date":"2025-05-15T05:55:12","date_gmt":"2025-05-15T05:55:12","guid":{"rendered":"https:\/\/www.europesays.com\/fr\/101198\/"},"modified":"2025-05-15T05:55:12","modified_gmt":"2025-05-15T05:55:12","slug":"saint-etienne-les-policiers-font-tomber-un-nouveau-point-de-deal","status":"publish","type":"post","link":"https:\/\/www.europesays.com\/fr\/101198\/","title":{"rendered":"Saint-\u00c9tienne : les policiers font tomber un nouveau point de deal"},"content":{"rendered":"<p>Une vaste op\u00e9ration de police a \u00e9t\u00e9 men\u00e9e ce mardi 13 mai dans la rue Antoine-Durafour situ\u00e9e dans l&rsquo;hypercentre de Saint-\u00c9tienne. Six individus ont \u00e9t\u00e9 interpell\u00e9s et le point de deal ferm\u00e9.<\/p>\n<p>La lutte contre le <b>narcotrafic <\/b>se poursuit \u00e0 Saint-\u00c9tienne et ses alentours. Apr\u00e8s les coups de filet men\u00e9s dans le <a class=\"url\" href=\"https:\/\/www.radioscoop.com\/infos\/un-ado-de-14-ans-interpelle-avec-78-pochons-de-cocaine-a-firminy_328544\" target=\"_blank\" rel=\"noopener\">quartier du Mail \u00e0 Firminy<\/a>, le d\u00e9mant\u00e8lement des points de deal de <a class=\"url\" href=\"https:\/\/www.radioscoop.com\/infos\/points-de-deal-demanteles-dans-la-loire-la-liste-va-s-allonger_326584\" target=\"_blank\" rel=\"noopener\">Montreynaud<\/a>et de la <b>Cotonne<\/b>, une nouvelle op\u00e9ration de police a \u00e9t\u00e9 men\u00e9e ce mardi 13 mai.<\/p>\n<p>Six interpellations<\/p>\n<p>L&rsquo;intervention s&rsquo;est d\u00e9roul\u00e9e au 30 rue Antoine-Durafour situ\u00e9e dans le centre-ville de Saint-\u00c9tienne. Un important dispositif policier a \u00e9t\u00e9 d\u00e9ploy\u00e9 en d\u00e9but d&rsquo;apr\u00e8s-midi, permettant ainsi l&rsquo;interpellation de six individus \u00e2g\u00e9s <b>de 16 \u00e0 29 ans<\/b>,<b>\u00a0<\/b>selon\u00a0<a class=\"url\" href=\"https:\/\/c.leprogres.fr\/faits-divers-justice\/2025\/05\/14\/la-police-fait-encore-tomber-un-point-de-deal-rue-antoine-durafour\" target=\"_blank\" rel=\"noopener\">Le Progr\u00e8s<\/a>.\u00a0<\/p>\n<p>Les suspects ont \u00e9t\u00e9 plac\u00e9s en garde \u00e0 vue pour trafic de stup\u00e9fiant.<\/p>\n<p>Surveillance du point de deal<\/p>\n<p>Les forces de l&rsquo;ordre sont ensuite revenues \u00e0 la charge en fin de journ\u00e9e, avec une trentaine d&rsquo;agents d\u00e9ploy\u00e9s pour <b>\u00e9viter la reprise du point de deal<\/b> et le retour des trafiquants.\u00a0<\/p>\n<p>Des <b>contr\u00f4les d&rsquo;identit\u00e9<\/b> ont \u00e9t\u00e9 r\u00e9alis\u00e9s dans la soir\u00e9e.<\/p>\n<p><img loading=\"lazy\" decoding=\"async\" src=\"https:\/\/www.europesays.com\/fr\/wp-content\/uploads\/2025\/05\/1747288512_194_img\" width=\"350\" height=\"200\" border=\"0\" title=\"Police nationale\"\/><\/p>\n<p>\u25baFaits divers<\/p>\n<p style=\"font-size: 22px;\"><b>Un ado de 14 ans interpell\u00e9 avec 78 pochons de coca\u00efne \u00e0 Firminy<\/b><\/p>\n<p>Le point de deal du quartier du Mail \u00e0 Firminy,&#8230;<\/p>\n<p><\/p>\n","protected":false},"excerpt":{"rendered":"Une vaste op\u00e9ration de police a \u00e9t\u00e9 men\u00e9e ce mardi 13 mai dans la rue Antoine-Durafour situ\u00e9e dans&hellip;\n","protected":false},"author":2,"featured_media":101199,"comment_status":"","ping_status":"","sticky":false,"template":"","format":"standard","meta":{"footnotes":""},"categories":[9653],"tags":[1111,11,21688,2430,10083,1052,1777,674,1011,27,8721,12,21689,1072,25,4001,1097],"class_list":{"0":"post-101198","1":"post","2":"type-post","3":"status-publish","4":"format-standard","5":"has-post-thumbnail","7":"category-saint-etienne","8":"tag-actu","9":"tag-actualites","10":"tag-autorit","11":"tag-auvergne-rhone-alpes","12":"tag-deal","13":"tag-drogue","14":"tag-eu","15":"tag-europe","16":"tag-fr","17":"tag-france","18":"tag-narcotrafic","19":"tag-news","20":"tag-opration","21":"tag-police","22":"tag-republique-francaise","23":"tag-saint-etienne","24":"tag-trafic"},"share_on_mastodon":{"url":"https:\/\/pubeurope.com\/@fr\/114510307380742472","error":""},"_links":{"self":[{"href":"https:\/\/www.europesays.com\/fr\/wp-json\/wp\/v2\/posts\/101198","targetHints":{"allow":["GET"]}}],"collection":[{"href":"https:\/\/www.europesays.com\/fr\/wp-json\/wp\/v2\/posts"}],"about":[{"href":"https:\/\/www.europesays.com\/fr\/wp-json\/wp\/v2\/types\/post"}],"author":[{"embeddable":true,"href":"https:\/\/www.europesays.com\/fr\/wp-json\/wp\/v2\/users\/2"}],"replies":[{"embeddable":true,"href":"https:\/\/www.europesays.com\/fr\/wp-json\/wp\/v2\/comments?post=101198"}],"version-history":[{"count":0,"href":"https:\/\/www.europesays.com\/fr\/wp-json\/wp\/v2\/posts\/101198\/revisions"}],"wp:featuredmedia":[{"embeddable":true,"href":"https:\/\/www.europesays.com\/fr\/wp-json\/wp\/v2\/media\/101199"}],"wp:attachment":[{"href":"https:\/\/www.europesays.com\/fr\/wp-json\/wp\/v2\/media?parent=101198"}],"wp:term":[{"taxonomy":"category","embeddable":true,"href":"https:\/\/www.europesays.com\/fr\/wp-json\/wp\/v2\/categories?post=101198"},{"taxonomy":"post_tag","embeddable":true,"href":"https:\/\/www.europesays.com\/fr\/wp-json\/wp\/v2\/tags?post=101198"}],"curies":[{"name":"wp","href":"https:\/\/api.w.org\/{rel}","templated":true}]}}