{"id":101204,"date":"2025-05-15T05:58:08","date_gmt":"2025-05-15T05:58:08","guid":{"rendered":"https:\/\/www.europesays.com\/fr\/101204\/"},"modified":"2025-05-15T05:58:08","modified_gmt":"2025-05-15T05:58:08","slug":"pour-le-planning-familial-varois-le-defi-de-toucher-les-jeunes-ou-quils-soient","status":"publish","type":"post","link":"https:\/\/www.europesays.com\/fr\/101204\/","title":{"rendered":"Pour le Planning familial varois, le d\u00e9fi de toucher les jeunes o\u00f9 qu\u2019ils soient"},"content":{"rendered":"<p>Dans la salle de spectacle du caf\u00e9-th\u00e9\u00e2tre de la Porte d\u2019Italie, une quarantaine d\u2019adh\u00e9rents, majoritairement des femmes, s\u2019est r\u00e9unie pour l\u2019assembl\u00e9e g\u00e9n\u00e9rale du Planning familial varois (PFV). Pour dynamiser sa r\u00e9union, l\u2019association pr\u00e9sente son rapport d\u2019activit\u00e9 sous forme de vid\u00e9o. Comme un flash info, chaque p\u00f4le fait le point sur l\u2019ann\u00e9e pass\u00e9e.<\/p>\n<p>De la continuit\u00e9 dans les actions<\/p>\n<p>Au cours de l\u2019ann\u00e9e 2024, le PFV a continu\u00e9 et m\u00eame amplifi\u00e9 ses actions pour r\u00e9pondre \u00e0 l\u2019augmentation des demandes. L\u2019\u00e9quipe m\u00e9dicale a \u00e9t\u00e9 largement renforc\u00e9e (m\u00e9decin, sage-femme, secr\u00e9taire m\u00e9dicale) et de nouvelles permanences se sont ouvertes au Beausset, Sanary, Saint Cyr et Six Fours, compl\u00e9t\u00e9es par des permanences en ligne.<\/p>\n<p>1385 personnes ont \u00e9t\u00e9 re\u00e7ues par les conseillers conjugaux du Var dont 300 mineurs pour \u00e9changer sur leur vie affective et sexuelle, mais aussi pour se confier sur d\u2019\u00e9ventuelles violences. Plus de 800 rendez-vous ont \u00e9t\u00e9 pris avec l\u2019\u00e9quipe du centre de sant\u00e9 sexuelle, pour des demandes de contraceptions, d\u2019IVG, de rendez-vous gyn\u00e9cologiques et de d\u00e9pistages.<\/p>\n<p>Le nombre d\u2019\u00e9l\u00e8ves aupr\u00e8s desquels le planning est intervenu a augment\u00e9 de 20% par rapport \u00e0 2023, pour toucher 3200 coll\u00e9giens et lyc\u00e9ens. Mais l\u2019association veut parler aux jeunes o\u00f9 qu\u2019ils soient\u2005et se d\u00e9place dans les missions locales et les \u00e9tablissements de protection judiciaire de la jeunesse. Il vise aussi des publics vari\u00e9s avec des programmes pour les personnes en situation de handicap et pour les femmes exil\u00e9es.<\/p>\n<p>Et de la nouveaut\u00e9<\/p>\n<p>L\u2019ann\u00e9e 2024 \u00e9tait aussi porteuse de nouveaut\u00e9s avec l\u2019ouverture d\u2019un centre d\u2019\u00e9coute pour les personnes LGBTQIA +\u2005\u2013 lesbiennes, gays, bisexuelles, queer, intersexes, asexuelles \u2014, et l\u2019embauche d\u2019un conseiller conjugal masculin, une premi\u00e8re\u2005!<\/p>\n<p>Le bilan est prometteur mais le PFV a encore son lot de d\u00e9fis \u00e0 relever. Une des difficult\u00e9s majeures \u00e9tant la couverture du territoire. Pour y pallier, des t\u00e9l\u00e9consultations sur rendez-vous sont en cours d\u2019exp\u00e9rimentation. L\u2019association doit aussi renforcer son \u00e9quipe de b\u00e9n\u00e9voles pour r\u00e9pondre \u00e0 toutes les sollicitations de pr\u00e9vention.<\/p>\n<p>Le Planning familial varois mise sur une \u00e9quipe interg\u00e9n\u00e9rationnelle, compl\u00e9t\u00e9e par alternants, stagiaires et services civiques, pour p\u00e9renniser son action. Et sur la constance, avec l&rsquo;\u00e9lection, pour un troisi\u00e8me mandat, de Dani\u00e8le Dubois comme pr\u00e9sidente du Conseil d&rsquo;Administration.<\/p>\n","protected":false},"excerpt":{"rendered":"Dans la salle de spectacle du caf\u00e9-th\u00e9\u00e2tre de la Porte d\u2019Italie, une quarantaine d\u2019adh\u00e9rents, majoritairement des femmes, s\u2019est&hellip;\n","protected":false},"author":2,"featured_media":101205,"comment_status":"","ping_status":"","sticky":false,"template":"","format":"standard","meta":{"footnotes":""},"categories":[9619],"tags":[1111,11,1777,674,1011,27,12,882,25,71,801,2310,1631],"class_list":{"0":"post-101204","1":"post","2":"type-post","3":"status-publish","4":"format-standard","5":"has-post-thumbnail","7":"category-toulon","8":"tag-actu","9":"tag-actualites","10":"tag-eu","11":"tag-europe","12":"tag-fr","13":"tag-france","14":"tag-news","15":"tag-provence-alpes-cote-dazur","16":"tag-republique-francaise","17":"tag-sante","18":"tag-social","19":"tag-toulon","20":"tag-vie-associative"},"share_on_mastodon":{"url":"https:\/\/pubeurope.com\/@fr\/114510319149741092","error":""},"_links":{"self":[{"href":"https:\/\/www.europesays.com\/fr\/wp-json\/wp\/v2\/posts\/101204","targetHints":{"allow":["GET"]}}],"collection":[{"href":"https:\/\/www.europesays.com\/fr\/wp-json\/wp\/v2\/posts"}],"about":[{"href":"https:\/\/www.europesays.com\/fr\/wp-json\/wp\/v2\/types\/post"}],"author":[{"embeddable":true,"href":"https:\/\/www.europesays.com\/fr\/wp-json\/wp\/v2\/users\/2"}],"replies":[{"embeddable":true,"href":"https:\/\/www.europesays.com\/fr\/wp-json\/wp\/v2\/comments?post=101204"}],"version-history":[{"count":0,"href":"https:\/\/www.europesays.com\/fr\/wp-json\/wp\/v2\/posts\/101204\/revisions"}],"wp:featuredmedia":[{"embeddable":true,"href":"https:\/\/www.europesays.com\/fr\/wp-json\/wp\/v2\/media\/101205"}],"wp:attachment":[{"href":"https:\/\/www.europesays.com\/fr\/wp-json\/wp\/v2\/media?parent=101204"}],"wp:term":[{"taxonomy":"category","embeddable":true,"href":"https:\/\/www.europesays.com\/fr\/wp-json\/wp\/v2\/categories?post=101204"},{"taxonomy":"post_tag","embeddable":true,"href":"https:\/\/www.europesays.com\/fr\/wp-json\/wp\/v2\/tags?post=101204"}],"curies":[{"name":"wp","href":"https:\/\/api.w.org\/{rel}","templated":true}]}}