{"id":101212,"date":"2025-05-15T06:02:10","date_gmt":"2025-05-15T06:02:10","guid":{"rendered":"https:\/\/www.europesays.com\/fr\/101212\/"},"modified":"2025-05-15T06:02:10","modified_gmt":"2025-05-15T06:02:10","slug":"ils-ne-font-attention-a-rien-ni-personne","status":"publish","type":"post","link":"https:\/\/www.europesays.com\/fr\/101212\/","title":{"rendered":"\u00ab Ils ne font attention \u00e0 rien ni personne ! \u00bb"},"content":{"rendered":"<p>            Par<br \/>\n        <strong><br \/>\n            <a href=\"https:\/\/actu.fr\/auteur\/adrien-filoche\" title=\"Consulter tous les articles de Adrien Filoche\" target=\"_blank\" rel=\"noopener\">Adrien Filoche<\/a><br \/>\n        <\/strong><\/p>\n<p>        Publi\u00e9 le<\/p>\n<p>            15 mai 2025 \u00e0 6h48        <\/p>\n<p><strong>C\u2019est un ras-le-bol g\u00e9n\u00e9ral.<\/strong> Cela fait plusieurs jours que de nombreux habitants de <a href=\"https:\/\/actu.fr\/normandie\/grand-couronne_76319\" target=\"_blank\" rel=\"noopener\">Grand-Couronne (Seine-Maritime)<\/a>, pr\u00e8s de <a href=\"https:\/\/actu.fr\/normandie\/rouen_76540\" target=\"_blank\" rel=\"noopener\">Rouen<\/a>, font face \u00e0 des nuisances incessantes g\u00e9n\u00e9r\u00e9es par des <a href=\"https:\/\/actu.fr\/tag\/rodeos-urbains\" target=\"_blank\" rel=\"noopener\">rod\u00e9os urbains<\/a>. Certes, le ph\u00e9nom\u00e8ne n\u2019est pas nouveau et ne touche pas uniquement cette commune de la m\u00e9tropole. Cependant, pour les habitants, <strong>le vase d\u00e9borde.<\/strong> \u00ab\u2009C\u2019est insupportable\u2009! La rue de Seelze est leur terrain de jeux. C\u2019est \u00e0 celui qui fera le plus de bruit\u2009\u00bb, se d\u00e9sole Marianne. Le ressenti partag\u00e9 par beaucoup est un <strong>sentiment d\u2019abandon.<\/strong><\/p>\n<p>\u00ab\u2009On ne peut plus aller dehors \u00e0 cause du bruit\u2009\u00bb<\/p>\n<p class=\" wall-content\">Caroline, qui habite non loin du city stade des Boutti\u00e8res, est t\u00e9moin du vacarme incessant des deux-roues motoris\u00e9s. \u00ab\u2009Juste derri\u00e8re le city stade, il y a un espace herbeux qui est devenu leur terrain de jeu. Ils s\u2019amusent \u00e0 faire du moto-cross dessus. Ce sont des gamins de 13, 14 ans\u2009\u00bb, explique-t-elle, interrog\u00e9e par 76actu.<\/p>\n<p class=\" wall-content\">Lors de ces rod\u00e9os urbains, \u00ab\u2009on ne peut pas manger dehors ni sortir \u00e0 cause du bruit. En ce moment, c\u2019est tous les soirs jusqu\u2019\u00e0 21h30\u2009\u00bb, raconte-t-elle.<\/p>\n<blockquote class=\"ac-article-quote wall-content\">\n<p>Je n\u2019en peux plus. Je ne tiens plus. C&rsquo;est infernal.<\/p>\n<p>    <strong>Caroline<\/strong><br \/>\n        habitante de Grand-Couronne    <\/p><\/blockquote>\n<p class=\" wall-content\">Face \u00e0 la situation, la Couronnaise a contact\u00e9 Habitat 76, le bailleur pour alerter sur la situation\u2009: \u00ab\u2009Ce terrain leur appartient. On voudrait au moins qu\u2019ils mettent des grosses pierres pour bloquer le terrain.\u2009\u00bb Selon elle, le ph\u00e9nom\u00e8ne de rod\u00e9os urbains est <strong>\u00ab\u2009de pire en pire depuis quelques ann\u00e9es\u2009\u00bb.<\/strong><\/p>\n<p class=\" wall-content\">Camille*, \u00e9galement habitante de Grand-Couronne, est lass\u00e9e. \u00ab\u2009\u00c0 toute heure de la journ\u00e9e ou de la soir\u00e9e et m\u00eame de la nuit, on a int\u00e9r\u00eat \u00e0 faire attention. Ils ne font attention \u00e0 rien ni personne et passent \u00e0 toute vitesse. Ils se permettent de stationner au milieu de la route pour discuter. Si tu as le malheur de klaxonner, tu te fais insulter\u2009\u00bb, souligne-t-elle.<\/p>\n<p class=\" wall-content\">Pour Yoann, qui vit en bas des Boutti\u00e8res au niveau de l\u2019avenue Jean-Jaur\u00e8s, les rod\u00e9os urbains, \u00ab\u2009c\u2019est tout le temps. Ils sont sans casque, ils roulent n\u2019importe comment\u2009\u00bb.<\/p>\n<blockquote class=\"ac-article-quote wall-content\">\n<p>Je suis n\u00e9 \u00e0 Grand-Couronne. Il y a toujours eu des moto-cross quand j\u2019\u00e9tais gamin, mais l\u00e0 c\u2019est de pire. L\u2019\u00e9t\u00e9 on ne peut plus ouvrir les fen\u00eatres. <\/p>\n<p>    <strong>Yohann<\/strong><br \/>\n        habitant de Grand-Couronne    <\/p><\/blockquote>\n<p class=\" wall-content\">\u00ab\u2009Il n\u2019y a pas que les rod\u00e9os, poursuit Yohann. Il y a \u00e9galement les voitures qui br\u00fblent, des feux d\u2019artifice. Il y a manque de respect global.\u2009\u00bb Et d\u2019ajouter\u2009: \u00ab\u2009La police, on les voit tr\u00e8s rarement\u2009\u00bb. Un constat que partagent Caroline et Camille.<\/p>\n<p>Que faire contre les rod\u00e9os urbains\u2009?<\/p>\n<p class=\" wall-content\">Le 6\u00a0mai 2025, dans la soir\u00e9e, deux jeunes hommes de 17 et 19 \u00e0 moto-cross \u00e9taient interpell\u00e9s par la police nationale dans le cadre de la lutte contre les rod\u00e9os urbains. Les deux individus ont \u00e9t\u00e9 ramen\u00e9s \u00e0 l\u2019h\u00f4tel de police et leur v\u00e9hicule a \u00e9t\u00e9 plac\u00e9 \u00e0 la fourri\u00e8re.<\/p>\n<p class=\" wall-content\">Pour Julie Lesage, maire de Grand-Couronne, le ph\u00e9nom\u00e8ne est un probl\u00e8me bien connu par la municipalit\u00e9. \u00ab\u2009<strong>On est conscient de la situation<\/strong> et on comprend le d\u00e9sarroi des habitants\u2009\u00bb, assure l\u2019\u00e9lue.<\/p>\n<p class=\" wall-content\">Concernant les actions mises en place \u00e0 l\u2019\u00e9chelle de la commune, Julie Lesage indique le d\u00e9ploiement de nouvelles cam\u00e9ras de surveillance \u00e0 des points strat\u00e9giques. \u00ab\u2009Il y en a une quarantaine sur la commune, et on va presque doubler.\u2009\u00bb<\/p>\n<p class=\" wall-content\">\u00ab\u2009Les remont\u00e9es des habitants sont tr\u00e8s importantes\u2009\u00bb, poursuit la maire, qui souligne que la municipalit\u00e9 n\u2019est pas inactive pour combattre ces nuisances. \u00ab\u2009<strong>C\u2019est un travail complexe<\/strong>. La police municipale seule ne peut rien faire, c\u2019est pour cela que le partenariat avec la police nationale est important.\u2009\u00bb<\/p>\n<p class=\" wall-content\">L\u2019occasion pour l\u2019\u00e9lue d\u2019insister une fois de plus sur le <a href=\"https:\/\/actu.fr\/normandie\/rouen_76540\/dans-l-agglo-de-rouen-faute-d-effectifs-les-policiers-ne-peuvent-pas-faire-de-patrouille_43110034.html\" target=\"_blank\" rel=\"noopener\">manque d\u2019effectifs de policiers sur le territoire<\/a>, un constat r\u00e9guli\u00e8rement partag\u00e9 par <a href=\"https:\/\/actu.fr\/normandie\/rouen_76540\/braquages-a-la-grand-mare-nicolas-mayer-rossignol-en-remet-une-couche-sur-le-manque-de-policiers_62283018.html\" target=\"_blank\" rel=\"noopener\">les \u00e9lus de la m\u00e9tropole.<\/a><\/p>\n<p class=\" wall-content\">*pr\u00e9nom d\u2019emprunt<\/p>\n<p>Suivez l\u2019actualit\u00e9 de Rouen sur <a href=\"https:\/\/www.whatsapp.com\/channel\/0029VaKfnf99hXF2ddApFB1D\" target=\"_blank\" rel=\"noopener\">notre cha\u00eene WhatsApp<\/a> et sur <a href=\"https:\/\/www.tiktok.com\/@76actu.fr?lang=fr\" target=\"_blank\" rel=\"noopener\">notre compte TikTok<\/a><\/p>\n<p class=\" wall-content\">Suivez toute l\u2019actualit\u00e9 de vos villes et m\u00e9dias favoris en vous inscrivant \u00e0 <a href=\"https:\/\/moncompte.actu.fr\" title=\"D\u00e9couvez Mon Actu\" rel=\"nofollow noopener\" data-trk=\"{&quot;cta&quot;:{&quot;action&quot;:&quot;https:\\\/\\\/moncompte.actu.fr&quot;,&quot;category&quot;:&quot;mon compte&quot;,&quot;from&quot;:&quot;article footer&quot;,&quot;name&quot;:&quot;Mon actu&quot;,&quot;type&quot;:&quot;cta&quot;}}\" target=\"_blank\">Mon Actu<\/a>.<\/p>\n<ul class=\"ac-article-tag wall-content\">\n<li><a href=\"https:\/\/actu.fr\/tag\/insecurite\" data-trk=\"{&quot;cta&quot;:{&quot;action&quot;:&quot;Ins\\u00e9curit\\u00e9&quot;,&quot;category&quot;:&quot;tag&quot;,&quot;from&quot;:&quot;article footer&quot;,&quot;name&quot;:&quot;Ins\\u00e9curit\\u00e9&quot;,&quot;type&quot;:&quot;cta&quot;}}\" target=\"_blank\" rel=\"noopener\">#Ins\u00e9curit\u00e9<\/a><\/li>\n<li><a href=\"https:\/\/actu.fr\/tag\/rodeos-urbains\" data-trk=\"{&quot;cta&quot;:{&quot;action&quot;:&quot;Rod\\u00e9os urbains&quot;,&quot;category&quot;:&quot;tag&quot;,&quot;from&quot;:&quot;article footer&quot;,&quot;name&quot;:&quot;Rod\\u00e9os urbains&quot;,&quot;type&quot;:&quot;cta&quot;}}\" target=\"_blank\" rel=\"noopener\">#Rod\u00e9os urbains<\/a><\/li>\n<\/ul>\n<p>                    <script async src=\"\/\/www.tiktok.com\/embed.js\"><\/script><\/p>\n","protected":false},"excerpt":{"rendered":"Par Adrien Filoche Publi\u00e9 le 15 mai 2025 \u00e0 6h48 C\u2019est un ras-le-bol g\u00e9n\u00e9ral. Cela fait plusieurs jours&hellip;\n","protected":false},"author":2,"featured_media":101213,"comment_status":"","ping_status":"","sticky":false,"template":"","format":"standard","meta":{"footnotes":""},"categories":[9587],"tags":[1111,11,1777,674,1011,27,2825,12,5161,25,5575,9590,104],"class_list":{"0":"post-101212","1":"post","2":"type-post","3":"status-publish","4":"format-standard","5":"has-post-thumbnail","7":"category-rouen","8":"tag-actu","9":"tag-actualites","10":"tag-eu","11":"tag-europe","12":"tag-fr","13":"tag-france","14":"tag-insecurite","15":"tag-news","16":"tag-normandie","17":"tag-republique-francaise","18":"tag-rodeos-urbains","19":"tag-rouen","20":"tag-societe"},"share_on_mastodon":{"url":"https:\/\/pubeurope.com\/@fr\/114510334728574017","error":""},"_links":{"self":[{"href":"https:\/\/www.europesays.com\/fr\/wp-json\/wp\/v2\/posts\/101212","targetHints":{"allow":["GET"]}}],"collection":[{"href":"https:\/\/www.europesays.com\/fr\/wp-json\/wp\/v2\/posts"}],"about":[{"href":"https:\/\/www.europesays.com\/fr\/wp-json\/wp\/v2\/types\/post"}],"author":[{"embeddable":true,"href":"https:\/\/www.europesays.com\/fr\/wp-json\/wp\/v2\/users\/2"}],"replies":[{"embeddable":true,"href":"https:\/\/www.europesays.com\/fr\/wp-json\/wp\/v2\/comments?post=101212"}],"version-history":[{"count":0,"href":"https:\/\/www.europesays.com\/fr\/wp-json\/wp\/v2\/posts\/101212\/revisions"}],"wp:featuredmedia":[{"embeddable":true,"href":"https:\/\/www.europesays.com\/fr\/wp-json\/wp\/v2\/media\/101213"}],"wp:attachment":[{"href":"https:\/\/www.europesays.com\/fr\/wp-json\/wp\/v2\/media?parent=101212"}],"wp:term":[{"taxonomy":"category","embeddable":true,"href":"https:\/\/www.europesays.com\/fr\/wp-json\/wp\/v2\/categories?post=101212"},{"taxonomy":"post_tag","embeddable":true,"href":"https:\/\/www.europesays.com\/fr\/wp-json\/wp\/v2\/tags?post=101212"}],"curies":[{"name":"wp","href":"https:\/\/api.w.org\/{rel}","templated":true}]}}