{"id":101214,"date":"2025-05-15T06:05:17","date_gmt":"2025-05-15T06:05:17","guid":{"rendered":"https:\/\/www.europesays.com\/fr\/101214\/"},"modified":"2025-05-15T06:05:17","modified_gmt":"2025-05-15T06:05:17","slug":"les-collectifs-habitants-commercants-haussent-le-ton-contre-la-municipalite","status":"publish","type":"post","link":"https:\/\/www.europesays.com\/fr\/101214\/","title":{"rendered":"LES COLLECTIFS HABITANTS-COMMERCANTS HAUSSENT LE TON CONTRE LA MUNICIPALIT\u00c9"},"content":{"rendered":"<p>Posted On 15 mai 2025 <\/p>\n<p style=\"text-align: justify;\">Ca commence\u00a0 \u00e0 tanguer s\u00e9rieusement. Mardi, habitants et commer\u00e7ants de plusieurs quartiers se sont r\u00e9unis pour bloquer le tram dans le secteur Berriat et faire entendre leur col\u00e8re.<\/p>\n<p>4 COLLECTIFS HABITANTS-COMMERCANTS JOIGNENT LEURS FORCES<\/p>\n<p style=\"text-align: justify;\">Malgr\u00e9 les ponts de mai,<a target=\"_blank\" href=\"https:\/\/www.grenoblemag.com\/article\/1774\/ne-touchez-plus-a-grenoble-commercants-et-habitants-en-colere-bloquent-le-tramway-30-minutes\" rel=\"noopener\"> pas de r\u00e9pit pour les collectifs d&rsquo;habitants et de commer\u00e7ants<\/a>, exc\u00e9d\u00e9s par des projets impos\u00e9s. Parmi la centaine de manifestants pr\u00e9sents, on retrouvait des repr\u00e9sentants du collectif mobilis\u00e9 contre le projet de suppression du stationnement place de Metz ; de celui qui sollicite un am\u00e9nagement permettant de conserver le double-sens Cours Berriat ; de Notre-Dame \/ Sainte-Claire, o\u00f9 l&rsquo;organisation tue les commerces \u00e0 petit feu ; et des habitants et commer\u00e7ants de l&rsquo;avenue Jeanne d&rsquo;Arc, o\u00f9 les travaux ont commenc\u00e9.\u00a0<\/p>\n<p><a href=\"https:\/\/i2.wp.com\/grenoble-le-changement.fr\/wp-content\/uploads\/2025\/05\/manif-berriat.jpg?ssl=1\" rel=\"lightbox[81949] noopener\" target=\"_blank\"><img loading=\"lazy\" decoding=\"async\" class=\"wp-image-81969 aligncenter jetpack-lazy-image\" src=\"https:\/\/i2.wp.com\/grenoble-le-changement.fr\/wp-content\/uploads\/2025\/05\/manif-berriat.jpg?resize=678%2C509&amp;ssl=1\" alt=\"\" width=\"678\" height=\"509\" data-recalc-dims=\"1\" data-lazy-src=\"https:\/\/www.europesays.com\/fr\/wp-content\/uploads\/2025\/05\/manif-berriat.jpg\" \/><\/a><\/p>\n<p>\u00ab\u00a0NE TOUCHEZ PLUS \u00c0 GRENOBLE\u00a0\u00bb<\/p>\n<p style=\"text-align: justify;\">Chaque collectif d\u00e9fendant un dossier sp\u00e9cifique \u00e0 son quartier, mais tous unis par un mot d&rsquo;ordre commun r\u00e9sum\u00e9 sur une banderole : \u00ab\u00a0ne touchez plus \u00e0 Grenoble\u00a0\u00bb. Un cri du c\u0153ur apr\u00e8s 11 ans de mandat qui auront tant abim\u00e9 la ville, au point que des quartiers tr\u00e8s diff\u00e9rents se coalisent et mettent leurs forces en commun pour tenter de sauver ce qui peut encore l&rsquo;\u00eatre, <a href=\"https:\/\/grenoble-le-changement.fr\/2022\/07\/21\/eric-piolle-veut-tuer-le-cluq\/\" target=\"_blank\" rel=\"noopener\">soutenus par le Comit\u00e9 de Liaison des Unions de Quartiers.<\/a><\/p>\n<p>METZ : LE PROJET MAINTENU EN L&rsquo;\u00c9TAT<\/p>\n<p style=\"text-align: justify;\">Pour chaque secteur, on retrouve le m\u00eame sch\u00e9ma qui se r\u00e9p\u00e8te en boucle.<a href=\"https:\/\/grenoble-le-changement.fr\/2024\/04\/16\/strasbourg-metz-la-fronde-contre-la-mort-du-commerce\/\" target=\"_blank\" rel=\"noopener\"> Place de Metz par exemple<\/a>, la ville maintient son projet de suppression du stationnement et de modification du plan de circulation pour cr\u00e9er un v\u00e9ritable gymkhana pour les arrivants ext\u00e9rieurs. Et ce malgr\u00e9 les demandes de modifications que portent les habitants et commer\u00e7ants, l\u00e9gitimement inquiets pour la vitalit\u00e9 d&rsquo;un quartier unique en son genre \u00e0 Grenoble.\u00a0<\/p>\n<p><a href=\"https:\/\/i0.wp.com\/grenoble-le-changement.fr\/wp-content\/uploads\/2025\/05\/metz-mure-ravaud.jpg?ssl=1\" rel=\"lightbox[81949] noopener\" target=\"_blank\"><img loading=\"lazy\" decoding=\"async\" class=\" wp-image-81973 jetpack-lazy-image\" src=\"https:\/\/i0.wp.com\/grenoble-le-changement.fr\/wp-content\/uploads\/2025\/05\/metz-mure-ravaud.jpg?resize=462%2C616&amp;ssl=1\" alt=\"\" width=\"462\" height=\"616\" data-recalc-dims=\"1\" data-lazy-src=\"https:\/\/www.europesays.com\/fr\/wp-content\/uploads\/2025\/05\/metz-mure-ravaud.jpg\" \/><\/a>La Place de Metz \u00e9tait mobilis\u00e9e (ici avec Bernard Mure-Ravaud)<br \/>\nBERRIAT : GILLES NAMUR (Verts) S&rsquo;ENT\u00caTE<\/p>\n<p style=\"text-align: justify;\">\u00c0 Berriat, alors que l&rsquo;Union de Quartier pr\u00e9sid\u00e9e par Bruno De Lescure porte un projet bien ficel\u00e9 qui permettrait de concilier cr\u00e9ation d&rsquo;une piste cyclable et maintien de la circulation en double-sens, l&rsquo;adjoint aux espaces publics Gilles Namur (Verts)\u00a0<a href=\"https:\/\/grenoble-le-changement.fr\/2024\/07\/22\/berriat-la-municipalite-veut-rendre-irreversible-avant-les-elections\/\" target=\"_blank\" rel=\"noopener\">s&rsquo;ent\u00eate \u00e0 vouloir passer en force par pur dogme anti-automobiles.<\/a>.. alors que l&rsquo;effet serait un report du trafic, et de la pollution, dans les rues o\u00f9 sont install\u00e9s des \u00e9tablissements scolaires !<\/p>\n<p>NOTRE-DAME \/ SAINTE-CLAIRE, BERRIAT : M\u00caME SCH\u00c9MA<\/p>\n<p style=\"text-align: justify;\">M\u00eame refus de la discussion pour le secteur Notre-Dame \/ Sainte-Claire, o\u00f9 la fermeture compl\u00e8te \u00e0 la circulation sans concertation met en danger de nombreux commerces et avec eux la convivialit\u00e9 du secteur. <a href=\"https:\/\/grenoble-le-changement.fr\/2024\/12\/17\/j-n-pusel-a-e-piolle-sur-jeanne-darc-pour-quelles-raisons-un-tel-acharnement\/\" target=\"_blank\" rel=\"noopener\">Et pour l&rsquo;avenue Jeanne d&rsquo;Arc,<\/a> o\u00f9 les travaux ont d\u00e9marr\u00e9 mais ont d\u00e9j\u00e0 pris du retard et o\u00f9 le compte n&rsquo;y est toujours pas sur le nombre de places de stationnement sauvegard\u00e9es. \u00c0 chaque fois, la municipalit\u00e9 y va au forceps et m\u00e9prise les concern\u00e9s.<\/p>\n<p><a href=\"https:\/\/i2.wp.com\/grenoble-le-changement.fr\/wp-content\/uploads\/2025\/05\/pusel-curto-manif-berriat.jpg?ssl=1\" rel=\"lightbox[81949] noopener\" target=\"_blank\"><img loading=\"lazy\" decoding=\"async\" class=\" wp-image-81974 jetpack-lazy-image\" src=\"https:\/\/i2.wp.com\/grenoble-le-changement.fr\/wp-content\/uploads\/2025\/05\/pusel-curto-manif-berriat.jpg?resize=431%2C575&amp;ssl=1\" alt=\"\" width=\"431\" height=\"575\" data-recalc-dims=\"1\" data-lazy-src=\"https:\/\/www.europesays.com\/fr\/wp-content\/uploads\/2025\/05\/pusel-curto-manif-berriat.jpg\" \/><\/a>Jean-No\u00ebl Pusel, pr\u00e9sident de l&rsquo;union de quartier Abbaye-Jouhaux, et Olivier Curto, pr\u00e9sident du collectif de d\u00e9fense des commer\u00e7ants \u00ab\u00a0Touche Pas \u00e0 Mon Commerce\u00a0\u00bb.<br \/>\nLA MUNICIPALIT\u00c9 \u00ab\u00a0D\u00c9PLORE LES REVENDICATIONS\u00a0\u00bb&#8230;<\/p>\n<p style=\"text-align: justify;\">Non pas prendre en consid\u00e9ration la mobilisation qui se poursuit depuis des mois et enfin donner des gages de dialogue, la municipalit\u00e9 fait le choix du durcissement en campant sur ses positions&#8230; et en accusant les collectifs de tous les maux. Ainsi \u00ab\u00a0la municipalit\u00e9 d\u00e9plore des \u00ab\u200arevendications [qui] sont les m\u00eames sur l\u2019ensemble des projets\u200a\u00bb\u00a0\u00bb (<a target=\"_blank\" href=\"https:\/\/c.ledauphine.com\/societe\/2025\/05\/13\/isere-grenoble-berriat-metz-jeanne-d-arc-les-collectifs-de-commercants-et-habitants-bloquent-les-voies-du-tram\" rel=\"noopener\">DL du 13\/05\/25<\/a>) : il conviendrait de s&rsquo;interroger sur pourquoi il y a une fronde globale contre la politique de fermeture de la ville men\u00e9e au bulldozer&#8230;<\/p>\n<p>&#8230; ET ACCUSE L&rsquo;OPPOSITION !<\/p>\n<p style=\"text-align: justify;\">&#8230; mais pour ne pas parler du fond, les Verts\/LFI s&rsquo;attaquent aux messagers. Ainsi ils \u00e9voquent des \u00ab\u00a0propos et visuels potentiellement discriminatoires contre des \u00e9lus\u00a0\u00bb (sans pouvoir en citer aucun, car il s&rsquo;agit de simples caricatures pour d\u00e9noncer l&rsquo;action municipale), et expliquent que ce sont les \u00ab\u00a0agissements largement appuy\u00e9s par l\u2019opposition municipale de droite, \u00e0 dix mois des \u00e9lections\u00a0\u00bb. Comme d&rsquo;habitude, il s&rsquo;agit de diaboliser les manifestants en les associant \u00e0 une opposition politique pour justifier de ne pas les \u00e9couter.<\/p>\n<p>LA MAJORIT\u00c9 MUNICIPALE, T\u00c9TANIS\u00c9E, JOUE LA DIVISION<\/p>\n<p style=\"text-align: justify;\">Namur avait d\u00e9j\u00e0 fait le coup en traitant <a href=\"https:\/\/grenoble-le-changement.fr\/2024\/07\/22\/berriat-la-municipalite-veut-rendre-irreversible-avant-les-elections\/\" target=\"_blank\" rel=\"noopener\">l&rsquo;union de quartier Berriat \u00ab\u00a0d&rsquo;opposant politique\u00a0\u00bb<\/a> (Bruno De Lescure est tr\u00e8s engag\u00e9e \u00e0 l&rsquo;extr\u00eame-gauche et \u00e9tait candidat t\u00eate d&rsquo;une liste aux derni\u00e8res municipales). D\u00e9sormais, la mobilisation citoyenne est associ\u00e9e \u00e0 l&rsquo;opposition d&rsquo;Alain Carignon. Il s&rsquo;agit pour la municipalit\u00e9 d&rsquo;essayer de diviser pour \u00e9teindre toute contestation, car les \u00e9lus de la majorit\u00e9 sont t\u00e9tanis\u00e9s par la coalition des m\u00e9contentements.<\/p>\n<p>\u00ab\u00a0SACCAGEGRENOBLE\u00a0\u00bb R\u00c9POND<\/p>\n<p style=\"text-align: justify;\"><a target=\"_blank\" href=\"https:\/\/www.facebook.com\/groups\/2575824609219389\" rel=\"noopener\">Le groupe Facebook SaccageGrenoble<\/a>, qui fait partie des vis\u00e9s par ces tartuffes, a vertement r\u00e9pondu par la voix d&rsquo;Herv\u00e9, \u00e0 l&rsquo;origine des caricatures qui animent cet espace : \u00ab\u00a0la municipalit\u00e9 veut vous b\u00e2illonner en tentant de nous menacer de poursuites judiciaires.\u00a0Piolle a un double langage: il fait des discours sur la libert\u00e9 d\u2019expression, le bien vivre ensemble, la justice etc, etc&#8230; de l&rsquo;autre cot\u00e9 il veut censurer ou faire taire la col\u00e8re, les souhaits justifi\u00e9s des grenoblois&#8230; En mena\u00e7ant !!\u00a0\u00bb. La menace de proc\u00e9dures-baillons pour tenter d&rsquo;\u00e9teindre la gronde.<\/p>\n<p>LA CONTESTATION GAGNE DE L&rsquo;AMPLEUR<\/p>\n<p style=\"text-align: justify;\">Mais la fronde n&rsquo;est pas pr\u00eat de s&rsquo;arr\u00eater, alors que Michel Voilin, Pr\u00e9sident de l&rsquo;Union de Quartier Championnet-Bonne-Hoche-Condorcet <a target=\"_blank\" href=\"https:\/\/actu.fr\/auvergne-rhone-alpes\/grenoble_38185\/grenoble-en-colere-contre-les-projets-de-la-mairie-des-habitants-bloquent-le-tram_62631156.html\" rel=\"noopener\">a expliqu\u00e9 au site actu.fr<\/a> qu&rsquo;un nouveau collectif d&rsquo;habitants et commer\u00e7ants du quartier Hoche s&rsquo;est joint \u00e0 la mobilisation. Un groupe qui s&rsquo;oppose au projet de densification \/ suppression du stationnement de l&rsquo;esplanade est \u00e9galement en cours de constitution et devrait bient\u00f4t voir le jour.<\/p>\n<p><a href=\"https:\/\/i1.wp.com\/grenoble-le-changement.fr\/wp-content\/uploads\/2025\/05\/hoche-manif-berriat.jpg?ssl=1\" rel=\"lightbox[81949] noopener\" target=\"_blank\"><img loading=\"lazy\" decoding=\"async\" class=\" wp-image-81972 jetpack-lazy-image\" src=\"https:\/\/i1.wp.com\/grenoble-le-changement.fr\/wp-content\/uploads\/2025\/05\/hoche-manif-berriat.jpg?resize=516%2C688&amp;ssl=1\" alt=\"\" width=\"516\" height=\"688\" data-recalc-dims=\"1\" data-lazy-src=\"https:\/\/www.europesays.com\/fr\/wp-content\/uploads\/2025\/05\/hoche-manif-berriat.jpg\" \/><\/a>Les habitants de Hoche mobilis\u00e9s <a href=\"https:\/\/grenoble-le-changement.fr\/2025\/05\/05\/hoche-la-municipalite-veut-supprimer-arbres-stationnement-et-fermer-le-quartier\/\" target=\"_blank\" rel=\"noopener\">contre la fin du stationnement annonc\u00e9e<\/a><br \/>\nLA MOBILISATION SE POURSUIT<\/p>\n<p style=\"text-align: justify;\">La suite s&rsquo;\u00e9crira tr\u00e8s prochainement puisque les collectifs n&rsquo;entendent pas en rester l\u00e0 et pr\u00e9voient d&rsquo;autres actions de protestation pour que leurs demandes soient prises en compte par la ville et la m\u00e9tropole. Une mobilisation qui place \u00ab\u00a0de plus en plus la majorit\u00e9 sortante sur la d\u00e9fensive dans une p\u00e9riode pr\u00e9-\u00e9lectorale\u00a0\u00bb, <a target=\"_blank\" href=\"https:\/\/www.grenoblemag.com\/article\/1774\/ne-touchez-plus-a-grenoble-commercants-et-habitants-en-colere-bloquent-le-tramway-30-minutes\" rel=\"noopener\">estime le site d&rsquo;informations Grenoble Mag<\/a>. L&rsquo;\u00e9quipe de \u00ab\u00a0Grenoble, le changement\u00a0\u00bb appelle tous les Grenoblois qui le peuvent \u00e0 se joindre \u00e0 ces collectifs pour manifester leur volont\u00e9 de tourner la page Piolle. La mobilisation de chacun comptera.<\/p>\n","protected":false},"excerpt":{"rendered":"Posted On 15 mai 2025 Ca commence\u00a0 \u00e0 tanguer s\u00e9rieusement. Mardi, habitants et commer\u00e7ants de plusieurs quartiers se&hellip;\n","protected":false},"author":2,"featured_media":101215,"comment_status":"","ping_status":"","sticky":false,"template":"","format":"standard","meta":{"footnotes":""},"categories":[9566],"tags":[1111,11,9601,2430,21690,12462,9607,1777,674,1011,27,10230,2731,12464,12466,12,12468,25],"class_list":{"0":"post-101214","1":"post","2":"type-post","3":"status-publish","4":"format-standard","5":"has-post-thumbnail","7":"category-grenoble","8":"tag-actu","9":"tag-actualites","10":"tag-alain-carignon","11":"tag-auvergne-rhone-alpes","12":"tag-bernard-mure-ravaud","13":"tag-bruno-de-lescure","14":"tag-eric-piolle","15":"tag-eu","16":"tag-europe","17":"tag-fr","18":"tag-france","19":"tag-gilles-namur","20":"tag-grenoble","21":"tag-jean-noel-pusel","22":"tag-michel-voilin","23":"tag-news","24":"tag-olivier-curto","25":"tag-republique-francaise"},"share_on_mastodon":{"url":"https:\/\/pubeurope.com\/@fr\/114510346728865447","error":""},"_links":{"self":[{"href":"https:\/\/www.europesays.com\/fr\/wp-json\/wp\/v2\/posts\/101214","targetHints":{"allow":["GET"]}}],"collection":[{"href":"https:\/\/www.europesays.com\/fr\/wp-json\/wp\/v2\/posts"}],"about":[{"href":"https:\/\/www.europesays.com\/fr\/wp-json\/wp\/v2\/types\/post"}],"author":[{"embeddable":true,"href":"https:\/\/www.europesays.com\/fr\/wp-json\/wp\/v2\/users\/2"}],"replies":[{"embeddable":true,"href":"https:\/\/www.europesays.com\/fr\/wp-json\/wp\/v2\/comments?post=101214"}],"version-history":[{"count":0,"href":"https:\/\/www.europesays.com\/fr\/wp-json\/wp\/v2\/posts\/101214\/revisions"}],"wp:featuredmedia":[{"embeddable":true,"href":"https:\/\/www.europesays.com\/fr\/wp-json\/wp\/v2\/media\/101215"}],"wp:attachment":[{"href":"https:\/\/www.europesays.com\/fr\/wp-json\/wp\/v2\/media?parent=101214"}],"wp:term":[{"taxonomy":"category","embeddable":true,"href":"https:\/\/www.europesays.com\/fr\/wp-json\/wp\/v2\/categories?post=101214"},{"taxonomy":"post_tag","embeddable":true,"href":"https:\/\/www.europesays.com\/fr\/wp-json\/wp\/v2\/tags?post=101214"}],"curies":[{"name":"wp","href":"https:\/\/api.w.org\/{rel}","templated":true}]}}