{"id":101218,"date":"2025-05-15T06:07:11","date_gmt":"2025-05-15T06:07:11","guid":{"rendered":"https:\/\/www.europesays.com\/fr\/101218\/"},"modified":"2025-05-15T06:07:11","modified_gmt":"2025-05-15T06:07:11","slug":"des-spectacles-de-cirque-gratuits-dans-deux-communes","status":"publish","type":"post","link":"https:\/\/www.europesays.com\/fr\/101218\/","title":{"rendered":"des spectacles de cirque gratuits dans deux communes"},"content":{"rendered":"<p>            Par<br \/>\n        <strong><br \/>\n            <a href=\"https:\/\/actu.fr\/auteur\/redaction-jv\" title=\"Consulter tous les articles de R\u00e9daction Vitr\u00e9\" target=\"_blank\" rel=\"noopener\">R\u00e9daction Vitr\u00e9<\/a><br \/>\n        <\/strong><\/p>\n<p>        Publi\u00e9 le<\/p>\n<p>            15 mai 2025 \u00e0 7h10        <\/p>\n<p><b>Le cirque contemporain<\/b> s\u2019invite tous les ans le territoire du <b>Pays de Ch\u00e2teaugiron communaut\u00e9<\/b> (Ille-et-Vilaine), soit dans le cadre du Printemps du cirque comme cette ann\u00e9e, soit pour le festival Cirque ou Presque dont la prochaine \u00e9dition aura lieu du 22 au 24\u00a0mai 2026 <b>au Ch\u00e2teau des P\u00e8res<\/b>.<\/p>\n<p class=\" wall-content\">Le Printemps du cirque, c\u2019est la volont\u00e9 de s\u2019adresser au plus grand nombre gr\u00e2ce \u00e0 des propositions de qualit\u00e9, gratuites et tout public.<\/p>\n<p>\u00ab\u2009Au plus pr\u00e8s des habitants\u2009\u00bb<\/p>\n<p class=\" wall-content\">\u00ab\u2009C\u2019est \u00e9galement la volont\u00e9 d\u2019apporter une offre culturelle au plus pr\u00e8s des habitants du territoire\u2009\u00bb, explique <b>Claude Goupil<\/b>, responsable culture au Pays de Ch\u00e2teaugiron communaut\u00e9.<\/p>\n<p class=\" wall-content\">\u00ab\u2009En ce sens, la collaboration avec les communes est essentielle. Les associations du territoire sont aux c\u00f4t\u00e9s du Printemps du cirque pour rendre ce rendez-vous encore plus convivial. On retrouvera ainsi, sur chaque site, des espaces o\u00f9 consommer boissons fra\u00eeches et gourmandises avec <b>l\u2019association Cirkoloco <\/b>\u00e0 l\u2019espace buvette \u00e0 Noyal-sur-Vilaine et <b>Celtycrep<\/b>, le caf\u00e9 associatif de Domloup, sur un stand boissons et mets sucr\u00e9s.\u00a0\u00bb<\/p>\n<blockquote class=\"ac-article-quote wall-content\">\n<p>Rouage essentiel au bon d\u00e9roulement du Printemps du cirque, une dizaine de b\u00e9n\u00e9voles s\u2019activent aupr\u00e8s du public pour le renseigner et l\u2019accueillir au mieux lors des spectacles, mais aussi aupr\u00e8s des artistes, veillant \u00e0 ce qu\u2019ils ne manquent de rien.<\/p>\n<p>Claude Goupil, responsable culture au Pays de Ch\u00e2teaugiron communaut\u00e9<\/p><\/blockquote>\n<p>Vid\u00e9os : en ce moment sur ActuOuvert aux personnes en situation de handicap<\/p>\n<p class=\" wall-content\">Attentif \u00e0 l\u2019accessibilit\u00e9 <b>des personnes en situation de handicap<\/b>, le Pays de Ch\u00e2teaugiron communaut\u00e9 invite toutes les personnes concern\u00e9es \u00e0 l\u2019informer au pr\u00e9alable de leur venue afin de faciliter leur acc\u00e8s aux spectacles.<\/p>\n<p>Au programme<\/p>\n<p class=\" wall-content\"><b>Dimanche 18\u00a0mai\u2009:<\/b> Noyal-sur-Vilaine, parc du Ch\u00eane Joli\u2009: Cie Tadour, 14\u2009h et 17\u2009h\u200955 (dur\u00e9e\u2009: 1\u2009h). Fanfare Ola\u00eftan, 15\u2009h\u200915 et 17\u2009h (dur\u00e9e\u2009: 40 min). Cie Le long raccourci, Don\u2019t worry, 16\u2009h\u200910 (dur\u00e9e\u2009: 35 min).<\/p>\n<p class=\" wall-content\"><b>Dimanche 15\u00a0juin\u2009:<\/b> Domloup, place de la mairie\u2009: B-Side Company, Les Oubli\u00e9es, 14\u2009h et 18\u2009h\u200915 (dur\u00e9e\u2009: 50 min). Le collectif du plateau Or l\u00e0\u2009!, 15\u2009h\u200910 et 17\u2009h\u200925 (dur\u00e9e\u2009: 40 min), One Rusty Band One more dance, 16\u2009h (dur\u00e9e\u2009: 1\u2009h\u200920).<\/p>\n<p>Pratique\u2009: renseignements \u00e0 l\u2019Office de tourisme du Pays de Ch\u00e2teaugiron. 02\u200999\u200937\u200989\u200902 ou <a href=\"https:\/\/actu.fr\/cdn-cgi\/l\/email-protection\" class=\"__cf_email__\" data-cfemail=\"640b02020d07014a100b11160d170901241407074a061e0c\" target=\"_blank\" rel=\"noopener\">[email\u00a0protected]<\/a> www.cirqueoupresque.bzh<\/p>\n<p class=\" wall-content\">Suivez toute l\u2019actualit\u00e9 de vos villes et m\u00e9dias favoris en vous inscrivant \u00e0 <a href=\"https:\/\/moncompte.actu.fr\" title=\"D\u00e9couvez Mon Actu\" rel=\"nofollow noopener\" data-trk=\"{&quot;cta&quot;:{&quot;action&quot;:&quot;https:\\\/\\\/moncompte.actu.fr&quot;,&quot;category&quot;:&quot;mon compte&quot;,&quot;from&quot;:&quot;article footer&quot;,&quot;name&quot;:&quot;Mon actu&quot;,&quot;type&quot;:&quot;cta&quot;}}\" target=\"_blank\">Mon Actu<\/a>.<\/p>\n","protected":false},"excerpt":{"rendered":"Par R\u00e9daction Vitr\u00e9 Publi\u00e9 le 15 mai 2025 \u00e0 7h10 Le cirque contemporain s\u2019invite tous les ans le&hellip;\n","protected":false},"author":2,"featured_media":101219,"comment_status":"","ping_status":"","sticky":false,"template":"","format":"standard","meta":{"footnotes":""},"categories":[2821],"tags":[1111,11,1063,829,5398,1777,674,1011,27,12,584,25,104],"class_list":{"0":"post-101218","1":"post","2":"type-post","3":"status-publish","4":"format-standard","5":"has-post-thumbnail","7":"category-rennes","8":"tag-actu","9":"tag-actualites","10":"tag-animations","11":"tag-bretagne","12":"tag-cirque","13":"tag-eu","14":"tag-europe","15":"tag-fr","16":"tag-france","17":"tag-news","18":"tag-rennes","19":"tag-republique-francaise","20":"tag-societe"},"share_on_mastodon":{"url":"https:\/\/pubeurope.com\/@fr\/114510354417968246","error":""},"_links":{"self":[{"href":"https:\/\/www.europesays.com\/fr\/wp-json\/wp\/v2\/posts\/101218","targetHints":{"allow":["GET"]}}],"collection":[{"href":"https:\/\/www.europesays.com\/fr\/wp-json\/wp\/v2\/posts"}],"about":[{"href":"https:\/\/www.europesays.com\/fr\/wp-json\/wp\/v2\/types\/post"}],"author":[{"embeddable":true,"href":"https:\/\/www.europesays.com\/fr\/wp-json\/wp\/v2\/users\/2"}],"replies":[{"embeddable":true,"href":"https:\/\/www.europesays.com\/fr\/wp-json\/wp\/v2\/comments?post=101218"}],"version-history":[{"count":0,"href":"https:\/\/www.europesays.com\/fr\/wp-json\/wp\/v2\/posts\/101218\/revisions"}],"wp:featuredmedia":[{"embeddable":true,"href":"https:\/\/www.europesays.com\/fr\/wp-json\/wp\/v2\/media\/101219"}],"wp:attachment":[{"href":"https:\/\/www.europesays.com\/fr\/wp-json\/wp\/v2\/media?parent=101218"}],"wp:term":[{"taxonomy":"category","embeddable":true,"href":"https:\/\/www.europesays.com\/fr\/wp-json\/wp\/v2\/categories?post=101218"},{"taxonomy":"post_tag","embeddable":true,"href":"https:\/\/www.europesays.com\/fr\/wp-json\/wp\/v2\/tags?post=101218"}],"curies":[{"name":"wp","href":"https:\/\/api.w.org\/{rel}","templated":true}]}}