{"id":101222,"date":"2025-05-15T06:09:08","date_gmt":"2025-05-15T06:09:08","guid":{"rendered":"https:\/\/www.europesays.com\/fr\/101222\/"},"modified":"2025-05-15T06:09:08","modified_gmt":"2025-05-15T06:09:08","slug":"strasbourg-la-chanteuse-jenifer-proposera-a-ses-fans-un-concert-sur-mesure-la-semaine-prochaine","status":"publish","type":"post","link":"https:\/\/www.europesays.com\/fr\/101222\/","title":{"rendered":"Strasbourg. La chanteuse Jenifer proposera \u00e0 ses fans un concert sur mesure la semaine prochaine"},"content":{"rendered":"<p>            Par<br \/>\n        <strong><br \/>\n            <a href=\"https:\/\/actu.fr\/auteur\/margot-fournie\" title=\"Consulter tous les articles de Margot Fournie\" target=\"_blank\" rel=\"noopener\">Margot Fournie<\/a><br \/>\n        <\/strong><\/p>\n<p>        Publi\u00e9 le<\/p>\n<p>            15 mai 2025 \u00e0 7h02        <\/p>\n<p>Au cours de sa nouvelle tourn\u00e9e, la chanteuse <a href=\"https:\/\/actu.fr\/tag\/jenifer\" target=\"_blank\" rel=\"noopener\">Jenifer<\/a> va proposer un concert d\u2019un genre innovant, mardi 20 mai, au palais des congr\u00e8s de Strasbourg (Bas-Rhin).<\/p>\n<p class=\" wall-content\">On vous explique.<\/p>\n<p>Les spectateurs peuvent choisir les chansons<\/p>\n<p class=\" wall-content\">Mardi soir, les spectateurs pourront assister \u00e0 un \u00ab\u2009concert juke-box\u2009\u00bb, <strong>sur mesure<\/strong>.<\/p>\n<p class=\" wall-content\"><a href=\"https:\/\/www.instagram.com\/p\/C7g9KTQobBg\/embed\" title=\"Ouvrir le lien sur Instagram\" target=\"_blank\" rel=\"noopener\">Visualiser le contenu sur Instagram<\/a><\/p>\n<p class=\" wall-content\">Le <strong>principe est simple<\/strong>. D\u00e8s leur arriv\u00e9e dans la salle, les spectateurs peuvent utiliser leur t\u00e9l\u00e9phone pour scanner le<strong> QR code du Jukebox Tour<\/strong> et composez <strong>une playlist<\/strong> en s\u00e9lectionnant les chansons de Jenifer propos\u00e9es.<\/p>\n<p class=\" wall-content\">\u00c0 quelques minutes de son entr\u00e9e sur sc\u00e8ne, l\u2019ancienne gagnante de la <a href=\"https:\/\/actu.fr\/tag\/star-academy\" target=\"_blank\" rel=\"noopener\">Star Academy<\/a> d\u00e9couvrira le choix des spectateurs. Et c\u2019est parti pour le show.<\/p>\n<p>Vid\u00e9os : en ce moment sur Actu<\/p>\n<p class=\" wall-content\">Suivez toute l\u2019actualit\u00e9 de vos villes et m\u00e9dias favoris en vous inscrivant \u00e0 <a href=\"https:\/\/moncompte.actu.fr\" title=\"D\u00e9couvez Mon Actu\" rel=\"nofollow noopener\" data-trk=\"{&quot;cta&quot;:{&quot;action&quot;:&quot;https:\\\/\\\/moncompte.actu.fr&quot;,&quot;category&quot;:&quot;mon compte&quot;,&quot;from&quot;:&quot;article footer&quot;,&quot;name&quot;:&quot;Mon actu&quot;,&quot;type&quot;:&quot;cta&quot;}}\" target=\"_blank\">Mon Actu<\/a>.<\/p>\n<p>                    <script async src=\"\/\/www.instagram.com\/embed.js\"><\/script><\/p>\n","protected":false},"excerpt":{"rendered":"Par Margot Fournie Publi\u00e9 le 15 mai 2025 \u00e0 7h02 Au cours de sa nouvelle tourn\u00e9e, la chanteuse&hellip;\n","protected":false},"author":2,"featured_media":101223,"comment_status":"","ping_status":"","sticky":false,"template":"","format":"standard","meta":{"footnotes":""},"categories":[2820],"tags":[1111,11,1697,1777,674,1011,27,775,3284,1652,12,25,640],"class_list":{"0":"post-101222","1":"post","2":"type-post","3":"status-publish","4":"format-standard","5":"has-post-thumbnail","7":"category-strasbourg","8":"tag-actu","9":"tag-actualites","10":"tag-concert","11":"tag-eu","12":"tag-europe","13":"tag-fr","14":"tag-france","15":"tag-grand-est","16":"tag-jenifer","17":"tag-loisirs-culture","18":"tag-news","19":"tag-republique-francaise","20":"tag-strasbourg"},"share_on_mastodon":{"url":"https:\/\/pubeurope.com\/@fr\/114510362990903319","error":""},"_links":{"self":[{"href":"https:\/\/www.europesays.com\/fr\/wp-json\/wp\/v2\/posts\/101222","targetHints":{"allow":["GET"]}}],"collection":[{"href":"https:\/\/www.europesays.com\/fr\/wp-json\/wp\/v2\/posts"}],"about":[{"href":"https:\/\/www.europesays.com\/fr\/wp-json\/wp\/v2\/types\/post"}],"author":[{"embeddable":true,"href":"https:\/\/www.europesays.com\/fr\/wp-json\/wp\/v2\/users\/2"}],"replies":[{"embeddable":true,"href":"https:\/\/www.europesays.com\/fr\/wp-json\/wp\/v2\/comments?post=101222"}],"version-history":[{"count":0,"href":"https:\/\/www.europesays.com\/fr\/wp-json\/wp\/v2\/posts\/101222\/revisions"}],"wp:featuredmedia":[{"embeddable":true,"href":"https:\/\/www.europesays.com\/fr\/wp-json\/wp\/v2\/media\/101223"}],"wp:attachment":[{"href":"https:\/\/www.europesays.com\/fr\/wp-json\/wp\/v2\/media?parent=101222"}],"wp:term":[{"taxonomy":"category","embeddable":true,"href":"https:\/\/www.europesays.com\/fr\/wp-json\/wp\/v2\/categories?post=101222"},{"taxonomy":"post_tag","embeddable":true,"href":"https:\/\/www.europesays.com\/fr\/wp-json\/wp\/v2\/tags?post=101222"}],"curies":[{"name":"wp","href":"https:\/\/api.w.org\/{rel}","templated":true}]}}