{"id":101224,"date":"2025-05-15T06:10:30","date_gmt":"2025-05-15T06:10:30","guid":{"rendered":"https:\/\/www.europesays.com\/fr\/101224\/"},"modified":"2025-05-15T06:10:30","modified_gmt":"2025-05-15T06:10:30","slug":"les-musees-et-sorties-culturelles-preferes-des-enfants","status":"publish","type":"post","link":"https:\/\/www.europesays.com\/fr\/101224\/","title":{"rendered":"les mus\u00e9es et sorties culturelles pr\u00e9f\u00e9r\u00e9s des enfants"},"content":{"rendered":"<p class=\"editor-content__paragraph\">Partagez des moments inoubliables <strong>en famille \u00e0 Strasbourg<\/strong>\u00a0! Que vous soyez strasbourgeois ou de passage, laissez-vous guider par <strong>notre s\u00e9lection de lieux<\/strong> test\u00e9s et approuv\u00e9s, o\u00f9 l\u2019on apprend et on s\u2019amuse. Exp\u00e9riences scientifiques interactives, ateliers cr\u00e9atifs, expositions ludiques ou d\u00e9couvertes de l\u2019histoire locale\u2026\u00a0: il y en a <strong>pour tous les go\u00fbts et tous les \u00e2ges<\/strong>.<\/p>\n<p class=\"editor-content__paragraph\">Zappez les sorties gnangnan\u00a0! Du <strong>Vaisseau<\/strong>, v\u00e9ritable paradis pour scientifiques en herbe, au <strong>MAMCS<\/strong> avec ses \u0153uvres d\u2019art contemporain, en passant par le myst\u00e9rieux <strong>ch\u00e2teau Vodou<\/strong> ou le jeune <strong>Plan\u00e9tarium<\/strong>, Strasbourg invite les familles \u00e0 vivre la culture autrement. On vous donne aussi quelques adresses o\u00f9 les becs sucr\u00e9s pourront se r\u00e9galer. Pr\u00eats \u00e0 embarquer\u00a0? Le voyage dans l\u2019est commence ici.<\/p>\n<p>1. Le Vaisseau\u00a0: pour d\u00e9couvrir les sciences en famille<\/p>\n<p>    <img loading=\"lazy\" decoding=\"async\" class=\"image__img\" src=\"https:\/\/www.europesays.com\/fr\/wp-content\/uploads\/2025\/05\/web20230203_la-fabrique_vso_alexandre_schlub-5-964x633.jpg\" alt=\"La science ludique au Vaisseau \u00e0 Strasbourg\" width=\"964\" height=\"633\"\/><\/p>\n<p>La science ludique au Vaisseau \u00e0 Strasbourg<\/p>\n<p>    i<\/p>\n<p class=\"legende__cartel\">\u00a9 Alexandre Schlub Collectivit\u00e9 europ\u00e9enne d\u2019Alsace Le Vaisseau<\/p>\n<p class=\"editor-content__paragraph\">Paris a sa Cit\u00e9 des sciences et de l\u2019industrie, Strasbourg rayonne gr\u00e2ce \u00e0 son Vaisseau\u00a0! Mis sur orbite il y a 20\u00a0ans, ce <strong>centre de culture scientifique<\/strong> dans le <strong>quartier de Neudorf<\/strong> a fait son bonhomme de chemin aupr\u00e8s de g\u00e9n\u00e9rations d\u2019enfants <strong>de 3 \u00e0 12\u00a0ans<\/strong>. La mission \u2013 apprendre tout en s\u2019amusant \u2013 est joliment accomplie gr\u00e2ce \u00e0 une multitude d\u2019<strong>espaces d\u2019exposition<\/strong> permanente ou temporaire, des <strong>ateliers<\/strong> r\u00e9guli\u00e8rement propos\u00e9s, un<strong> cin\u00e9ma<\/strong> avec des films 3D qui abordent des sujets scientifiques vari\u00e9s\u00a0: le corps humain, la nature, le recyclage \u2026 Tout passant mieux par l\u2019exp\u00e9rience, on construit \u00e0 l\u2019<strong>espace \u00ab\u00a0Chantier\u00a0\u00bb<\/strong>, et on se mouille les manches en jouant les \u00e9clusiers dans <strong>\u00ab\u00a0l\u2019Oasis\u00a0\u00bb<\/strong> d\u00e9di\u00e9e aux propri\u00e9t\u00e9s de l\u2019eau. Mention sp\u00e9ciale pour son <strong>jardin de 5\u00a0000\u00a0m2<\/strong> o\u00f9 l\u2019on peut se d\u00e9tendre ou pique-niquer, avant de profiter du bac \u00e0 sable et de jeux sonores. Si on est strasbourgeois, on n\u2019h\u00e9site pas \u00e0 r\u00e9server pour y f\u00eater son anniversaire avec les copains\u00a0!<\/p>\n<p>  Arrow<\/p>\n<p>Le Vaisseau &#8211; Strasbourg<\/p>\n<p class=\"annexe-content__infos\">1 Bis Rue Philippe Dollinger \u2022 67100 Strasbourg<br \/><a href=\"https:\/\/www.levaisseau.com\/\" rel=\"nofollow noopener\" target=\"_blank\">www.levaisseau.com<\/a><\/p>\n<p>2. Le MAMCS\u00a0: l\u2019art contemporain pour tous\u00a0!<\/p>\n<p>    <img loading=\"lazy\" decoding=\"async\" class=\"image__img\" src=\"https:\/\/www.europesays.com\/fr\/wp-content\/uploads\/2025\/05\/webwurm-964x1213.jpg\" alt=\"Erwin Wurm, One minute sculpture, performance pour l\u2019exposition Mode d\u2019emploi\" width=\"964\" height=\"1213\"\/><\/p>\n<p>Erwin Wurm, One minute sculpture, performance pour l\u2019exposition Mode d\u2019emploi, 2002 (cr\u00e9ation), 2024 (performance)<\/p>\n<p>    i<\/p>\n<p class=\"legende__cartel\">\u0152uvre \u00e0 protocole, technique mixte \u2022 Coll. Mus\u00e9e d\u2019art contemporain de Marseille \u2022 \u00a9 M. Bertola, Mus\u00e9es de la Ville de Strasbourg \u00a9 ADAGP, Paris 2024<\/p>\n<p class=\"editor-content__paragraph\">Librement ou le temps d\u2019un<strong> atelier<\/strong> (d\u00e8s 4\u00a0ans), et ce \u00e0 tout \u00e2ge, on se plaira \u00e0 d\u00e9couvrir l\u2019incontournable <strong>mus\u00e9e d\u2019Art moderne et contemporain de Strasbourg<\/strong> (MAMCS). Entrez les yeux grands ouverts dans cet immense b\u00e2timent qui se dresse au bord de l\u2019Ill depuis 1998. Avec des \u0153uvres allant de 1870 \u00e0 nos jours, d\u00e9ploy\u00e9es sur 5\u00a0000\u00a0m\u00b2, la collection du MAMCS compte parmi les plus importantes en France, et <strong>convoque de grands artistes<\/strong> tels que <a href=\"https:\/\/www.beauxarts.com\/grand-format\/claude-monet-en-2-minutes\/\" target=\"_blank\" rel=\"noopener nofollow\">Claude Monet<\/a>, <a href=\"https:\/\/www.beauxarts.com\/grand-format\/pablo-picasso-en-3-minutes\/\" target=\"_blank\" rel=\"noopener nofollow\">Pablo Picasso<\/a> et de fameux Strasbourgeois\u00a0: <a href=\"https:\/\/www.beauxarts.com\/grand-format\/gustave-dore-en-2-minutes\/\" target=\"_blank\" rel=\"noopener nofollow\">Gustave Dor\u00e9<\/a>, <a href=\"https:\/\/www.beauxarts.com\/grand-format\/jean-arp-en-2-minutes\/\" target=\"_blank\" rel=\"noopener nofollow\">Jean Arp<\/a> ou encore Marcelle Cahn, l\u2019une des grandes repr\u00e9sentantes de l\u2019abstraction. On traverse donc ici l\u2019<a href=\"https:\/\/www.beauxarts.com\/grand-format\/limpressionnisme-en-3-minutes\/\" target=\"_blank\" rel=\"noopener nofollow\">impressionnisme<\/a>, l\u2019<a href=\"https:\/\/www.beauxarts.com\/grand-format\/lexpressionnisme-en-2-minutes\/\" target=\"_blank\" rel=\"noopener nofollow\">expressionnisme<\/a>, le <a href=\"https:\/\/www.beauxarts.com\/grand-format\/le-bauhaus-en-3-minutes\/\" target=\"_blank\" rel=\"noopener nofollow\">Bauhaus<\/a>, le <a href=\"https:\/\/www.beauxarts.com\/grand-format\/le-cubisme-en-3-minutes\/\" target=\"_blank\" rel=\"noopener nofollow\">cubisme<\/a>, le <a href=\"https:\/\/www.beauxarts.com\/grand-format\/le-futurisme-en-2-minutes\/\" target=\"_blank\" rel=\"noopener nofollow\">futurisme<\/a>, avant d\u2019admirer quatre salles enti\u00e8rement <strong>d\u00e9di\u00e9es \u00e0 la cr\u00e9ation contemporaine<\/strong>. Giulietta, l\u2019Alfa Romeo accident\u00e9e de Bertrand Lavier suscitera forc\u00e9ment quelques questions\u00a0!<\/p>\n<p>Du 27 septembre 2024 au 1 juin 2025<\/p>\n<p class=\"url-expo\"><a href=\"https:\/\/www.musees.strasbourg.eu\/mode-d-emploi\" rel=\"nofollow noopener\" target=\"_blank\">www.musees.strasbourg.eu<\/a><\/p>\n<p class=\"annexe-content__infos\">Mus\u00e9e d&rsquo;Art moderne et contemporain \u2022 Place Hans-Jean-Arp \u2022 67000 Strasbourg<br \/><a href=\"https:\/\/www.musees.strasbourg.eu\/musee-d-art-moderne-et-contemporain\" rel=\"nofollow noopener\" target=\"_blank\">www.musees.strasbourg.eu<\/a><\/p>\n<p>3. Le ch\u00e2teau-mus\u00e9e Vodou\u00a0: le repaire f\u00e9tiche<\/p>\n<p>    <img loading=\"lazy\" decoding=\"async\" class=\"image__img\" src=\"https:\/\/www.europesays.com\/fr\/wp-content\/uploads\/2025\/05\/webcoll.-permanente-1--m.-wittmer-964x643.jpg\" alt=\"Collection du Ch\u00e2teau-Mus\u00e9e Vodou\" width=\"964\" height=\"643\"\/><\/p>\n<p>Collection du Ch\u00e2teau-Mus\u00e9e Vodou<\/p>\n<p>    i<\/p>\n<p class=\"editor-content__paragraph\">Ensorcelant\u00a0! On ne le soup\u00e7onne gu\u00e8re mais c\u2019est dans un <strong>ancien ch\u00e2teau d\u2019eau<\/strong> strasbourgeois de la fin du XIXe si\u00e8cle que l\u2019on trouve une collection unique au monde (celle de Marc et Marie-Luce Arbogast) de <strong>plus de 1\u00a0000\u00a0pi\u00e8ces (objets rituels, amulettes\u2026) vodou ouest-africains<\/strong>. Si vous \u00eates curieux, optez pour une <strong>visite guid\u00e9e<\/strong> en famille qui vous initie \u00e0 cet univers mystique, ponctu\u00e9 de rites, de c\u00e9r\u00e9monies et de pratiques, appelant des <strong>centaines de divinit\u00e9s<\/strong>, d\u2019H\u00e8viosso (divinit\u00e9 de la foudre) \u00e0 Mami Wata (d\u00e9esse de l\u2019oc\u00e9an) en passant par Aguin (g\u00e9nie de la brousse), interc\u00e9dant entre le monde visible et invisible. Pas de crainte\u00a0: dans ce lieu g\u00e9r\u00e9 par l\u2019association des Amis du Mus\u00e9e Vodou, on communique avec les forces surnaturelles <strong>d\u00e8s 4\u00a0ans<\/strong>, livret d\u2019activit\u00e9 inclus dans le tarif d\u2019entr\u00e9e.<\/p>\n<p class=\"annexe-content__infos\">4 Rue de Koenigshoffen \u2022 67000 Strasbourg<br \/><a href=\"https:\/\/www.chateau-vodou.com\/\" rel=\"nofollow noopener\" target=\"_blank\">www.chateau-vodou.com<\/a><\/p>\n<p>4. Le Plan\u00e9tarium\u00a0: la t\u00eate dans les \u00e9toiles<\/p>\n<p>    <img loading=\"lazy\" decoding=\"async\" class=\"image__img\" src=\"https:\/\/www.europesays.com\/fr\/wp-content\/uploads\/2025\/05\/webcredit-photo_tmtphotos-964x643.jpg\" alt=\"Le Plan\u00e9tarium du Jardin des sciences \u00e0 Strasbourg\" width=\"964\" height=\"643\"\/><\/p>\n<p>Le Plan\u00e9tarium du Jardin des sciences \u00e0 Strasbourg<\/p>\n<p>    i<\/p>\n<p class=\"editor-content__paragraph\">\u00c9vadez-vous en mettant le cap sur l\u2019<strong>Universit\u00e9 de Strasbourg<\/strong>\u00a0! Inaugur\u00e9 en 2023\u00a0au c\u0153ur du <strong>Jardin des sciences<\/strong> \u2013 lequel abrite aussi les mus\u00e9es de sismologie, min\u00e9ralogie et les collections de pal\u00e9ontologie de l\u2019Universit\u00e9 \u2013, le Plan\u00e9tarium est un <strong>centre de d\u00e9couverte de l\u2019astronomie<\/strong>, ouvert \u00e0 tous les publics, qui place l\u2019\u00e9merveillement au firmament tout en vous cultivant. Guettez la programmation (r\u00e9guli\u00e8rement renouvel\u00e9e) pour profiter, confortablement install\u00e9s sous <strong>un d\u00f4me h\u00e9misph\u00e9rique de quinze m\u00e8tres de diam\u00e8tre<\/strong>, de projections de films <strong>\u00e0 360\u00b0<\/strong> ou de spectacles, suivis de s\u00e9ances p\u00e9dagogiques. Plong\u00e9s dans un ciel nocturne \u00e9toil\u00e9, on observe les constellations, les plan\u00e8tes et d\u2019autres ph\u00e9nom\u00e8nes c\u00e9lestes. De quoi faire de beaux r\u00eaves le soir venu\u00a0!<\/p>\n<p>  Arrow<\/p>\n<p>Le Plan\u00e9tarium du Jardin des sciences &#8211; Strasbourg<\/p>\n<p class=\"annexe-content__infos\">27 Boulevard de la Victoire \u2022 67000 Strasbourg<br \/><a href=\"https:\/\/jardin-sciences.unistra.fr\/visite\/le-planetarium\" rel=\"nofollow noopener\" target=\"_blank\">jardin-sciences.unistra.fr<\/a><\/p>\n<p>5. Au palais Rohan\u00a0: trois mus\u00e9es en un seul lieu<\/p>\n<p>    <img loading=\"lazy\" decoding=\"async\" class=\"image__img\" src=\"https:\/\/www.europesays.com\/fr\/wp-content\/uploads\/2025\/05\/web1-mba_mai_2015_37-964x643.jpg\" alt=\"Mus\u00e9e des Beaux-Arts, salle des colonnes\" width=\"964\" height=\"643\"\/><\/p>\n<p>Mus\u00e9e des Beaux-Arts, salle des colonnes<\/p>\n<p>    i<\/p>\n<p class=\"legende__cartel\">\u00a9 Mus\u00e9es de la Ville de Strasbourg \/ M. Bertola<\/p>\n<p class=\"editor-content__paragraph\">Avec sa fa\u00e7ade majestueuse, le palais Rohan, <strong>r\u00e9sidence princi\u00e8re<\/strong> con\u00e7ue par Robert de Cotte, premier architecte du roi Louis XV, impressionne. Aujourd\u2019hui, l\u2019\u00e9difice abrite <strong>trois mus\u00e9es de la Ville de Strasbourg<\/strong>, dont les belles collections et expositions attirent plus de 200\u00a0000\u00a0visiteurs chaque ann\u00e9e. Avec des petits de maternelle, on privil\u00e9gie le <strong>mus\u00e9e arch\u00e9ologique<\/strong>. Fond\u00e9 en 1855, il retrace l\u2019histoire de l\u2019Alsace, de la Pr\u00e9histoire au Moyen \u00c2ge, \u00e0 travers plus de 600\u00a0000\u00a0objets. Avec des plus grands, on peut continuer dans les appartements des cardinaux de Rohan, o\u00f9 le<strong> mus\u00e9e des Arts d\u00e9coratifs<\/strong> offre un aper\u00e7u unique du mobilier et des objets des XVIIe et XVIIIe si\u00e8cles. Enfin, au premier \u00e9tage du palais Rohan, le <strong>mus\u00e9e des Beaux-Arts<\/strong> cr\u00e9\u00e9 en 1890\u00a0vaut absolument le coup d\u2019\u0153il pour sa collection exceptionnelle de peintures europ\u00e9ennes du XIVe au XIXe si\u00e8cles\u00a0: <a href=\"https:\/\/www.beauxarts.com\/grand-format\/giotto-en-2-minutes\/\" target=\"_blank\" rel=\"noopener nofollow\">Giotto<\/a>, <a href=\"https:\/\/www.beauxarts.com\/grand-format\/raphael-en-2-minutes\/\" target=\"_blank\" rel=\"noopener nofollow\">Rapha\u00ebl<\/a>, <a href=\"https:\/\/www.beauxarts.com\/grand-format\/sandro-botticelli-en-2-minutes\/\" target=\"_blank\" rel=\"noopener nofollow\">Botticelli<\/a>, <a href=\"https:\/\/www.beauxarts.com\/grand-format\/francisco-de-goya-en-3-minutes\/\" target=\"_blank\" rel=\"noopener nofollow\">Goya<\/a>, <a href=\"https:\/\/www.beauxarts.com\/grand-format\/gustave-courbet-en-3-minutes\/\" target=\"_blank\" rel=\"noopener nofollow\">Gustave Courbet<\/a>\u2026 On salue au passage La Belle Strasbourgeoise de Nicolas de Largillierre, la Joconde locale\u00a0!<\/p>\n<p>  Arrow<\/p>\n<p>Palais Rohan &#8211; Strasbourg<\/p>\n<p class=\"annexe-content__infos\">2 Place du Ch\u00e2teau \u2022 67000 Strasbourg<br \/><a href=\"https:\/\/www.musees.strasbourg.eu\/\" rel=\"nofollow noopener\" target=\"_blank\">www.musees.strasbourg.eu<\/a><\/p>\n<p>        \u00c0 lire aussi :<br \/>\n        <a class=\"renvoi-explicite__link\" href=\"https:\/\/www.beauxarts.com\/grand-format\/les-enfants-seraient-ils-enfin-les-bienvenus-dans-les-musees-et-lieux-culturels\/\" rel=\"nofollow noopener\" target=\"_blank\">Les enfants seraient-ils enfin les bienvenus dans les mus\u00e9es et lieux culturels ?<\/a><\/p>\n<p>6. C\u2019est gratuit\u00a0! Un 5e Lieu plein de ressources<\/p>\n<p>    <img loading=\"lazy\" decoding=\"async\" class=\"image__img\" src=\"https:\/\/www.europesays.com\/fr\/wp-content\/uploads\/2025\/05\/web5elieu_f9i1682_photo_jerome_dorkel-964x643.jpg\" alt=\"D\u00e9couvrir Strasbourg en faisant un d\u00e9tour par le 5e Lieu\" width=\"964\" height=\"643\"\/><\/p>\n<p>D\u00e9couvrir Strasbourg en faisant un d\u00e9tour par le 5e Lieu<\/p>\n<p>    i<\/p>\n<p class=\"editor-content__paragraph\">En sortant du mus\u00e9e des Beaux-Arts (lire ci-dessus), une pause s\u2019impose au 5e Lieu \u2013 de 5\u00a0minutes ou d\u2019une heure, c\u2019est comme vous voulez\u00a0! Au pied de la cath\u00e9drale de Strasbourg, joyau gothique flamboyant, cet <strong>espace ouvert \u00e0 tous et gratuit<\/strong>, vous raconte dans un parcours permanent, <strong>ludique et interactif<\/strong>, la ville de Strasbourg \u00e0 travers le prisme de <strong>son patrimoine<\/strong>, de <strong>son architecture<\/strong> et de <strong>sa vie culturelle<\/strong>. Le 5e lieu dispose aussi d\u2019une <strong>boutique culturelle<\/strong> o\u00f9 l\u2019on vous renseigne chaleureusement sur toutes vos envies de sorties dans la ville (on vous vend m\u00eame des billets).<\/p>\n<p>  Arrow<\/p>\n<p>Le 5e lieu &#8211; Strasbourg<\/p>\n<p class=\"annexe-content__infos\">5 Place du Ch\u00e2teau \u2022 67000 Strasbourg<br \/><a href=\"https:\/\/5elieu.strasbourg.eu\/\" rel=\"nofollow noopener\" target=\"_blank\">5elieu.strasbourg.eu<\/a><\/p>\n<p>7. Mus\u00e9e Tomi Ungerer\u00a0: au royaume de l\u2019enfant roi du pays<\/p>\n<p>    <img loading=\"lazy\" decoding=\"async\" class=\"image__img\" src=\"https:\/\/www.europesays.com\/fr\/wp-content\/uploads\/2025\/05\/mod9-mtu_015-964x1567.jpg\" alt=\"Installation d\u2019apr\u00e8s le livre Les Trois Brigands, r\u00e9alis\u00e9 par les ateliers des Mus\u00e9es de la Ville de Strasbourg\" width=\"964\" height=\"1567\"\/><\/p>\n<p>Installation d\u2019apr\u00e8s le livre Les Trois Brigands, r\u00e9alis\u00e9 par les ateliers des Mus\u00e9es de la Ville de Strasbourg, 2016<\/p>\n<p>    i<\/p>\n<p class=\"legende__cartel\">Coll. Mus\u00e9e Tomi Ungerer \u2013 Centre international de l\u2019Illustration \u2022 \u00a9 Mus\u00e9es de la Ville de Strasbourg \/ M. Bertola<\/p>\n<p class=\"editor-content__paragraph\">Rendez-vous \u00e0 la <strong>villa Greiner<\/strong>, \u00e0 l\u2019or\u00e9e de la Grande-\u00cele, dans le c\u0153ur historique, o\u00f9 <strong>14\u00a0000 \u0153uvres du <a href=\"https:\/\/www.beauxarts.com\/expos\/tomi-ungerer-le-brigand-magicien\/\" target=\"_blank\" rel=\"noopener nofollow\">c\u00e9l\u00e8bre dessinateur Tomi Ungerer<\/a><\/strong> sont conserv\u00e9es dans un mus\u00e9e au nom de l\u2019auteur et illustrateur, qui naquit \u00e0 Strasbourg en 1931, au sein d\u2019une famille d\u2019horlogers de la cath\u00e9drale. De son vivant, le p\u00e8re des Trois Brigands a d\u00e9cid\u00e9 de donner \u00e0 la ville certaines de ses \u0153uvres, ses jouets et des archives documentaires. Impossible de ne pas d\u00e9vorer des yeux les th\u00e8mes abord\u00e9s par Tomi Ungerer dans ses \u0153uvres, <strong>dessins pour enfants, illustrations satiriques et publicitaires<\/strong>, mais aussi \u0153uvres \u00e9rotiques (vigilance dans une salle \u00e0 part). En tant que <strong>Centre international de l\u2019illustration<\/strong>, le mus\u00e9e met \u00e9galement \u00e0 l\u2019honneur des cr\u00e9ations d\u2019autres illustrateurs des XXe et XXIe si\u00e8cles au fil d\u2019expositions.<\/p>\n<p>  Arrow<\/p>\n<p>Mus\u00e9e Tomi Ungerer \u2013 Centre international de l\u2019illustration<\/p>\n<p class=\"annexe-content__infos\">2 Avenue de la Marseillaise \u2022 67000 Strasbourg<br \/><a href=\"https:\/\/www.musees.strasbourg.eu\/musee-tomi-ungerer\" rel=\"nofollow noopener\" target=\"_blank\">www.musees.strasbourg.eu<\/a><\/p>\n<p>        \u00c0 lire aussi :<br \/>\n        <a class=\"renvoi-explicite__link\" href=\"https:\/\/www.beauxarts.com\/expos\/les-collages-exquis-de-tomi-ungerer\/\" rel=\"nofollow noopener\" target=\"_blank\">Les collages exquis de Tomi Ungerer<\/a><\/p>\n<p>8. Mus\u00e9e zoologique\u00a0: un parcours qui fait peau neuve<\/p>\n<p>    <img loading=\"lazy\" decoding=\"async\" class=\"image__img\" src=\"https:\/\/www.europesays.com\/fr\/wp-content\/uploads\/2025\/05\/modif13-964x701.jpg\" alt=\"Installation du squelette de b\u00e9rardie d\u2019Arnoux (Berardius arnuxii) dans le hall de la biodiversit\u00e9 du mus\u00e9e zoologique de Starsbourg\" width=\"964\" height=\"701\"\/><\/p>\n<p>Installation du squelette de b\u00e9rardie d\u2019Arnoux (Berardius arnuxii) dans le hall de la biodiversit\u00e9 du mus\u00e9e zoologique de Starsbourg<\/p>\n<p>    i<\/p>\n<p class=\"legende__cartel\">\u00a9 M. Bertola \/ Mus\u00e9es de Strasbourg<\/p>\n<p class=\"editor-content__paragraph\">Familles, curieux et public ami de la biodiversit\u00e9\u2026 Il ne vous reste plus que quelques mois \u00e0 attendre avant de pouvoir arpenter les salles du mus\u00e9e zoologique r\u00e9nov\u00e9\u00a0! Situ\u00e9 <strong>au c\u0153ur du Jardin des sciences<\/strong> de l\u2019Universit\u00e9 (voir aussi le Plan\u00e9tarium plus haut), le mus\u00e9e zoologique rouvre, apr\u00e8s six ann\u00e9es de travaux, au public <strong>le 19\u00a0septembre 2025<\/strong>, \u00e0 l\u2019occasion des Journ\u00e9es europ\u00e9ennes du patrimoine. Venez scruter dans une <strong>sc\u00e9nographie enti\u00e8rement repens\u00e9e<\/strong> sur 2\u00a0000\u00a0m\u00b2, d\u00e9finitivement p\u00e9dagogique et interactive, quelque 1\u00a0800\u00a0sp\u00e9cimens \u2013 sur un total de 1,2\u00a0million conserv\u00e9s \u2013 bichonn\u00e9s lors des restaurations. On piaffe d\u2019impatience d\u2019y d\u00e9couvrir ses expositions temporaires et ses ateliers\u00a0!<\/p>\n<p>  Arrow<\/p>\n<p>Mus\u00e9e zoologique de Strasbourg<\/p>\n<p class=\"annexe-content__infos\">29, boulevard de la Victoire \u2022 67000 Strasbourg<br \/><a href=\"https:\/\/www.musees.strasbourg.eu\/musee-zoologique\" rel=\"nofollow noopener\" target=\"_blank\">www.musees.strasbourg.eu<\/a><\/p>\n<p>        \u00c0 lire aussi :<br \/>\n        <a class=\"renvoi-explicite__link\" href=\"https:\/\/www.beauxarts.com\/lifestyle\/a-strasbourg-la-cure-de-jouvence-des-bains-municipaux\/\" rel=\"nofollow noopener\" target=\"_blank\">\u00c0 Strasbourg, la cure de jouvence des bains municipaux<\/a><\/p>\n<p>9. Le mus\u00e9e alsacien\u00a0: un brassage de traditions<\/p>\n<p>    <img loading=\"lazy\" decoding=\"async\" class=\"image__img\" src=\"https:\/\/www.europesays.com\/fr\/wp-content\/uploads\/2025\/05\/web11-mals-964x678.jpg\" alt=\"La St\u00f9b de Wintzenheim \u2013 Kochersberg, am\u00e9nag\u00e9e au Mus\u00e9e Alsacien vers 1911\" width=\"964\" height=\"678\"\/><\/p>\n<p>La St\u00f9b de Wintzenheim \u2013 Kochersberg, am\u00e9nag\u00e9e au Mus\u00e9e Alsacien vers 1911<\/p>\n<p>    i<\/p>\n<p class=\"legende__cartel\">\u00a9 Mus\u00e9es de Strasbourg \/ M. Bertola<\/p>\n<p class=\"editor-content__paragraph\">Que serait l\u2019Alsace sans ses traditions\u00a0! Nich\u00e9 dans <strong>trois b\u00e2timents historiques<\/strong>, le mus\u00e9e alsacien vous transporte <strong>dans la vie traditionnelle<\/strong> d\u2019une maison typique du XVIIIe au XIXe si\u00e8cles. Dans un parcours qui sent bon la nostalgie, et de pi\u00e8ces en pi\u00e8ces, on d\u00e9couvre le quotidien alsacien d\u2019antan au travers d\u2019<strong>objets authentiques<\/strong> (vieux po\u00eales, vaisselle, jouet, costume). Une tendre immersion pour comprendre l\u2019histoire de cette belle r\u00e9gion dont il ne faut pas tarder \u00e0 profiter\u2026 Car \u00e0 partir de d\u00e9but juillet 2025, le mus\u00e9e alsacien <strong>va fermer pour deux ans <\/strong>\u2013 victime d\u2019intemp\u00e9ries, la toiture doit \u00eatre refaite. Mais rassurez-vous, en attendant la r\u00e9ouverture, des pr\u00e9sentations hors les murs sont annonc\u00e9es.<\/p>\n<p class=\"annexe-content__infos\">23 Quai Saint-Nicolas \u2022 67000 Strasbourg<br \/><a href=\"https:\/\/www.musees.strasbourg.eu\/musee-alsacien\" rel=\"nofollow noopener\" target=\"_blank\">www.musees.strasbourg.eu<\/a><\/p>\n<p>10. Pour finir, quelques adresses qui sentent bon No\u00ebl\u2026<\/p>\n<p>    <img loading=\"lazy\" decoding=\"async\" class=\"image__img\" src=\"https:\/\/www.europesays.com\/fr\/wp-content\/uploads\/2025\/05\/web20180917-6810-964x643.jpg\" alt=\"D\u00e9couverte de La Maison Alsacienne de la biscuiterie\" width=\"964\" height=\"643\"\/><\/p>\n<p>D\u00e9couverte de La Maison Alsacienne de la biscuiterie<\/p>\n<p>    i<\/p>\n<p class=\"legende__cartel\">\u00a9 Maison Alsacienne de Biscuiterie<\/p>\n<p class=\"editor-content__paragraph\">La gourmandise, c\u2019est une vraie culture \u00e0 Strasbourg\u00a0! Pour un go\u00fbter dans les r\u00e8gles de l\u2019art ou ramener quelques saveurs typiquement alsaciennes, on passe, au d\u00e9tour d\u2019une promenade \u00e0 pied \u00e0 travers la si charmante Petite France, \u00e0 la <strong>maison Mireille Oster <\/strong>qui perp\u00e9tue la tradition d\u2019un savoir-faire artisanal depuis 1933\u00a0en confectionnant avec des ingr\u00e9dients de qualit\u00e9 de <strong>bons pains d\u2019\u00e9pices<\/strong>. Pour d\u00e9guster<strong> les fameux bredele<\/strong>, ces petits g\u00e2teaux de No\u00ebl traditionnels que l\u2019on trouve sur les \u00e9tals des march\u00e9s en Alsace \u00e0 la p\u00e9riode de l\u2019Avent, optez pour la <strong>Maison alsacienne de biscuiterie<\/strong>\u00a0: ici, c\u2019est toute l\u2019ann\u00e9e que l\u2019on peut les acheter\u00a0! Enfin, quelle que soit la saison, les petits et les grands en auront plein les yeux en d\u00e9couvrant les d\u00e9corations et les lumi\u00e8res de la boutique familiale<strong> Un no\u00ebl en Alsace<\/strong>. La magie op\u00e8re au pays de saint Nicolas\u00a0!<\/p>\n<p>        \u00c0 lire aussi :<br \/>\n        <a class=\"renvoi-explicite__link\" href=\"https:\/\/www.beauxarts.com\/lifestyle\/nos-10-lieux-culturels-preferes-pour-les-enfants-a-paris\/\" rel=\"nofollow noopener\" target=\"_blank\">Nos mus\u00e9es pr\u00e9f\u00e9r\u00e9s pour les enfants \u00e0 Paris<\/a><\/p>\n<p>14 rue des Dentelles et 29 rue des Hallebardes, 67000 Strasbourg<\/p>\n<p>Plus d\u2019informations sur <a href=\"https:\/\/www.mireilleoster.com\/\" target=\"_blank\" rel=\"noopener nofollow\">le site de Mireille Oster<\/a><\/p>\n<p>  Arrow<\/p>\n<p>Maison alsacienne de biscuiterie <\/p>\n<p>16 rue du D\u00f4me, 67000 Strasbourg<\/p>\n<p>Plus d\u2019informations sur <a href=\"https:\/\/www.maison-alsacienne-biscuiterie.com\/fr\/\" target=\"_blank\" rel=\"noopener nofollow\">le site de la Maison alsacienne de biscuiterie\u00a0<\/a><\/p>\n<p>10 rue des Dentelles, 67000 Strasbourg<\/p>\n<p>Plus d\u2019informations sur <a href=\"https:\/\/noelenalsace.fr\/\" target=\"_blank\" rel=\"noopener nofollow\">le site de Un No\u00ebl en Alsace<\/a><\/p>\n","protected":false},"excerpt":{"rendered":"Partagez des moments inoubliables en famille \u00e0 Strasbourg\u00a0! Que vous soyez strasbourgeois ou de passage, laissez-vous guider par&hellip;\n","protected":false},"author":2,"featured_media":101225,"comment_status":"","ping_status":"","sticky":false,"template":"","format":"standard","meta":{"footnotes":""},"categories":[2820],"tags":[1111,11,21694,1719,1777,674,652,1011,27,775,21698,21697,21696,21695,21691,21692,21693,12,21699,25,640],"class_list":{"0":"post-101224","1":"post","2":"type-post","3":"status-publish","4":"format-standard","5":"has-post-thumbnail","7":"category-strasbourg","8":"tag-actu","9":"tag-actualites","10":"tag-chateau-vodou","11":"tag-enfants","12":"tag-eu","13":"tag-europe","14":"tag-famille","15":"tag-fr","16":"tag-france","17":"tag-grand-est","18":"tag-le-5e-lieu-strasbourg","19":"tag-le-planetarium-du-jardin-des-sciences-strasbourg","20":"tag-le-vaisseau-strasbourg","21":"tag-musee-alsacien","22":"tag-musee-dart-moderne-et-contemporain-strasbourg","23":"tag-musee-tomi-ungerer-centre-international-de-lillustration","24":"tag-musee-zoologique-de-strasbourg","25":"tag-news","26":"tag-palais-rohan-strasbourg","27":"tag-republique-francaise","28":"tag-strasbourg"},"share_on_mastodon":{"url":"https:\/\/pubeurope.com\/@fr\/114510366423371000","error":""},"_links":{"self":[{"href":"https:\/\/www.europesays.com\/fr\/wp-json\/wp\/v2\/posts\/101224","targetHints":{"allow":["GET"]}}],"collection":[{"href":"https:\/\/www.europesays.com\/fr\/wp-json\/wp\/v2\/posts"}],"about":[{"href":"https:\/\/www.europesays.com\/fr\/wp-json\/wp\/v2\/types\/post"}],"author":[{"embeddable":true,"href":"https:\/\/www.europesays.com\/fr\/wp-json\/wp\/v2\/users\/2"}],"replies":[{"embeddable":true,"href":"https:\/\/www.europesays.com\/fr\/wp-json\/wp\/v2\/comments?post=101224"}],"version-history":[{"count":0,"href":"https:\/\/www.europesays.com\/fr\/wp-json\/wp\/v2\/posts\/101224\/revisions"}],"wp:featuredmedia":[{"embeddable":true,"href":"https:\/\/www.europesays.com\/fr\/wp-json\/wp\/v2\/media\/101225"}],"wp:attachment":[{"href":"https:\/\/www.europesays.com\/fr\/wp-json\/wp\/v2\/media?parent=101224"}],"wp:term":[{"taxonomy":"category","embeddable":true,"href":"https:\/\/www.europesays.com\/fr\/wp-json\/wp\/v2\/categories?post=101224"},{"taxonomy":"post_tag","embeddable":true,"href":"https:\/\/www.europesays.com\/fr\/wp-json\/wp\/v2\/tags?post=101224"}],"curies":[{"name":"wp","href":"https:\/\/api.w.org\/{rel}","templated":true}]}}