{"id":101230,"date":"2025-05-15T06:13:11","date_gmt":"2025-05-15T06:13:11","guid":{"rendered":"https:\/\/www.europesays.com\/fr\/101230\/"},"modified":"2025-05-15T06:13:11","modified_gmt":"2025-05-15T06:13:11","slug":"le-soleil-fait-son-grand-retour-en-fin-de-semaine-les-previsions","status":"publish","type":"post","link":"https:\/\/www.europesays.com\/fr\/101230\/","title":{"rendered":"le soleil fait son grand retour en fin de semaine, les pr\u00e9visions"},"content":{"rendered":"<p>            Par<br \/>\n        <strong><br \/>\n            <a href=\"https:\/\/actu.fr\/auteur\/laure-gentil\" title=\"Consulter tous les articles de Laure Gentil\" rel=\"nofollow noopener\" target=\"_blank\">Laure Gentil<\/a><br \/>\n        <\/strong><\/p>\n<p>        Publi\u00e9 le<\/p>\n<p>            15 mai 2025 \u00e0 7h02        <\/p>\n<p>C\u2019est la bonne nouvelle qui fera plaisir \u00e0 tous les Nantais. Nous pouvons dire adieu aux averses, le soleil est de retour d\u00e8s ce <strong>jeudi 15\u00a0mai<\/strong> et devrait continuer \u00e0 briller toute la fin de semaine.<\/p>\n<p class=\" wall-content\"><a href=\"https:\/\/meteofrance.com\/previsions-meteo-france\/nantes\/44000\" rel=\"nofollow noopener\" target=\"_blank\">M\u00e9t\u00e9o France<\/a> et<a href=\"https:\/\/www.meteo-nantes.net\/france\/previsions\" rel=\"nofollow noopener\" target=\"_blank\"> M\u00e9t\u00e9o-Nantes.net<\/a> annoncent, de plus, une hausse des temp\u00e9ratures.<\/p>\n<p>Jusqu\u2019\u00e0 26\u00a0\u00b0C dimanche\u2009?<\/p>\n<p class=\" wall-content\">\u00ab\u2009L\u2019instabilit\u00e9 responsable des averses et des orages de ces derni\u00e8res heures aura tendance \u00e0 s\u2019estomper puis dispara\u00eetre d\u2019ici jeudi car la d\u00e9pression va progressivement s\u2019\u00e9clipser vers l\u2019Atlantique, au profit d\u2019une influence anticyclonique britannique\u2009\u00bb, indique M\u00e9t\u00e9o Nantes. Cette \u00ab\u2009influence anticyclonique\u2009\u00bb entra\u00eenera un temps \u00ab<strong>\u2009plus stable<\/strong>\u2009\u00bb \u00e0 Nantes et donc plus ensoleill\u00e9.<\/p>\n<p class=\" wall-content\">M\u00e9t\u00e9o France confirme l\u2019information dans ses pr\u00e9visions. Un grand soleil est attendu jeudi, vendredi, samedi et dimanche. Les <strong>temp\u00e9ratures<\/strong> atteindront les 23\u00a0\u00b0C de jeudi \u00e0 samedi, avant de grimper brutalement dimanche avec une maximale de 26\u00a0\u00b0C (indice de confiance de 2\/5). M\u00e9t\u00e9o-Nantes est moins enthousiaste et pr\u00e9voit 24\u00a0\u00b0C dimanche.<\/p>\n<p class=\" wall-content\">Suivez toute l\u2019actualit\u00e9 de vos villes et m\u00e9dias favoris en vous inscrivant \u00e0 <a href=\"https:\/\/moncompte.actu.fr\" title=\"D\u00e9couvez Mon Actu\" rel=\"nofollow noopener\" data-trk=\"{&quot;cta&quot;:{&quot;action&quot;:&quot;https:\\\/\\\/moncompte.actu.fr&quot;,&quot;category&quot;:&quot;mon compte&quot;,&quot;from&quot;:&quot;article footer&quot;,&quot;name&quot;:&quot;Mon actu&quot;,&quot;type&quot;:&quot;cta&quot;}}\" target=\"_blank\">Mon Actu<\/a>.<\/p>\n","protected":false},"excerpt":{"rendered":"Par Laure Gentil Publi\u00e9 le 15 mai 2025 \u00e0 7h02 C\u2019est la bonne nouvelle qui fera plaisir \u00e0&hellip;\n","protected":false},"author":2,"featured_media":101231,"comment_status":"","ping_status":"","sticky":false,"template":"","format":"standard","meta":{"footnotes":""},"categories":[2818],"tags":[1111,11,1777,674,1011,27,2487,2357,766,12,2636,25],"class_list":{"0":"post-101230","1":"post","2":"type-post","3":"status-publish","4":"format-standard","5":"has-post-thumbnail","7":"category-nantes","8":"tag-actu","9":"tag-actualites","10":"tag-eu","11":"tag-europe","12":"tag-fr","13":"tag-france","14":"tag-meteo","15":"tag-meteo-france","16":"tag-nantes","17":"tag-news","18":"tag-pays-de-la-loire","19":"tag-republique-francaise"},"share_on_mastodon":{"url":"https:\/\/pubeurope.com\/@fr\/114510378009529338","error":""},"_links":{"self":[{"href":"https:\/\/www.europesays.com\/fr\/wp-json\/wp\/v2\/posts\/101230","targetHints":{"allow":["GET"]}}],"collection":[{"href":"https:\/\/www.europesays.com\/fr\/wp-json\/wp\/v2\/posts"}],"about":[{"href":"https:\/\/www.europesays.com\/fr\/wp-json\/wp\/v2\/types\/post"}],"author":[{"embeddable":true,"href":"https:\/\/www.europesays.com\/fr\/wp-json\/wp\/v2\/users\/2"}],"replies":[{"embeddable":true,"href":"https:\/\/www.europesays.com\/fr\/wp-json\/wp\/v2\/comments?post=101230"}],"version-history":[{"count":0,"href":"https:\/\/www.europesays.com\/fr\/wp-json\/wp\/v2\/posts\/101230\/revisions"}],"wp:featuredmedia":[{"embeddable":true,"href":"https:\/\/www.europesays.com\/fr\/wp-json\/wp\/v2\/media\/101231"}],"wp:attachment":[{"href":"https:\/\/www.europesays.com\/fr\/wp-json\/wp\/v2\/media?parent=101230"}],"wp:term":[{"taxonomy":"category","embeddable":true,"href":"https:\/\/www.europesays.com\/fr\/wp-json\/wp\/v2\/categories?post=101230"},{"taxonomy":"post_tag","embeddable":true,"href":"https:\/\/www.europesays.com\/fr\/wp-json\/wp\/v2\/tags?post=101230"}],"curies":[{"name":"wp","href":"https:\/\/api.w.org\/{rel}","templated":true}]}}