{"id":1012318,"date":"2026-06-20T08:18:17","date_gmt":"2026-06-20T08:18:17","guid":{"rendered":"https:\/\/www.europesays.com\/fr\/1012318\/"},"modified":"2026-06-20T08:18:17","modified_gmt":"2026-06-20T08:18:17","slug":"comment-macron-voit-le-role-de-la-france-a-ormuz-apres-lannonce-du-deblocage-du-detroit","status":"publish","type":"post","link":"https:\/\/www.europesays.com\/fr\/1012318\/","title":{"rendered":"Comment Macron voit le r\u00f4le de la France \u00e0 Ormuz apr\u00e8s l&rsquo;annonce du d\u00e9blocage du d\u00e9troit"},"content":{"rendered":"<p>        <img decoding=\"async\" loading=\"lazy\" src=\"https:\/\/www.europesays.com\/fr\/wp-content\/uploads\/2026\/06\/86f629d_upload-1-pnlnanf6gks2-afp-20260614-b6zn23v-v1-highres-franceindiapoliticsdiplomacy.jpg\"  width=\"728\" height=\"410\" alt=\"Emmanuel Macron, ici \u00e0 Nice le 14\u00a0juin\u00a02026, explique comment il voit le r\u00f4le de la France \u00e0 Ormuz apr\u00e8s l\u2019annonce du d\u00e9blocage du d\u00e9troit.\"\/>  <\/p>\n<p>LEWIS JOLY \/ AFP<\/p>\n<p>Emmanuel Macron, ici \u00e0 Nice le 14\u00a0juin\u00a02026, explique comment il voit le r\u00f4le de la France \u00e0 Ormuz apr\u00e8s l\u2019annonce du d\u00e9blocage du d\u00e9troit.<\/p>\n<p>      <strong>EN BREF<\/strong> <strong>\u2022 <\/strong>Emmanuel Macron annonce la volont\u00e9 de la France de s\u00e9curiser la r\u00e9ouverture du d\u00e9troit d\u2019Ormuz avec, si besoin, le porte-avions Charles-de-Gaulle.<br \/><strong>\u2022 <\/strong>La France est pr\u00eate pour une mission maritime internationale avec le Royaume-Uni pour garantir la reprise du trafic maritime, selon le pr\u00e9sident fran\u00e7ais.<br \/><strong>\u2022 <\/strong>Macron souhaite \u00e9galement proposer son aide pour contribuer \u00e0 la stabilisation du Liban.                         <\/p>\n<p class=\"asset asset-text\">\u00ab\u00a0Nous sommes pr\u00eats.\u00a0\u00bb <a href=\"https:\/\/www.huffingtonpost.fr\/politique\/article\/emmanuel-macron-un-dernier-g7-en-france-et-des-reves-inacheves-a-l-international_266383.html\" rel=\"nofollow noopener\" target=\"_blank\">Emmanuel Macron<\/a> a \u00e9voqu\u00e9, cette semaine, le r\u00f4le que la France pourra jouer dans les prochains jours au Moyen-Orient apr\u00e8s l\u2019accord trouv\u00e9 entre les \u00c9tats-Unis et l\u2019Iran pour mettre fin \u00e0 la guerre. \u00ab\u00a0On est disponible pour aider \u00e0 la r\u00e9ouverture du d\u00e9troit d\u2019Ormuz\u00a0\u00bb, a insist\u00e9 le chef de l\u2019\u00c9tat jeudi 18\u00a0juin, dans une interview sur France 2, en confirmant \u00ab\u00a0l\u2019offre\u00a0\u00bb formul\u00e9e trois jours plus t\u00f4t, avant le <a href=\"https:\/\/www.huffingtonpost.fr\/politique\/article\/trump-menace-de-nouveaux-droits-de-douane-macron-affiche-sa-fermete_268293.html\" rel=\"nofollow noopener\" target=\"_blank\">G7\u00a0\u00e0 Evian.<\/a><\/p>\n<p class=\"asset asset-text\">Concr\u00e8tement, la France veut prendre la t\u00eate (avec le Royaume-Uni) d\u2019une mission maritime internationale d\u2019une vingtaine de pays pour assurer la s\u00e9curit\u00e9 dans la zone et veiller \u00e0 la reprise int\u00e9grale et durable du trafic maritime. Pour ce faire, le chef de l\u2019\u00c9tat imagine le d\u00e9ploiement de plusieurs b\u00e2timents et engins de l\u2019arm\u00e9e fran\u00e7aise, \u00e0 commencer par le porte-avions Charles-de-Gaulle.<\/p>\n<p class=\"asset asset-text\">\u00ab\u00a0Nous avons construit, avec les Britanniques, une mission. Nous sommes sur place avec les N\u00e9erlandais, les Italiens, et nous sommes pr\u00eats \u00e0 agir tr\u00e8s vite pour envoyer des avions, envoyer une fr\u00e9gate, envoyer des d\u00e9mineurs\u00a0\u00bb, a ainsi expliqu\u00e9 Emmanuel Macron sur TF1\u00a0lundi, avant d\u2019ajouter\u00a0: \u00ab\u00a0Notre porte-avions Charles-de-Gaulle, avec tout ce qui l\u2019entoure, reste dans la zone et peut \u00eatre d\u00e9ploy\u00e9 dans les deux, trois jours.\u00a0\u00bb Deux b\u00e2timents chasseurs de mines, la Lyre et l\u2019Androm\u00e8de, se trouvent par ailleurs \u00e0 proximit\u00e9, \u00ab\u00a0pr\u00eats \u00e0 se rendre sur zone\u00a0\u00bb, a pr\u00e9cis\u00e9 la ministre des Arm\u00e9es, Catherine Vautrin.<\/p>\n<p>                     Macron veut aussi aider au Liban    <\/p>\n<p class=\"asset asset-text\">De son c\u00f4t\u00e9, Le Royaume-Uni a annonc\u00e9 en mai \u00ab\u00a0pr\u00e9positionner au Moyen-Orient\u00a0\u00bb son destroyer HMS Dragon. L\u2019Italie a rapproch\u00e9 du Golfe deux chasseurs de mines rattach\u00e9s \u00e0 l\u2019op\u00e9ration europ\u00e9enne Aspides de s\u00e9curisation du trafic maritime en Mer rouge tandis qu\u2019un chasseur de mines allemand est \u00e9galement pr\u00e9sent en M\u00e9diterran\u00e9e.<\/p>\n<p class=\"asset asset-text\">De fait, cette mission internationale (sur le m\u00eame mod\u00e8le que la \u00ab\u00a0force de r\u00e9assurance\u00a0\u00bb en cas de cessez-le-feu en Ukraine) reste pour l\u2019instant suspendue aux d\u00e9tails de l\u2019accord et \u00e0 sa mise en application. Signe que la situation reste tr\u00e8s fragile, concernant les modalit\u00e9s de la r\u00e9ouverture du fameux d\u00e9troit ou le reste, les \u00c9tats-Unis et l\u2019Iran ont annul\u00e9 leur rencontre pr\u00e9vue vendredi pour ent\u00e9riner leur trait\u00e9.<\/p>\n<p class=\"asset asset-text\">Du reste, le pr\u00e9sident am\u00e9ricain n\u2019a pas fait montre d\u2019un grand enthousiaste quant \u00e0 l\u2019offre propos\u00e9e par Emmanuel Macron et Keir Starmer. \u00ab\u00a0Peut-\u00eatre que ce ne sera pas souhait\u00e9, peut-\u00eatre que ce ne sera pas n\u00e9cessaire mais c\u2019est une disposition qui marque notre volont\u00e9 d\u2019aider\u00a0\u00bb, avait indiqu\u00e9 le pr\u00e9sident fran\u00e7ais lundi, au G7, face \u00e0 son homologue am\u00e9ricain qui disait n\u2019avoir \u00ab\u00a0pas besoin de beaucoup d\u2019aide\u00a0\u00bb pour rouvrir le d\u00e9troit.<\/p>\n<p class=\"asset asset-text\">Qu\u2019importe, Emmanuel Macron s\u2019est fix\u00e9 une autre mission\u00a0: que ce d\u00e9blocage se fasse sans p\u00e9age ni conditions. \u00ab\u00a0Nous, on d\u00e9fend le droit international et on va tout faire en effet pour qu\u2019il n\u2019y ait pas de p\u00e9age\u00a0\u00bb dans ce couloir par o\u00f9 transite un cinqui\u00e8me de la production mondiale d\u2019hydrocarbures, a soulign\u00e9 le pr\u00e9sident fran\u00e7ais, jeudi, ajoutant qu\u2019instaurer un p\u00e9age serait contraire au droit international et aurait pour cons\u00e9quence de faire \u00ab\u00a0monter les prix pour la terre enti\u00e8re\u00a0\u00bb.<\/p>\n<p class=\"asset asset-text\">Enfin, Emmanuel Macron a indiqu\u00e9 jeudi que la France allait proposer son aide pour contribuer \u00e0 la stabilisation du Liban. \u00ab\u00a0On va\u00a0travailler avec les \u00c9tats-Unis, avec le Liban, avec Isra\u00ebl pour construire la reprise en main du territoire, la reprise en main aussi des armes du Hezbollah pour les forces arm\u00e9es libanaises\u00a0\u00bb, a-t-il expliqu\u00e9 sur France 2, appelant \u00e0 \u00ab\u00a0mobiliser les financements de la r\u00e9gion et de la communaut\u00e9 internationale pour aider les forces arm\u00e9es libanaises\u00a0\u00bb.<\/p>\n","protected":false},"excerpt":{"rendered":"LEWIS JOLY \/ AFP Emmanuel Macron, ici \u00e0 Nice le 14\u00a0juin\u00a02026, explique comment il voit le r\u00f4le de&hellip;\n","protected":false},"author":2,"featured_media":1012319,"comment_status":"","ping_status":"","sticky":false,"template":"","format":"standard","meta":{"footnotes":"","_share_on_mastodon":"0"},"categories":[4],"tags":[11,105927,1073,1011,27,14,12,316,25],"class_list":["post-1012318","post","type-post","status-publish","format-standard","has-post-thumbnail","category-france","tag-actualites","tag-detroit-d-ormuz","tag-emmanuel-macron","tag-fr","tag-france","tag-international","tag-news","tag-politique","tag-republique-francaise"],"share_on_mastodon":{"url":"https:\/\/pubeurope.com\/@fr\/116781457185940306","error":""},"_links":{"self":[{"href":"https:\/\/www.europesays.com\/fr\/wp-json\/wp\/v2\/posts\/1012318","targetHints":{"allow":["GET"]}}],"collection":[{"href":"https:\/\/www.europesays.com\/fr\/wp-json\/wp\/v2\/posts"}],"about":[{"href":"https:\/\/www.europesays.com\/fr\/wp-json\/wp\/v2\/types\/post"}],"author":[{"embeddable":true,"href":"https:\/\/www.europesays.com\/fr\/wp-json\/wp\/v2\/users\/2"}],"replies":[{"embeddable":true,"href":"https:\/\/www.europesays.com\/fr\/wp-json\/wp\/v2\/comments?post=1012318"}],"version-history":[{"count":0,"href":"https:\/\/www.europesays.com\/fr\/wp-json\/wp\/v2\/posts\/1012318\/revisions"}],"wp:featuredmedia":[{"embeddable":true,"href":"https:\/\/www.europesays.com\/fr\/wp-json\/wp\/v2\/media\/1012319"}],"wp:attachment":[{"href":"https:\/\/www.europesays.com\/fr\/wp-json\/wp\/v2\/media?parent=1012318"}],"wp:term":[{"taxonomy":"category","embeddable":true,"href":"https:\/\/www.europesays.com\/fr\/wp-json\/wp\/v2\/categories?post=1012318"},{"taxonomy":"post_tag","embeddable":true,"href":"https:\/\/www.europesays.com\/fr\/wp-json\/wp\/v2\/tags?post=1012318"}],"curies":[{"name":"wp","href":"https:\/\/api.w.org\/{rel}","templated":true}]}}