{"id":101248,"date":"2025-05-15T06:23:11","date_gmt":"2025-05-15T06:23:11","guid":{"rendered":"https:\/\/www.europesays.com\/fr\/101248\/"},"modified":"2025-05-15T06:23:11","modified_gmt":"2025-05-15T06:23:11","slug":"je-me-mets-en-retrait-de-la-vie-politique","status":"publish","type":"post","link":"https:\/\/www.europesays.com\/fr\/101248\/","title":{"rendered":"\u00ab Je me mets en retrait de la vie politique \u00bb &#8211;"},"content":{"rendered":"<p>\t\t\t\t<img loading=\"lazy\" decoding=\"async\" width=\"900\" height=\"600\" src=\"https:\/\/www.europesays.com\/fr\/wp-content\/uploads\/2025\/05\/01-Pascal-Blache-retrait-de-la-scene.jpg\" alt=\"\" title=\"01 Pascal Blache retrait de la sc\u00e8ne\"   class=\"wp-image-159411\"\/><\/p>\n<p><strong>Propos recueillis par Morgan Couturier et Marco Polisson \u2013<\/strong> \u00c0 la t\u00eate de la Mairie du 6\u00e8me arrondissement de Lyon depuis plus de 11 ans, Pascal Blache a d\u00e9cid\u00e9 de se mettre en retrait de la sc\u00e8ne politique. L\u2019\u00e9l\u00e9gant \u00e9dile se garde toutefois le droit de revenir. \u00c0 son poste ou derri\u00e8re Jean-Michel Aulas.<\/p>\n<p><strong>LP\u00a0<\/strong>: <strong>Vous auriez r\u00e9cemment pris la d\u00e9cision de vous mettre en retrait de la vie politique. Nous confirmez-vous cette information\u00a0?<\/strong><br \/><strong>PB<\/strong>\u00a0: Pendant trois mois, oui, je suis en retrait de la vie politique, mais je ne la cl\u00f4ture pas.<\/p>\n<p><strong>Qu\u2019est-ce qui a motiv\u00e9 cette d\u00e9cision soudaine\u00a0?<\/strong><br \/>Depuis pratiquement douze ans, j\u2019ai si\u00e9g\u00e9 dans toutes les structures (M\u00e9tropole de Lyon, Ville de Lyon et Mairie du 6\u00e8me arrondissement). Au d\u00e9but, on ne se rend pas bien compte combien c\u2019est chronophage. Il y a une r\u00e9union \u00e0 la mairie du 6\u00e8me arrondissement, puis il faut aller \u00e0 la mairie centrale. Avant enfin de rallier la M\u00e9tropole de Lyon. Ma femme m\u2019a interpell\u00e9 : \u2018\u2018\u00e7a fait plus de 11 ans que tu fais les trois, tu ne vas pas passer ta vie \u00e0 faire cela\u2019\u2019 ! J\u2019ai besoin de faire un break.<\/p>\n<p><img loading=\"lazy\" decoding=\"async\" aria-describedby=\"caption-attachment-159412\" class=\"lazy lazy-hidden size-full wp-image-159412\" data-lazy-type=\"image\" src=\"https:\/\/www.europesays.com\/fr\/wp-content\/uploads\/2025\/05\/02-Pascal-Blache-voeux.jpg\" alt=\"\" width=\"900\" height=\"479\"  \/><\/p>\n<p id=\"caption-attachment-159412\" class=\"wp-caption-text\">Pascal Blache entour\u00e9 des conseillers de Lyon 6 lors de ses v\u0153ux en 2023<\/p>\n<p><strong>\u00c0 60 ans, il ne vous reste qu\u2019un an pour boucler votre mandat, est-ce trop compliqu\u00e9 d\u2019aller au bout\u00a0?<\/strong> <strong><br \/><\/strong>Je suis grand-p\u00e8re deux fois, j\u2019ai envie de profiter un peu de cela aussi. Puis je me suis rendu compte que j\u2019\u00e9tais fatigu\u00e9. J\u2019ai envie de souffler.<\/p>\n<p><strong>Etes-vous lass\u00e9 par ce poste que vous occupez depuis 2014\u00a0?<\/strong><br \/>J\u2019ai fait cela pendant des ann\u00e9es. J\u2019ai peut-\u00eatre un peu trop cumul\u00e9. Tu ne te rends pas compte, tu as l\u2019impression que tout va bien et un bon matin, tu te r\u00e9veilles et tu te dis\u00a0: \u00ab\u00a0qu\u2019est-ce que je fais l\u00e0\u00a0?\u00a0\u00bb. Tu es simplement fatigu\u00e9\u00a0!<\/p>\n<p><img loading=\"lazy\" decoding=\"async\" aria-describedby=\"caption-attachment-159416\" class=\"lazy lazy-hidden size-full wp-image-159416\" data-lazy-type=\"image\" src=\"https:\/\/www.europesays.com\/fr\/wp-content\/uploads\/2025\/05\/05-Pascal-Blache-Gerard-Collomb.jpg\" alt=\"\" width=\"900\" height=\"594\"  \/><\/p>\n<p id=\"caption-attachment-159416\" class=\"wp-caption-text\">Avec G\u00e9rard Collomb en 2014. Les rapports des deux hommes se sont r\u00e9chauff\u00e9s au fil de son premier mandat.<\/p>\n<p><strong>Les bagarres quotidiennes avec les \u00e9cologistes vous ont-elles \u00e9puis\u00e9 ? <\/strong><br \/>C\u2019est la politique, me direz-vous. Autant on pouvait discuter et avancer avec G\u00e9rard Collomb et Georges Kepenekian, mais avec les Verts, c\u2019est impossible. C\u2019est usant car \u00e7a dure depuis longtemps.<\/p>\n<p><strong>\u00ab\u00a0Cette mise en retrait va me permettre de prendre trois mois de recul, de r\u00e9flexion vis-\u00e0-vis de mon mandat\u00a0\u00bb<\/strong><\/p>\n<p><strong>Si\u00e9ger dans l\u2019opposition \u00e0 la M\u00e9tropole et \u00e0 la Ville de Lyon depuis votre premi\u00e8re \u00e9lection en 2014, n\u2019est-ce pas vivre au quotidien un sentiment d\u2019impuissance\u00a0? <\/strong><br \/>C\u2019est une bonne question\u00a0! Tu parles avec des gens qui ne sont pas d\u2019accord. Toi, tu as une id\u00e9e assez claire de ce que tu veux faire, mais tu parles avec des gens, qui de toutes fa\u00e7ons, ne vont pas en vouloir et qui ont le pouvoir pour la refuser. On fait des r\u00e9unions, mais il n\u2019y a rien qui se conclut. Parfois, je repartais et je me disais\u00a0: que de temps perdu pour z\u00e9ro r\u00e9sultat\u00a0!<\/p>\n<p><strong>Vous laissez votre poste vacant. Pendant cette mise en retrait, comment s\u2019organise la Mairie du 6\u00e8me ?<br \/><\/strong>C\u2019est simple, \u00e0 partir du moment o\u00f9 le maire se met en retrait, c\u2019est son premier adjoint qui le remplace. En l\u2019occurrence, Christian Termoz-Mazan.<\/p>\n<p><img loading=\"lazy\" decoding=\"async\" aria-describedby=\"caption-attachment-159413\" class=\"lazy lazy-hidden size-full wp-image-159413\" data-lazy-type=\"image\" src=\"https:\/\/www.europesays.com\/fr\/wp-content\/uploads\/2025\/05\/03.-Pascal-Blache-et-Christian-Termoz_AM.jpg\" alt=\"\" width=\"900\" height=\"580\"  \/><\/p>\n<p id=\"caption-attachment-159413\" class=\"wp-caption-text\">Lors de la c\u00e9r\u00e9monie d\u2019adieu aux armes du g\u00e9n\u00e9ral Gilles Darricau, en juillet 2023, Pascal Blache pose avec son premier adjoint Christian Termoz. C\u2019est lui qui assure l\u2019int\u00e9rim.<\/p>\n<p><strong>D\u00e8s lors, vous pr\u00e9senterez-vous \u00e0 l\u2019\u00e9lection de 2026\u00a0?<br \/><\/strong>C\u2019est une question compliqu\u00e9e \u00e0 laquelle je n\u2019ai pas envie de r\u00e9pondre ce soir parce que je n\u2019ai pas tous les \u00e9l\u00e9ments. Aujourd\u2019hui, repartir \u00e0 la mairie du 6, apr\u00e8s deux mandats, j\u2019ai un peu pass\u00e9 l\u2019\u00e2ge. Ce qui est important pour moi, c\u2019est de me dire que j\u2019ai fait le boulot. Sur les trois collectivit\u00e9s et pendant pr\u00e8s de 11 ans. Cela dit, pour l\u2019instant, je ne l\u00e2che pas les gens.<\/p>\n<p><strong>\u00ab La Mairie du 6\u00e8me ? Il y a un paquet de candidats potentiels ! \u00bb<\/strong><\/p>\n<p><strong>Si vous ne vous repr\u00e9sentez pas en 2026, \u00e0 qui songez-vous pour prendre la suite\u00a0?<\/strong><br \/>Attendez, on a entendu une explosion (il rigole)\u00a0! Non, je ne songe \u00e0 personne\u00a0(rires) ! Le timing n\u2019est pas bon, c\u2019est encore trop chaud. \u00c0 l\u2019heure actuelle, il y a un paquet de candidats potentiels pour le 6\u00e8me\u00a0! Cette mise en retrait va me permettre de prendre trois mois de recul, de r\u00e9flexion \u00e0 ce sujet. Je pense que les gens peuvent le comprendre. Je ne mets pas le feu. Je dis aux \u00e9lus de ma majorit\u00e9\u00a0: \u2018\u2018Essayez de travailler ensemble\u2019\u2019.<\/p>\n<p><strong>Un r\u00f4le d\u2019ambassadeur qui lui tient \u00e0 c\u0153ur <\/strong><\/p>\n<p><img loading=\"lazy\" decoding=\"async\" aria-describedby=\"caption-attachment-159417\" class=\"lazy lazy-hidden size-full wp-image-159417\" data-lazy-type=\"image\" src=\"https:\/\/www.europesays.com\/fr\/wp-content\/uploads\/2025\/05\/07-Pascal-Blache.jpg\" alt=\"\" width=\"900\" height=\"675\"  \/><\/p>\n<p id=\"caption-attachment-159417\" class=\"wp-caption-text\">Pascal Blache et ses supporters r\u00e9unis au Splendid en 2021 par Olivier Bouzard, Samuel Soulier et Damien Gouy-Perret<\/p>\n<p><strong><br \/><\/strong><strong>En avril dernier, vous annonciez soutenir la candidature de Jean-Michel Aulas. Ferez-vous tout de m\u00eame campagne \u00e0 ses c\u00f4t\u00e9s ?<\/strong><br \/>Je r\u00e9it\u00e8re mon soutien \u00e0 Jean-Michel Aulas. Nous nous sommes retrouv\u00e9s autour d\u2019un caf\u00e9 au Rive Gauche. Nous avons \u00e9chang\u00e9 sur les chances de sa candidature. Il est revenu une deuxi\u00e8me fois en regardant comment organiser les choses. C\u2019est l\u00e0 que je peux lui \u00eatre utile. Grace \u00e0 mon carnet d\u2019adresses, je souhaite m\u2019impliquer en tant qu\u2019\u00ab\u00a0ambassadeur\u00a0\u00bb pour rassembler les bonnes volont\u00e9s de la vie politique et de la soci\u00e9t\u00e9 civile autour de sa personne.<\/p>\n<p><strong>Trouverez-vous la force de le soutenir ?<\/strong><br \/>Oui, car l\u2019enjeu est de taille. Si on gagne ces \u00e9lections, on aura la chance de faire repartir la ville du bon pied. Qui peut le faire \u00e0 la place de Jean-Michel Aulas\u00a0? Personne\u00a0!<\/p>\n<p><strong>Quid de Pierre Oliver et Georges K\u00e9p\u00e9n\u00e9kian\u00a0?<br \/><\/strong>Georges, c\u2019est un affectif. Alors il est affect\u00e9 par le fait qu\u2019on ne lui laisse pas la premi\u00e8re place, mais il doit \u00eatre lucide face au danger que repr\u00e9sente un second mandat \u00e9cologiste. La ville ne s\u2019en rel\u00e8verait pas. Je l\u2019encourage, tout comme Pierre Oliver \u2013 qui a toute la vie devant lui \u2013 \u00e0 constituer d\u00e8s \u00e0 pr\u00e9sent un ticket gagnant avec JMA.<\/p>\n<p><img loading=\"lazy\" decoding=\"async\" aria-describedby=\"caption-attachment-159418\" class=\"lazy lazy-hidden size-full wp-image-159418\" data-lazy-type=\"image\" src=\"https:\/\/www.europesays.com\/fr\/wp-content\/uploads\/2025\/05\/17-80EME-ANNIVERSAIRE-LIBERATION-DE-LYON-KB-07-09-2024-1.jpg\" alt=\"\" width=\"900\" height=\"600\"  \/><\/p>\n<p id=\"caption-attachment-159418\" class=\"wp-caption-text\">Au pupitre pour son discours c\u00e9l\u00e9brant le 80eme anniversaire de la Lib\u00e9ration de Lyon \u2013 Photo Karine Bourgain Lyon People<\/p>\n<p><strong>Vous avez pour habitude de dire que vous ne retenez du pass\u00e9 que le positif. Alors en s\u2019avan\u00e7ant un peu, quels souvenirs garderez-vous de votre mandat de maire du 6\u00e8me arrondissement ?<\/strong><br \/>Les tr\u00e8s bons souvenirs, ce sont les grands \u00e9v\u00e9nements. Quand on c\u00e9l\u00e8bre la Lib\u00e9ration de Lyon, avec une vraie c\u00e9r\u00e9monie et un d\u00e9fil\u00e9 de v\u00e9hicules militaires, c\u2019est un \u00e9v\u00e9nement marquant pour les Lyonnais qui veulent continuer \u00e0 entretenir cette m\u00e9moire. Avec Herv\u00e9 Brun, on a \u00e9galement sauv\u00e9 <strong>Pierre Orsi<\/strong>. On s\u2019est battu pour lui\u00a0(et le rachat par le groupe \u00c9picure) ! Et je me suis toujours battu pour conserver la qualit\u00e9 de vie de l\u2019arrondissement. Malgr\u00e9 notre manque de moyens, ce fut toujours ma priorit\u00e9\u00a0!<\/p>\n<p><strong>Quel bilan dressez-vous de vos 11 ann\u00e9es \u00e0 la mairie du 6eme ?<\/strong><br \/>Je suis ravi d\u2019avoir conserv\u00e9 une mairie de proximit\u00e9 avec les habitants, dans la lign\u00e9e de mes pr\u00e9d\u00e9cesseurs. C\u2019est dans ma nature d\u2019\u00eatre pr\u00e8s des gens. On fait tous les \u00e9v\u00e9nements marquants du calendrier, on organise des conf\u00e9rences et des r\u00e9unions th\u00e9matiques. On re\u00e7oit personnellement des personnes en difficult\u00e9s ou en projets. Et si on fait le calcul du nombre de personnes que l\u2019on a accueillies \u00e0 la Mairie du 6\u00e8me, c\u2019est un truc de fou\u00a0! On ne peut m\u00eame pas imaginer\u00a0! C\u2019est une fiert\u00e9 de me dire, on a fait tout cela pour les habitants du 6.<\/p>\n<p><img loading=\"lazy\" decoding=\"async\" aria-describedby=\"caption-attachment-159414\" class=\"lazy lazy-hidden size-full wp-image-159414\" data-lazy-type=\"image\" src=\"https:\/\/www.europesays.com\/fr\/wp-content\/uploads\/2025\/05\/04-Manon-et-Pascal-Blache-Valcena.jpg\" alt=\"\" width=\"900\" height=\"619\"  \/><\/p>\n<p id=\"caption-attachment-159414\" class=\"wp-caption-text\">Sa fille Manon est tr\u00e8s impliqu\u00e9e dans son entreprise Valcena<\/p>\n<p><strong>Pour l\u2019heure, vous \u00eates lib\u00e9r\u00e9 de vos obligations. \u00c0 60 ans, \u00e0 quoi va ressembler le futur de Pascal Blache\u00a0?<\/strong><br \/>La p\u00eache (rires)\u00a0! Non, l\u2019avenir tout de suite, c\u2019est mon activit\u00e9 professionnelle que je vais reprendre un peu en main avec ma fille Manon. Elle est tr\u00e8s op\u00e9rationnelle. J\u2019ai r\u00e9adapt\u00e9 mon entreprise* avec elle et mon associ\u00e9. On est 3, \u00e7a tourne tr\u00e8s bien comme cela.<\/p>\n<p><strong>C\u2019est le moment \u00e9galement de s\u2019occuper de votre famille\u00a0?<br \/><\/strong>Ma femme, Cristel, a toujours \u00e9t\u00e9 solide. On est mari\u00e9 depuis 35 ans, ce n\u2019est pas rien. Elle s\u2019est toujours occup\u00e9e de nos enfants, de nos petits-enfants. Elle ne l\u00e2che jamais rien, \u00e0 partir du moment o\u00f9 c\u2019est dans la sph\u00e8re familiale et des amis. Je la remercie de sa pr\u00e9sence et de son soutien constant durant toutes ces ann\u00e9es de vie publique.<\/p>\n<p><img loading=\"lazy\" decoding=\"async\" aria-describedby=\"caption-attachment-159415\" class=\"lazy lazy-hidden size-full wp-image-159415\" data-lazy-type=\"image\" src=\"https:\/\/www.europesays.com\/fr\/wp-content\/uploads\/2025\/05\/06-Christel-Merieux-Blache.jpg\" alt=\"\" width=\"900\" height=\"675\"  \/><\/p>\n<p id=\"caption-attachment-159415\" class=\"wp-caption-text\">Au c\u00f4t\u00e9 de son \u00e9pouse Christel M\u00e9rieux, lors du diner de gala de boxe du JALB au Pasino<\/p>\n<p>* Valcena, sp\u00e9cialis\u00e9e dans les produits de beaut\u00e9 pour les h\u00f4tels<\/p>\n","protected":false},"excerpt":{"rendered":"Propos recueillis par Morgan Couturier et Marco Polisson \u2013 \u00c0 la t\u00eate de la Mairie du 6\u00e8me arrondissement&hellip;\n","protected":false},"author":2,"featured_media":101249,"comment_status":"","ping_status":"","sticky":false,"template":"","format":"standard","meta":{"footnotes":""},"categories":[1889],"tags":[4257,1111,11,14246,2430,1777,674,1011,27,2428,12,21702,25],"class_list":{"0":"post-101248","1":"post","2":"type-post","3":"status-publish","4":"format-standard","5":"has-post-thumbnail","7":"category-lyon","8":"tag-0top","9":"tag-actu","10":"tag-actualites","11":"tag-actualites-lyon","12":"tag-auvergne-rhone-alpes","13":"tag-eu","14":"tag-europe","15":"tag-fr","16":"tag-france","17":"tag-lyon","18":"tag-news","19":"tag-pascal-blache","20":"tag-republique-francaise"},"share_on_mastodon":{"url":"https:\/\/pubeurope.com\/@fr\/114510417537003708","error":""},"_links":{"self":[{"href":"https:\/\/www.europesays.com\/fr\/wp-json\/wp\/v2\/posts\/101248","targetHints":{"allow":["GET"]}}],"collection":[{"href":"https:\/\/www.europesays.com\/fr\/wp-json\/wp\/v2\/posts"}],"about":[{"href":"https:\/\/www.europesays.com\/fr\/wp-json\/wp\/v2\/types\/post"}],"author":[{"embeddable":true,"href":"https:\/\/www.europesays.com\/fr\/wp-json\/wp\/v2\/users\/2"}],"replies":[{"embeddable":true,"href":"https:\/\/www.europesays.com\/fr\/wp-json\/wp\/v2\/comments?post=101248"}],"version-history":[{"count":0,"href":"https:\/\/www.europesays.com\/fr\/wp-json\/wp\/v2\/posts\/101248\/revisions"}],"wp:featuredmedia":[{"embeddable":true,"href":"https:\/\/www.europesays.com\/fr\/wp-json\/wp\/v2\/media\/101249"}],"wp:attachment":[{"href":"https:\/\/www.europesays.com\/fr\/wp-json\/wp\/v2\/media?parent=101248"}],"wp:term":[{"taxonomy":"category","embeddable":true,"href":"https:\/\/www.europesays.com\/fr\/wp-json\/wp\/v2\/categories?post=101248"},{"taxonomy":"post_tag","embeddable":true,"href":"https:\/\/www.europesays.com\/fr\/wp-json\/wp\/v2\/tags?post=101248"}],"curies":[{"name":"wp","href":"https:\/\/api.w.org\/{rel}","templated":true}]}}