{"id":101250,"date":"2025-05-15T06:24:08","date_gmt":"2025-05-15T06:24:08","guid":{"rendered":"https:\/\/www.europesays.com\/fr\/101250\/"},"modified":"2025-05-15T06:24:08","modified_gmt":"2025-05-15T06:24:08","slug":"la-fin-du-stationnement-gratuit-le-mois-daout-a-lyon-actee-ce-jeudi-en-conseil-municipal","status":"publish","type":"post","link":"https:\/\/www.europesays.com\/fr\/101250\/","title":{"rendered":"La fin du stationnement gratuit le mois d&rsquo;ao\u00fbt \u00e0 Lyon act\u00e9e ce jeudi en conseil municipal"},"content":{"rendered":"<p>La fin du stationnement gratuit le mois d&rsquo;ao\u00fbt \u00e0 Lyon act\u00e9 ce jeudi en conseil municipal &#8211; LyonMag<\/p>\n<p itemprop=\"description\"><strong>La Ville de Lyon validera la fin du stationnement gratuit au mois d\u2019ao\u00fbt ce jeudi.<\/strong><\/p>\n<p>Cela fait plusieurs semaines que le sujet fait pol\u00e9mique et c\u2019est en passe d&rsquo;\u00eatre act\u00e9 : vous ne pourrez plus garer votre v\u00e9hicule \u00e0 Lyon sans payer au mois d\u2019ao\u00fbt.<\/p>\n<p>La Ville de Lyon, par le biais de l\u2019adjoint \u00e0 la Mobilit\u00e9 et aux Espaces publics, <a href=\"https:\/\/www.lyonmag.com\/profil-personnalite-lyonnaise\/560\/valentin-lungenstrass\" target=\"_blank\" rel=\"noopener\">Valentin Lungenstrass<\/a>, a annonc\u00e9 \u00e0 nos confr\u00e8res de Tribune de Lyon sa d\u00e9cision de mettre un terme \u00e0 la gratuit\u00e9 des places de stationnement au mois d\u2019ao\u00fbt. Un \u00ab\u00a0cadeau\u00a0\u00bb historique aux automobilistes qui va donc prendre fin cette ann\u00e9e.<\/p>\n<p>\u00c0 l\u2019origine, la municipalit\u00e9 r\u00e9fl\u00e9chissait \u00e0 allonger les plages horaires du stationnement payant de 19h \u00e0 20h et enlever la gratuit\u00e9 pendant huit dimanches dans l\u2019ann\u00e9e, en plus de retirer la gratuit\u00e9 du mois d\u2019ao\u00fbt. Tout cela, dans le but de gagner 1,5 million d\u2019euros dans le cadre des coupes budg\u00e9taires r\u00e9clam\u00e9es par l&rsquo;Etat.<\/p>\n<p>Finalement, seul le sc\u00e9nario du mois d\u2019ao\u00fbt sera soumis au vote des \u00e9lus ce jeudi au conseil municipal. Ce seront tout de m\u00eame pr\u00e8s de 650 000 euros suppl\u00e9mentaires qui rentreront dans les caisses de la Ville. Et cela, en partie gr\u00e2ce au tarif major\u00e9 applicable aux plus gros v\u00e9hicules depuis l\u2019\u00e9t\u00e9. Ils devront payer 50 centimes de plus.<\/p>\n","protected":false},"excerpt":{"rendered":"La fin du stationnement gratuit le mois d&rsquo;ao\u00fbt \u00e0 Lyon act\u00e9 ce jeudi en conseil municipal &#8211; LyonMag&hellip;\n","protected":false},"author":2,"featured_media":101251,"comment_status":"","ping_status":"","sticky":false,"template":"","format":"standard","meta":{"footnotes":""},"categories":[1889],"tags":[1111,11,2813,2190,2430,1109,251,1112,2811,1777,674,118,1011,27,1922,1110,1114,2428,2810,12,241,316,25,2812,517,800],"class_list":{"0":"post-101250","1":"post","2":"type-post","3":"status-publish","4":"format-standard","5":"has-post-thumbnail","7":"category-lyon","8":"tag-actu","9":"tag-actualites","10":"tag-article","11":"tag-asvel","12":"tag-auvergne-rhone-alpes","13":"tag-breves","14":"tag-culture","15":"tag-depeches","16":"tag-economique","17":"tag-eu","18":"tag-europe","19":"tag-faits-divers","20":"tag-fr","21":"tag-france","22":"tag-info","23":"tag-informations","24":"tag-infos","25":"tag-lyon","26":"tag-lyonmag","27":"tag-news","28":"tag-ol","29":"tag-politique","30":"tag-republique-francaise","31":"tag-sociale","32":"tag-sport","33":"tag-transports"},"share_on_mastodon":{"url":"https:\/\/pubeurope.com\/@fr\/114510421252199677","error":""},"_links":{"self":[{"href":"https:\/\/www.europesays.com\/fr\/wp-json\/wp\/v2\/posts\/101250","targetHints":{"allow":["GET"]}}],"collection":[{"href":"https:\/\/www.europesays.com\/fr\/wp-json\/wp\/v2\/posts"}],"about":[{"href":"https:\/\/www.europesays.com\/fr\/wp-json\/wp\/v2\/types\/post"}],"author":[{"embeddable":true,"href":"https:\/\/www.europesays.com\/fr\/wp-json\/wp\/v2\/users\/2"}],"replies":[{"embeddable":true,"href":"https:\/\/www.europesays.com\/fr\/wp-json\/wp\/v2\/comments?post=101250"}],"version-history":[{"count":0,"href":"https:\/\/www.europesays.com\/fr\/wp-json\/wp\/v2\/posts\/101250\/revisions"}],"wp:featuredmedia":[{"embeddable":true,"href":"https:\/\/www.europesays.com\/fr\/wp-json\/wp\/v2\/media\/101251"}],"wp:attachment":[{"href":"https:\/\/www.europesays.com\/fr\/wp-json\/wp\/v2\/media?parent=101250"}],"wp:term":[{"taxonomy":"category","embeddable":true,"href":"https:\/\/www.europesays.com\/fr\/wp-json\/wp\/v2\/categories?post=101250"},{"taxonomy":"post_tag","embeddable":true,"href":"https:\/\/www.europesays.com\/fr\/wp-json\/wp\/v2\/tags?post=101250"}],"curies":[{"name":"wp","href":"https:\/\/api.w.org\/{rel}","templated":true}]}}