{"id":1012513,"date":"2026-06-20T10:30:18","date_gmt":"2026-06-20T10:30:18","guid":{"rendered":"https:\/\/www.europesays.com\/fr\/1012513\/"},"modified":"2026-06-20T10:30:18","modified_gmt":"2026-06-20T10:30:18","slug":"metropole-de-lyon-pas-de-clim-dans-cet-hopital-malgre-la-canicule-je-nai-pas-dormi-pendant-trois-semaines","status":"publish","type":"post","link":"https:\/\/www.europesays.com\/fr\/1012513\/","title":{"rendered":"M\u00e9tropole de Lyon. Pas de clim dans cet h\u00f4pital malgr\u00e9 la canicule\u00a0: \u00ab\u00a0Je n\u2019ai pas dormi pendant trois semaines\u00a0\u00bb"},"content":{"rendered":"<p>\u00ab\u00a0J\u2019ai \u00e9t\u00e9 hospitalis\u00e9e trois semaines \u00e0 l\u2019h\u00f4pital public de Pierre-B\u00e9nite. J\u2019ai \u00e9t\u00e9 bien soign\u00e9e, mais une chose m\u2019a r\u00e9volt\u00e9e, la climatisation ne marchait pas\u00a0\u00bb, explique au Progr\u00e8s cette octog\u00e9naire rhodanienne, qui veut rester anonyme.<\/p>\n<p>Durant ce s\u00e9jour \u00e0 Lyon Sud, elle a tr\u00e8s mal v\u00e9cu l\u2019\u00e9pisode de fortes chaleurs de la fin du mois. Le thermom\u00e8tre avait d\u00e9pass\u00e9 les 30 degr\u00e9s \u00e0 cette p\u00e9riode atteignant jusqu\u2019\u00e0 33\u00a0\u00b0C. \u00ab\u00a0J\u2019\u00e9tais dans une chambre avec deux fen\u00eatres, l\u2019une \u00e9tait cass\u00e9e, l\u2019autre \u00e9tait bloqu\u00e9e, on ne pouvait que l\u2019entrouvrir\u00a0\u00bb assure-t-elle. Insuffisant pour rafra\u00eechir la chambre la nuit.<\/p>\n<p>  \u00ab\u00a0On met les gens en p\u00e9ril\u00a0\u00bb<\/p>\n<p>\u00ab\u00a0Je n\u2019ai rien dormi pendant trois semaines, c\u2019\u00e9tait d\u00e9mentiel\u00a0\u00bb, poursuit notre interlocutrice qui a cherch\u00e9 \u00e0 avoir des explications aupr\u00e8s des soignants, mais n\u2019a pas obtenu de r\u00e9ponses satisfaisantes selon elle.<\/p>\n<p>\u00ab\u00a0J\u2019ai \u00e9t\u00e9 soign\u00e9e pour le mieux, mais je pense qu\u2019ils perdent 50\u00a0% de l\u2019efficacit\u00e9 des traitements \u00e0 cause de cette chaleur. On met les gens en p\u00e9ril \u00e0 cause de la clim qui ne marche pas. Avec la canicule, je pense <a href=\"https:\/\/www.leprogres.fr\/environnement\/2025\/07\/01\/canicule-dans-les-hopitaux-a-lyon-32-c-dans-des-chambres-malgre-la-clim\" target=\"_blank\" rel=\"nofollow noopener\">\u00e0 tous les malades qui vont subir<\/a> \u00a0\u00bb, dit-elle.<\/p>\n<p>  Pas encore de suractivit\u00e9 li\u00e9e \u00e0 la chaleur<\/p>\n<p>Contact\u00e9 le 12\u00a0juin, le service communication des HCL n\u2019a pas apport\u00e9 de r\u00e9ponses sur le cas de l\u2019h\u00f4pital Lyon Sud ou sur les mesures mises en place par les HCL pour g\u00e9rer la canicule en cours. \u00ab\u00a0\u00c0 ce stade, nous avons fait un point avec les responsables du Samu et il n\u2019y a, pour l\u2019instant, aucune suractivit\u00e9 li\u00e9e \u00e0 la chaleur\u00a0\u00bb, assurent par ailleurs les HCL ce vendredi. Mais les pics d\u2019admissions surviennent g\u00e9n\u00e9ralement apr\u00e8s plusieurs jours de fortes chaleurs.<\/p>\n<p>Au niveau national, Sant\u00e9 publique France a not\u00e9 d\u00e8s le 22\u00a0mai, lors du premier \u00e9pisode de chaleur, \u00ab\u00a0une augmentation progressive des consultations\u00a0\u00bb dans les services d\u2019urgence et SOS M\u00e9decins avec un pic le 26\u00a0mai avec 411 passages aux urgences et 253 interventions de SOS M\u00e9decins. Le nombre d\u2019hospitalisations apr\u00e8s passage aux urgences li\u00e9 aux effets de la chaleur (hyperthermies, d\u00e9shydratations, hyponatr\u00e9mies et malaises) a augment\u00e9 d\u00e8s le 22\u00a0mai, avec plus d\u2019une centaine de cas quotidiens et jusqu\u2019\u00e0 230 hospitalisations le 29\u00a0mai.<\/p>\n","protected":false},"excerpt":{"rendered":"\u00ab\u00a0J\u2019ai \u00e9t\u00e9 hospitalis\u00e9e trois semaines \u00e0 l\u2019h\u00f4pital public de Pierre-B\u00e9nite. J\u2019ai \u00e9t\u00e9 bien soign\u00e9e, mais une chose m\u2019a&hellip;\n","protected":false},"author":2,"featured_media":1012514,"comment_status":"","ping_status":"","sticky":false,"template":"","format":"standard","meta":{"footnotes":"","_share_on_mastodon":"0"},"categories":[1889],"tags":[1111,11,2430,6698,3154,436,1777,674,107,1011,27,2428,8423,12,15665,15666,25,2429,71],"class_list":["post-1012513","post","type-post","status-publish","format-standard","has-post-thumbnail","category-lyon","tag-actu","tag-actualites","tag-auvergne-rhone-alpes","tag-canicule","tag-edition-sud-lyonnais","tag-environnement","tag-eu","tag-europe","tag-fil-info","tag-fr","tag-france","tag-lyon","tag-meteorologie-climat","tag-news","tag-oullins-pierre-benite","tag-oullins-ville","tag-republique-francaise","tag-rhone","tag-sante"],"share_on_mastodon":{"url":"https:\/\/pubeurope.com\/@fr\/116781974925375537","error":""},"_links":{"self":[{"href":"https:\/\/www.europesays.com\/fr\/wp-json\/wp\/v2\/posts\/1012513","targetHints":{"allow":["GET"]}}],"collection":[{"href":"https:\/\/www.europesays.com\/fr\/wp-json\/wp\/v2\/posts"}],"about":[{"href":"https:\/\/www.europesays.com\/fr\/wp-json\/wp\/v2\/types\/post"}],"author":[{"embeddable":true,"href":"https:\/\/www.europesays.com\/fr\/wp-json\/wp\/v2\/users\/2"}],"replies":[{"embeddable":true,"href":"https:\/\/www.europesays.com\/fr\/wp-json\/wp\/v2\/comments?post=1012513"}],"version-history":[{"count":0,"href":"https:\/\/www.europesays.com\/fr\/wp-json\/wp\/v2\/posts\/1012513\/revisions"}],"wp:featuredmedia":[{"embeddable":true,"href":"https:\/\/www.europesays.com\/fr\/wp-json\/wp\/v2\/media\/1012514"}],"wp:attachment":[{"href":"https:\/\/www.europesays.com\/fr\/wp-json\/wp\/v2\/media?parent=1012513"}],"wp:term":[{"taxonomy":"category","embeddable":true,"href":"https:\/\/www.europesays.com\/fr\/wp-json\/wp\/v2\/categories?post=1012513"},{"taxonomy":"post_tag","embeddable":true,"href":"https:\/\/www.europesays.com\/fr\/wp-json\/wp\/v2\/tags?post=1012513"}],"curies":[{"name":"wp","href":"https:\/\/api.w.org\/{rel}","templated":true}]}}