{"id":1012537,"date":"2026-06-20T10:43:16","date_gmt":"2026-06-20T10:43:16","guid":{"rendered":"https:\/\/www.europesays.com\/fr\/1012537\/"},"modified":"2026-06-20T10:43:16","modified_gmt":"2026-06-20T10:43:16","slug":"de-hauts-risques-de-violation-des-droits-humains-lonu-profondement-inquiete-de-la-nouvelle-legislation-europeenne-sur-les-hubs-de-retour","status":"publish","type":"post","link":"https:\/\/www.europesays.com\/fr\/1012537\/","title":{"rendered":"De hauts risques de violation des droits humains\u00a0\u00bb: l&rsquo;ONU profond\u00e9ment inqui\u00e8te de la nouvelle l\u00e9gislation europ\u00e9enne sur les \u00ab\u00a0hubs de retour"},"content":{"rendered":"<p class=\"ap-StoryElement ap-StoryElement--mb ap-StoryText\">\u00ab\u00a0Les pays de l&rsquo;UE ne peuvent pas simplement externaliser dans des pays tiers leurs obligations en termes de droits humains\u00a0\u00bb, a d\u00e9clar\u00e9 dans un communiqu\u00e9 <a href=\"https:\/\/www.lalibre.be\/international\/moyen-orient\/2026\/02\/27\/le-chef-des-droits-de-lhomme-de-lonu-extremement-alarme-du-risque-descalade-militaire-regionale-en-iran-IG4QAIA2IJFOXMNCF36BMUJPW4\/\" target=\"_self\" rel=\"nofollow noopener\">Volker Turk<\/a>, le haut commissaire de l&rsquo;ONU aux Droits humains.<\/p>\n<p><a href=\"https:\/\/www.lalibre.be\/debats\/edito\/2026\/06\/02\/lindigne-politique-de-retour-de-lue-MLBFDKDGKZDJJP5KLAGTKB7ZEQ\/\" target=\"_self\" class=\"ap-StoryInterstitialLink ap-StoryElement ap-StoryElement--mb\" rel=\"nofollow noopener\">L&rsquo;indigne politique de retour de l&rsquo;Union europ\u00e9enne<\/a><\/p>\n<p class=\"ap-StoryElement ap-StoryElement--mb ap-StoryText\">\u00ab\u00a0La d\u00e9tention et le retour vers des pays tiers de personnes vuln\u00e9rables, y compris des enfants, sont un exercice particuli\u00e8rement d\u00e9licat du pouvoir \u00e9tatique, et portent de hauts risques de violation des droits humains\u00a0\u00bb, a-t-il ajout\u00e9.<\/p>\n<p class=\"ap-StoryElement ap-StoryElement--mb ap-StoryText\">Il a soulign\u00e9 qu&rsquo;il devait y avoir dans ce cadre \u00ab\u00a0une attention particuli\u00e8re \u00e0 la protection des droits humains et de la dignit\u00e9 &#8211; dans les faits et dans la loi\u00a0\u00bb.<\/p>\n<p class=\"ap-StoryElement ap-StoryElement--mb ap-StoryText\">Aujourd&rsquo;hui dans l&rsquo;Union europ\u00e9enne, environ 20% des d\u00e9cisions d&rsquo;expulsion des \u00e9trangers en situation irr\u00e9guli\u00e8re aboutissent r\u00e9ellement \u00e0 un retour, une statistique tr\u00e8s critiqu\u00e9e par les partisans d&rsquo;une ligne migratoire plus ferme.<\/p>\n<p class=\"ap-StoryElement ap-StoryElement--mb ap-StoryText\">Sous pression pour serrer la vis, la Commission europ\u00e9enne a donc pr\u00e9sent\u00e9 il y a un an un texte visant \u00e0 augmenter le nombre d&rsquo;expulsions, au grand dam des \u00e9lus de gauche et des ONG de d\u00e9fense des droits humains.<\/p>\n<p><a href=\"https:\/\/www.lalibre.be\/international\/europe\/2026\/06\/02\/le-parlement-europeen-et-les-vingt-sept-sentendent-pour-durcir-les-mecanismes-dexpulsion-des-etrangers-en-sejour-irregulier-6TNZO2LW35A6RCAKXVEMFUK6WM\/\" target=\"_self\" class=\"ap-StoryInterstitialLink ap-StoryElement ap-StoryElement--mb\" rel=\"nofollow noopener\">Le Parlement europ\u00e9en et les Vingt-sept s&rsquo;entendent pour durcir les m\u00e9canismes d&rsquo;expulsion des \u00e9trangers en s\u00e9jour irr\u00e9gulier<\/a><\/p>\n<p class=\"ap-StoryElement ap-StoryElement--mb ap-StoryText\">\u00ab\u00a0La l\u00e9gislation internationale sur les droits humains et sur les r\u00e9fugi\u00e9s est tr\u00e8s claire: personne ne devrait \u00eatre renvoy\u00e9 vers un endroit o\u00f9 il risquerait de graves violations des droits humains\u00a0\u00bb, a soulign\u00e9 M. Turk.<\/p>\n<p class=\"ap-StoryElement ap-StoryElement--mb ap-StoryText\">\u00ab\u00a0C&rsquo;est le principe fondamental du non-refoulement. Il doit \u00eatre pleinement respect\u00e9 par tous les pays et territoires, en toutes circonstances\u00a0\u00bb, a-t-il ajout\u00e9.<\/p>\n<p class=\"ap-StoryElement ap-StoryElement--mb ap-StoryText\">\u00ab\u00a0Les d\u00e9cisions d&rsquo;expulsion doivent toujours \u00eatre fond\u00e9es sur des d\u00e9cisions individuelles et ne doivent pas prendre effet avant la conclusion des proc\u00e9dures d&rsquo;appel\u00a0\u00bb, a-t-il dit.<\/p>\n<p class=\"ap-StoryElement ap-StoryElement--mb ap-StoryText\">Le haut commissaire aux Droits humains a soulign\u00e9 la n\u00e9cessit\u00e9 d&rsquo;une approche de la question \u00ab\u00a0prenant en compte la contribution des migrants aux soci\u00e9t\u00e9s et \u00e9conomies europ\u00e9ennes\u00a0\u00bb.<\/p>\n","protected":false},"excerpt":{"rendered":"\u00ab\u00a0Les pays de l&rsquo;UE ne peuvent pas simplement externaliser dans des pays tiers leurs obligations en termes de&hellip;\n","protected":false},"author":2,"featured_media":1012538,"comment_status":"","ping_status":"","sticky":false,"template":"","format":"standard","meta":{"footnotes":"","_share_on_mastodon":"0"},"categories":[1586],"tags":[11,19279,1777,674,1779,1011,27,1061,421,12,3521,316,25,1778,364,105942],"class_list":["post-1012537","post","type-post","status-publish","format-standard","has-post-thumbnail","category-europe","tag-actualites","tag-droitshumains","tag-eu","tag-europe","tag-european-union","tag-fr","tag-france","tag-immigration","tag-lois","tag-news","tag-onu","tag-politique","tag-republique-francaise","tag-ue","tag-union-europeenne","tag-volker-turk"],"share_on_mastodon":{"url":"https:\/\/pubeurope.com\/@fr\/116782026549891020","error":""},"_links":{"self":[{"href":"https:\/\/www.europesays.com\/fr\/wp-json\/wp\/v2\/posts\/1012537","targetHints":{"allow":["GET"]}}],"collection":[{"href":"https:\/\/www.europesays.com\/fr\/wp-json\/wp\/v2\/posts"}],"about":[{"href":"https:\/\/www.europesays.com\/fr\/wp-json\/wp\/v2\/types\/post"}],"author":[{"embeddable":true,"href":"https:\/\/www.europesays.com\/fr\/wp-json\/wp\/v2\/users\/2"}],"replies":[{"embeddable":true,"href":"https:\/\/www.europesays.com\/fr\/wp-json\/wp\/v2\/comments?post=1012537"}],"version-history":[{"count":0,"href":"https:\/\/www.europesays.com\/fr\/wp-json\/wp\/v2\/posts\/1012537\/revisions"}],"wp:featuredmedia":[{"embeddable":true,"href":"https:\/\/www.europesays.com\/fr\/wp-json\/wp\/v2\/media\/1012538"}],"wp:attachment":[{"href":"https:\/\/www.europesays.com\/fr\/wp-json\/wp\/v2\/media?parent=1012537"}],"wp:term":[{"taxonomy":"category","embeddable":true,"href":"https:\/\/www.europesays.com\/fr\/wp-json\/wp\/v2\/categories?post=1012537"},{"taxonomy":"post_tag","embeddable":true,"href":"https:\/\/www.europesays.com\/fr\/wp-json\/wp\/v2\/tags?post=1012537"}],"curies":[{"name":"wp","href":"https:\/\/api.w.org\/{rel}","templated":true}]}}