{"id":1012660,"date":"2026-06-20T12:02:19","date_gmt":"2026-06-20T12:02:19","guid":{"rendered":"https:\/\/www.europesays.com\/fr\/1012660\/"},"modified":"2026-06-20T12:02:19","modified_gmt":"2026-06-20T12:02:19","slug":"bar-le-duc-une-bonne-nouvelle-une-bonne-chose-le-minigolf-va-rouvrir-durant-les-vacances-dete","status":"publish","type":"post","link":"https:\/\/www.europesays.com\/fr\/1012660\/","title":{"rendered":"Bar-le-Duc. \u00ab Une bonne nouvelle \u00bb, \u00ab une bonne chose \u00bb : le minigolf va rouvrir durant les vacances d\u2019\u00e9t\u00e9"},"content":{"rendered":"<p>Ferm\u00e9 au public depuis 2025, le minigolf va rouvrir public. Pour l\u2019instant, pour une p\u00e9riode provisoire, du 7 juillet au 30 ao\u00fbt. Le conseil municipal r\u00e9uni jeudi soir, en effet, a act\u00e9 la mise \u00e0 disposition gratuite de cet \u00e9quipement, pour deux mois \u00e0 partir du 1er juillet, <a href=\"https:\/\/www.estrepublicain.fr\/sante\/2026\/03\/30\/les-femmes-et-leur-bien-etre-au-coeur-des-actions-de-fete-le-mur\" target=\"_blank\" rel=\"nofollow noopener\">\u00e0 l\u2019association F\u00eate le mur.<\/a> Et de lui octroyer en m\u00eame temps une subvention exceptionnelle de 10 000 \u20ac afin de pouvoir en assurer le bon fonctionnement, dans le cadre d\u2019un projet intitul\u00e9 \u00ab Green and grenadine : un \u00e9t\u00e9 anim\u00e9 au minigolf de la C\u00f4te Sainte-Catherine \u00bb.<\/p>\n<p>Celui-ci pr\u00e9voit une ouverture, du mardi au dimanche, tous les apr\u00e8s-midi. L\u2019exploitation du minigolf s\u2019accompagnera de la mise en place d\u2019une buvette et d\u2019un service de petite restauration (boissons fra\u00eeches&#8230;<\/p>\n","protected":false},"excerpt":{"rendered":"Ferm\u00e9 au public depuis 2025, le minigolf va rouvrir public. Pour l\u2019instant, pour une p\u00e9riode provisoire, du 7&hellip;\n","protected":false},"author":2,"featured_media":1012661,"comment_status":"","ping_status":"","sticky":false,"template":"","format":"standard","meta":{"footnotes":"","_share_on_mastodon":"0"},"categories":[1418],"tags":[3600,3601,1984,6084,33,3602,1011,27,1472,316,104,60,1631],"class_list":["post-1012660","post","type-post","status-publish","format-standard","has-post-thumbnail","category-golf","tag-bar-le-duc","tag-bar-le-duc-ville-55a","tag-conseil-municipal","tag-droit","tag-economie","tag-edition-bar-le-duc","tag-fr","tag-france","tag-golf","tag-politique","tag-societe","tag-sports","tag-vie-associative"],"share_on_mastodon":{"url":"https:\/\/pubeurope.com\/@fr\/116782337010679842","error":""},"_links":{"self":[{"href":"https:\/\/www.europesays.com\/fr\/wp-json\/wp\/v2\/posts\/1012660","targetHints":{"allow":["GET"]}}],"collection":[{"href":"https:\/\/www.europesays.com\/fr\/wp-json\/wp\/v2\/posts"}],"about":[{"href":"https:\/\/www.europesays.com\/fr\/wp-json\/wp\/v2\/types\/post"}],"author":[{"embeddable":true,"href":"https:\/\/www.europesays.com\/fr\/wp-json\/wp\/v2\/users\/2"}],"replies":[{"embeddable":true,"href":"https:\/\/www.europesays.com\/fr\/wp-json\/wp\/v2\/comments?post=1012660"}],"version-history":[{"count":0,"href":"https:\/\/www.europesays.com\/fr\/wp-json\/wp\/v2\/posts\/1012660\/revisions"}],"wp:featuredmedia":[{"embeddable":true,"href":"https:\/\/www.europesays.com\/fr\/wp-json\/wp\/v2\/media\/1012661"}],"wp:attachment":[{"href":"https:\/\/www.europesays.com\/fr\/wp-json\/wp\/v2\/media?parent=1012660"}],"wp:term":[{"taxonomy":"category","embeddable":true,"href":"https:\/\/www.europesays.com\/fr\/wp-json\/wp\/v2\/categories?post=1012660"},{"taxonomy":"post_tag","embeddable":true,"href":"https:\/\/www.europesays.com\/fr\/wp-json\/wp\/v2\/tags?post=1012660"}],"curies":[{"name":"wp","href":"https:\/\/api.w.org\/{rel}","templated":true}]}}