{"id":101276,"date":"2025-05-15T06:38:10","date_gmt":"2025-05-15T06:38:10","guid":{"rendered":"https:\/\/www.europesays.com\/fr\/101276\/"},"modified":"2025-05-15T06:38:10","modified_gmt":"2025-05-15T06:38:10","slug":"en-direct-pourparlers-en-turquie-sur-lukraine-zelensky-doit-rencontrer-erdogan-a-ankara","status":"publish","type":"post","link":"https:\/\/www.europesays.com\/fr\/101276\/","title":{"rendered":"EN DIRECT &#8211; Pourparlers en Turquie sur l&rsquo;Ukraine : Zelensky doit rencontrer Erdogan \u00e0 Ankara"},"content":{"rendered":"<p>Des pourparlers de paix ont lieu ce jeudi en Turquie, mais sans Vladimir Poutine.Selon ce qu&rsquo;a indiqu\u00e9 un responsable ukrainien \u00e0 l&rsquo;AFP, Volodymyr Zelensky doit rencontrer Erdogan \u00e0 Ankara, puis d\u00e9cider des \u00ab\u00a0prochaines \u00e9tapes\u00a0\u00bb des pourparlers avec la Russie.Suivez les derni\u00e8res informations en direct.Minute par minute08:28ZELENSKY VA RENCONTRER ERDOGAN<\/p>\n<p>Le pr\u00e9sident ukrainien Volodymyr Zelensky laisse toujours planer le flou sur sa pr\u00e9sence en personne, ou non, aux pourparlers directs avec la Russie. Le dirigeant a en tout cas bien effectu\u00e9 le d\u00e9placement en Turquie&#8230; mais \u00e0 Ankara, la capitale du pays, et non pas \u00e0 Istanbul, o\u00f9 doivent se tenir les discussions russo-ukrainiennes.\u00a0<\/p>\n<p>Selon un responsable ukrainien, Volodymyr Zelensky doit s&rsquo;entretenir avec le pr\u00e9sident turc Recep Tayyip Erdo\u011fan \u00e0 Ankara ce jeudi, avant de d\u00e9cider des \u00ab\u00a0prochaines \u00e9tapes\u00a0\u00bb des pourparlers sur le conflit.<\/p>\n<p>08:04LA D\u00c9L\u00c9GATION RUSSE EN TURQUIE<\/p>\n<p>La d\u00e9l\u00e9gation russe, compos\u00e9e du conseiller pr\u00e9sidentiel Vladimir Medinski, du vice-ministre des Affaires \u00e9trang\u00e8res Mikha\u00efl Galouzine et du vice-ministre de la D\u00e9fense Alexandre Fomine, est bien arriv\u00e9e en Turquie pour participer \u00e0 des n\u00e9gociations directes avec les Ukrainiens, selon l&rsquo;agence d&rsquo;Etat russe Ria Novosti.<\/p>\n<p>07:50RENCONTRE AVEC JEAN-NO\u00cbL BARROT<\/p>\n<p>Le ministre ukrainien des Affaires \u00e9trang\u00e8res, Andr\u00ef\u00ef Sybiga, a partag\u00e9 sur X une vid\u00e9o d&rsquo;une rencontre ce jeudi avec plusieurs de ses homologues europ\u00e9ens, dont le ministre fran\u00e7ais Jean-No\u00ebl Barrot. Des responsables allemands et polonais \u00e9taient \u00e9galement pr\u00e9sents lors de cette r\u00e9union.<\/p>\n<blockquote data-testid=\"EmbedTwitter\" id=\"tweet-1922890082928701768-:Recd6mb6ij9n79m:\" class=\"jsx-aeff1a1c40f54d7a twitter-tweet flex justify-center items-center\"><p>Started the day by meeting our close friends in the Weimar+ format: \ud83c\uddeb\ud83c\uddf7 @JNBarrot \ud83c\udde9\ud83c\uddea @AussenMinDE \ud83c\uddf5\ud83c\uddf1  @sikorskiradek . I reiterated President  @ZelenskyyUa \u2019s commitment to advancing peace efforts and informed our partners about the latest developments on the battlefield and at the\u2026  pic.twitter.com\/fTnALI5hwb \u2014 Andrii Sybiha \ud83c\uddfa\ud83c\udde6 (@andrii_sybiha)  May 15, 2025<\/p><\/blockquote>\n<p>07:46MARK RUTTE \u00ab\u00a0PRUDEMMENT OPTIMISTE\u00a0\u00bb<\/p>\n<p>Le secr\u00e9taire g\u00e9n\u00e9ral de l&rsquo;Otan Mark Rutte se dit \u00ab\u00a0prudemment optimiste\u00a0\u00bb avant le d\u00e9but des n\u00e9gociations entre Russie et Ukraine, ce jeudi, \u00e0 Istanbul. Pour l&rsquo;ex-Premier ministre n\u00e9erlandais, il appartient \u00e0 Moscou de franchir \u00ab\u00a0les prochaines \u00e9tapes\u00a0\u00bb pour avancer vers la paix, a-t-il d\u00e9clar\u00e9 ce jeudi en Turquie, o\u00f9 il va assister \u00e0 une r\u00e9union des ministres des Affaires \u00e9trang\u00e8res de l&rsquo;Otan. \u00ab\u00a0Des progr\u00e8s pourraient \u00eatre r\u00e9alis\u00e9s au cours des deux prochaines semaines\u00a0\u00bb, croit-il.<\/p>\n<p>06:57RUBIO ET WITKOFF PR\u00c9SENTS EN TURQUIE<\/p>\n<p>Selon plusieurs m\u00e9dias anglo-saxons, une d\u00e9l\u00e9gation am\u00e9ricaine devrait \u00eatre bien pr\u00e9sente \u00e0 Instanbul \u00e0 l&rsquo;occasion des n\u00e9gociations directes entre Russes et Ukrainiens. La date de leur arriv\u00e9e, jeudi ou vendredi, n&rsquo;est en revanche pas encore confirm\u00e9e. Le secr\u00e9taire d&rsquo;\u00c9tat Marco Rubio et l&rsquo;envoy\u00e9 sp\u00e9cial de Donald Trump Steve Witkoff, qui a rencontr\u00e9 \u00e0 de multiples reprises le pr\u00e9sident Vladimir Poutine, devraient faire le d\u00e9placement en Turquie.<\/p>\n<p>06:52PAS DE VLADIMIR POUTINE EN TURQUIE<\/p>\n<p>Le pr\u00e9sident russe a envoy\u00e9 une d\u00e9l\u00e9gation pour repr\u00e9senter Moscou lors des pourparlers directs engag\u00e9s avec l&rsquo;Ukraine ce jeudi \u00e0 Istanbul.<\/p>\n<p>International<img decoding=\"async\" src=\"https:\/\/www.europesays.com\/fr\/wp-content\/uploads\/2025\/05\/vladimir-poutine-en-visioconference-face-a-son-etat-major-le-26-avril-2025-7549a5-1@1x.jpeg\" alt=\"Guerre en Ukraine : Vladimir Poutine ne se rendra pas aux pourparlers de paix en Turquie\" loading=\"lazy\" importance=\"low\" fetchpriority=\"low\" class=\"\" aria-hidden=\"true\"\/><\/p>\n<p>Publi\u00e9 hier \u00e0 23h03<\/p>\n<p>06:51PREMIERS POURPARLERS <\/p>\n<p>Le pr\u00e9sident ukrainien Volodymyr Zelensky doit rencontrer ce jeudi \u00e0 Istanbul, en Turquie, plusieurs <br \/>repr\u00e9sentants russes diligent\u00e9s par le Kremlin. Il s&rsquo;agit l\u00e0 des premi\u00e8res n\u00e9gociations directes organis\u00e9es depuis la fin de 2022. Vladimir Poutine, qui avait appel\u00e9 lui-m\u00eame \u00e0 cette rencontre, ne se rendra pas sur place.\u00a0<\/p>\n<p>06:48BIENVENUE<\/p>\n<p>Bonjour \u00e0 toutes et \u00e0 tous et bienvenue sur ce direct consacr\u00e9 \u00e0 la guerre en Ukraine.<\/p>\n<p data-module=\"article-paragraph\" class=\"jsx-362436225 Paragraph Paragraph__End\">Le pr\u00e9sident russe <a href=\"https:\/\/www.tf1info.fr\/international\/guerre-ukraine-russie-vladimir-poutine-ne-se-rendra-pas-aux-pourparlers-de-paix-en-turquie-istanbul-cessez-le-feu-2370876.html\" target=\"_blank\" rel=\"noopener\">Vladimir Poutine<\/a> n&rsquo;assistera pas, ce jeudi 15 mai \u00e0 Istanbul, aux <a href=\"https:\/\/www.tf1info.fr\/international\/interview-guerre-ukraine-russie-c-est-un-jeu-d-equilibriste-entre-la-russie-moscou-et-l-ukraine-kiev-la-delicate-position-de-la-turquie-2370466.html\" target=\"_blank\" rel=\"noopener\">pourparlers directs avec les Ukrainiens<\/a>, malgr\u00e9 l&rsquo;invitation de son homologue am\u00e9ricain, Donald Trump, qui avait \u00e9voqu\u00e9 \u00ab\u00a0la possibilit\u00e9\u00a0\u00bb d&rsquo;aller en Turquie si son homologue russe en faisait de m\u00eame.<\/p>\n<p data-module=\"article-paragraph\" class=\"jsx-362436225 Paragraph\">Le Kremlin a d\u00e9voil\u00e9 mercredi soir les membres de la d\u00e9l\u00e9gation qui se rendront \u00e0 Istanbul jeudi, sans mention du nom de Vladimir Poutine qui avait \u00e9t\u00e9 \u00e9galement invit\u00e9 \u00e0 s&rsquo;y rendre par son homologue Volodymyr Zelensky.<\/p>\n<p data-module=\"article-paragraph\" class=\"jsx-362436225 Paragraph Paragraph__End\">La d\u00e9l\u00e9gation russe sera men\u00e9e par le conseiller pr\u00e9sidentiel Vladimir Medinski, le vice-ministre des Affaires \u00e9trang\u00e8res Mikha\u00efl Galouzine et le vice-ministre de la D\u00e9fense Alexandre Fomine, selon la liste publi\u00e9e en soir\u00e9e par le Kremlin. Cette annonce met un terme \u00e0 la possibilit\u00e9 que <a href=\"https:\/\/www.tf1info.fr\/international\/guerre-en-ukraine-russie-rencontre-vladimir-poutine-volodymyr-zelensky-le-recit-de-leur-unique-face-a-face-a-paris-en-2019-2370236.html\" target=\"_blank\" rel=\"noopener\">le pr\u00e9sident russe rencontre son homologue ukrainien<\/a>.\u00a0<\/p>\n<p data-module=\"article-paragraph\" class=\"jsx-362436225 Paragraph\">Ces derniers jours, Volodymyr Zelensky avait appel\u00e9 Vladimir Poutine \u00e0 se rendre \u00ab\u00a0en personne\u00a0\u00bb \u00e0 ces discussions, annonc\u00e9es par le ma\u00eetre du Kremlin et cens\u00e9es ouvrir un processus diplomatique pour trouver une issue \u00e0 plus de trois ans d&rsquo;offensive russe meurtri\u00e8re en Ukraine.<\/p>\n<p data-module=\"article-paragraph\" class=\"jsx-362436225 Paragraph Paragraph__End\">Le pr\u00e9sident russe, apparu publiquement \u00e0 plusieurs reprises depuis l&rsquo;offre de M. Zelensky, avait gard\u00e9 le silence sur le sujet.\u00a0<\/p>\n<p>La r\u00e9daction de TF1info<\/p>\n<p><script async src=\"https:\/\/platform.twitter.com\/widgets.js\" charset=\"utf-8\"><\/script><\/p>\n","protected":false},"excerpt":{"rendered":"Des pourparlers de paix ont lieu ce jeudi en Turquie, mais sans Vladimir Poutine.Selon ce qu&rsquo;a indiqu\u00e9 un&hellip;\n","protected":false},"author":2,"featured_media":93184,"comment_status":"","ping_status":"","sticky":false,"template":"","format":"standard","meta":{"footnotes":""},"categories":[2],"tags":[1111,11,1921,75,1073,73,1011,27,1918,1922,1916,12,25,132,3496,220,1917,133,1920,135,134],"class_list":{"0":"post-101276","1":"post","2":"type-post","3":"status-publish","4":"format-standard","5":"has-post-thumbnail","7":"category-actualites","8":"tag-actu","9":"tag-actualites","10":"tag-article-video","11":"tag-donald-trump","12":"tag-emmanuel-macron","13":"tag-etats-unis","14":"tag-fr","15":"tag-france","16":"tag-guerre-en-ukraine-une-treve-en-negociation","17":"tag-info","18":"tag-moscou","19":"tag-news","20":"tag-republique-francaise","21":"tag-russie","22":"tag-turquie","23":"tag-ukraine","24":"tag-ukraine-4-annee-de-guerre","25":"tag-video","26":"tag-video-international","27":"tag-vladimir-poutine","28":"tag-volodymyr-zelensky"},"share_on_mastodon":{"url":"https:\/\/pubeurope.com\/@fr\/114510476832770537","error":""},"_links":{"self":[{"href":"https:\/\/www.europesays.com\/fr\/wp-json\/wp\/v2\/posts\/101276","targetHints":{"allow":["GET"]}}],"collection":[{"href":"https:\/\/www.europesays.com\/fr\/wp-json\/wp\/v2\/posts"}],"about":[{"href":"https:\/\/www.europesays.com\/fr\/wp-json\/wp\/v2\/types\/post"}],"author":[{"embeddable":true,"href":"https:\/\/www.europesays.com\/fr\/wp-json\/wp\/v2\/users\/2"}],"replies":[{"embeddable":true,"href":"https:\/\/www.europesays.com\/fr\/wp-json\/wp\/v2\/comments?post=101276"}],"version-history":[{"count":0,"href":"https:\/\/www.europesays.com\/fr\/wp-json\/wp\/v2\/posts\/101276\/revisions"}],"wp:featuredmedia":[{"embeddable":true,"href":"https:\/\/www.europesays.com\/fr\/wp-json\/wp\/v2\/media\/93184"}],"wp:attachment":[{"href":"https:\/\/www.europesays.com\/fr\/wp-json\/wp\/v2\/media?parent=101276"}],"wp:term":[{"taxonomy":"category","embeddable":true,"href":"https:\/\/www.europesays.com\/fr\/wp-json\/wp\/v2\/categories?post=101276"},{"taxonomy":"post_tag","embeddable":true,"href":"https:\/\/www.europesays.com\/fr\/wp-json\/wp\/v2\/tags?post=101276"}],"curies":[{"name":"wp","href":"https:\/\/api.w.org\/{rel}","templated":true}]}}