{"id":1012866,"date":"2026-06-20T14:17:17","date_gmt":"2026-06-20T14:17:17","guid":{"rendered":"https:\/\/www.europesays.com\/fr\/1012866\/"},"modified":"2026-06-20T14:17:17","modified_gmt":"2026-06-20T14:17:17","slug":"quinte-du-dimanche-21-juin-2026-a-vincennes-les-pronostics","status":"publish","type":"post","link":"https:\/\/www.europesays.com\/fr\/1012866\/","title":{"rendered":"Quint\u00e9 du dimanche 21 juin 2026 \u00e0 Vincennes : les pronostics"},"content":{"rendered":"<p class=\"article-p mdl\">Retrouvez les pronostics de Dominique Cordier pour le Quint\u00e9 du dimanche 21 juin 2026 \u00e0 Vincennes, le Prix Jean-Yves Lecuyer. <strong>D\u00e9part \u00e0 13h15. 15 partants. Trot attel\u00e9. Tirelire de 1.000.000\u20ac. <\/strong>Course europ\u00e9enne. Groupe III. 2.850 m\u00e8tres. Grande piste. Trotteurs de 5 et 6 ans.<\/p>\n<p class=\"article-p mdl\">C\u2019est la plus belle r\u00e9union de l\u2019ann\u00e9e \u00e0 Vincennes, qui surpasse m\u00eame celle du Prix d\u2019Am\u00e9rique, par la qualit\u00e9 des courses \u00e9tant propos\u00e9es.<\/p>\n<p class=\"article-p mdl\">Malheureusement, canicule oblige, les courses ont d\u00fb \u00eatre avanc\u00e9es, avec une premi\u00e8re \u00e9preuve se courant \u00e0 8 heures 30 et ce Quint\u00e9, couru \u00e0 un horaire inhabituel.<\/p>\n<p class=\"article-p mdl\">En valeur, le 1<strong>3 Lord D\u00e9lo <\/strong>est le meilleur trotteur au d\u00e9part. Il n\u2019a rien d\u2019un trotteur \u00ab facile \u00bb, mais associ\u00e9 \u00e0 Jean-Michel, il est un coup s\u00fbr dans les trois premiers.<\/p>\n<p class=\"article-p mdl\">Disqualifi\u00e9e rapidement en dernier lieu, le <strong>11 Lunella L\u00e9man <\/strong>vaut \u00e9videmment beaucoup mieux que cela, et a les moyens de donner la r\u00e9partie \u00e0 notre favori.<\/p>\n<p class=\"article-p mdl\">Le <strong>14 Katchi Quick <\/strong>aligne les \u00ab b\u00e2tons \u00bb, mais trouve cette fois sur sa route les 5 ans. Du coup, le retenir pour une place est pr\u00e9f\u00e9rable.<\/p>\n<p class=\"article-p mdl\">L\u2019outsider de RTL, le <strong>7 Macahan<\/strong>, est un Scandinave qui ne s\u2019est produit qu\u2019une fois \u00e0 Vincennes, sur ce parcours, o\u00f9 il avait pris une probante deuxi\u00e8me place dans un temps canon. On doit faire grand cas de sa candidature.<\/p>\n<p class=\"article-p mdl\">Le <strong>15 Lewis Brown <\/strong>peut pimenter les rapports, le 9<strong> Lasko des Brousses<\/strong> \u00e9galement.<\/p>\n<p>            Les pronostics<\/p>\n<p class=\"article-p mdl\">13. Lord D\u00e9lo<br \/>11. Lunella L\u00e9man<br \/>14. Katchi Quick<br \/>12. Key of Love<br \/>7. Macahan<br \/>15. Lewis Brown<br \/>9. Lasko des Brousses<\/p>\n<p>    L&rsquo;outsider de RTL<\/p>\n<p class=\"article-p mdl\">7. Macahan<\/p>\n<p>    R\u00e9sultats du vendredi 19 juin 2026 en nocturne \u00e0 Vincennes<\/p>\n<p class=\"article-p mdl\">Le favori de RTL termine 6e, l\u2019outsider de RTL 12e.<\/p>\n<p>    La r\u00e9daction vous recommande<\/p>\n<p class=\"s-newsletter__title\">\n                L\u2019actualit\u00e9 par la r\u00e9daction de RTL dans votre bo\u00eete mail.\n            <\/p>\n<p class=\"s-newsletter__subtitle\">\n                Gr\u00e2ce \u00e0 votre compte RTL abonnez-vous \u00e0 la newsletter RTL info pour suivre toute l&rsquo;actualit\u00e9 au quotidien\n            <\/p>\n<p>\n                                    Lire la suite\n                                <\/p>\n<p class=\"article-google-preferred__title\">Ne laissez pas Google d\u00e9cider de vos sources.<\/p>\n<p>    <a href=\"https:\/\/www.google.com\/preferences\/source?q=https:\/\/www.rtl.fr\" target=\"_blank\" rel=\"noopener noreferrer nofollow\" class=\"article-google-preferred__btn\">Ajouter RTL comme source pr\u00e9f\u00e9r\u00e9e<\/a><\/p>\n","protected":false},"excerpt":{"rendered":"Retrouvez les pronostics de Dominique Cordier pour le Quint\u00e9 du dimanche 21 juin 2026 \u00e0 Vincennes, le Prix&hellip;\n","protected":false},"author":2,"featured_media":3836,"comment_status":"","ping_status":"","sticky":false,"template":"","format":"standard","meta":{"footnotes":"","_share_on_mastodon":"0"},"categories":[1888],"tags":[11,898,2622,1777,674,107,2619,1011,27,12,626,2623,25],"class_list":["post-1012866","post","type-post","status-publish","format-standard","has-post-thumbnail","category-paris","tag-actualites","tag-alerte","tag-courses","tag-eu","tag-europe","tag-fil-info","tag-fil-sport","tag-fr","tag-france","tag-news","tag-paris","tag-quinte","tag-republique-francaise"],"share_on_mastodon":{"url":"https:\/\/pubeurope.com\/@fr\/116782867820166958","error":""},"_links":{"self":[{"href":"https:\/\/www.europesays.com\/fr\/wp-json\/wp\/v2\/posts\/1012866","targetHints":{"allow":["GET"]}}],"collection":[{"href":"https:\/\/www.europesays.com\/fr\/wp-json\/wp\/v2\/posts"}],"about":[{"href":"https:\/\/www.europesays.com\/fr\/wp-json\/wp\/v2\/types\/post"}],"author":[{"embeddable":true,"href":"https:\/\/www.europesays.com\/fr\/wp-json\/wp\/v2\/users\/2"}],"replies":[{"embeddable":true,"href":"https:\/\/www.europesays.com\/fr\/wp-json\/wp\/v2\/comments?post=1012866"}],"version-history":[{"count":0,"href":"https:\/\/www.europesays.com\/fr\/wp-json\/wp\/v2\/posts\/1012866\/revisions"}],"wp:featuredmedia":[{"embeddable":true,"href":"https:\/\/www.europesays.com\/fr\/wp-json\/wp\/v2\/media\/3836"}],"wp:attachment":[{"href":"https:\/\/www.europesays.com\/fr\/wp-json\/wp\/v2\/media?parent=1012866"}],"wp:term":[{"taxonomy":"category","embeddable":true,"href":"https:\/\/www.europesays.com\/fr\/wp-json\/wp\/v2\/categories?post=1012866"},{"taxonomy":"post_tag","embeddable":true,"href":"https:\/\/www.europesays.com\/fr\/wp-json\/wp\/v2\/tags?post=1012866"}],"curies":[{"name":"wp","href":"https:\/\/api.w.org\/{rel}","templated":true}]}}