{"id":101287,"date":"2025-05-15T06:44:09","date_gmt":"2025-05-15T06:44:09","guid":{"rendered":"https:\/\/www.europesays.com\/fr\/101287\/"},"modified":"2025-05-15T06:44:09","modified_gmt":"2025-05-15T06:44:09","slug":"musetti-ecoeure-zverev-et-retrouvera-alcaraz-en-demi-finale-a-rome","status":"publish","type":"post","link":"https:\/\/www.europesays.com\/fr\/101287\/","title":{"rendered":"Musetti \u00e9c\u0153ure Zverev et retrouvera Alcaraz en demi-finale \u00e0 Rome"},"content":{"rendered":"<p>Le tenant du titre est \u00e9limin\u00e9 d\u00e8s les quarts de finale par le num\u00e9ro 9 mondial (7-6, 6-4).<\/p>\n<p class=\"fig-paragraph\">Lorenzo Musetti dompte Alexander Zverev. L&rsquo;Italien (9e) est venu \u00e0 bout du num\u00e9ro 2 mondial mercredi en quarts de finale du Masters 1000 de Rome pour s&rsquo;offrir des retrouvailles all\u00e9chantes dans le dernier carr\u00e9 avec\u00a0<a href=\"http:\/\/www.lefigaro.fr\/sports\/tennis\/tennis-un-carlos-alcaraz-a-deux-vitesses-rallie-les-demi-finales-a-rome-20250514\" data-fig-type=\"NewsFlash\" data-gtm-custom-categorie=\"navigation\" data-gtm-custom-action=\"crossclick\" data-gtm-custom-label=\"Contextuel\" data-gtm-event=\"customEventSPE\" data-fig-domain=\"LEFIGARO\" target=\"_blank\" rel=\"noopener\">l&rsquo;Espagnol Carlos Alcaraz<\/a>\u00a0(3e).<\/p>\n<p class=\"fig-paragraph\">Le m\u00e9daill\u00e9 de bronze des Jeux de Paris, premier Italien \u00e0 atteindre la m\u00eame saison les quarts de finale des trois Masters 1000 sur terre battue (Monte-Carlo, Rome, Madrid), s&rsquo;est impos\u00e9 7-6, 6-4 contre le tenant du titre apr\u00e8s une bataille de haut vol o\u00f9 il a enchant\u00e9 les spectateurs du Central \u00e0 coups d&rsquo;amorties suaves et de passings somptueux.<\/p>\n<p class=\"fig-paragraph\">Un mois apr\u00e8s sa d\u00e9faite en trois sets contre Alcaraz en finale du tournoi de Monte-Carlo, un match qu&rsquo;il avait termin\u00e9 bless\u00e9, Musetti s&rsquo;appr\u00eate \u00e0 recroiser la route du quadruple laur\u00e9at en Grand Chelem en demi-finales \u00e0 Rome. L&rsquo;Espagnol m\u00e8ne 4-1 dans leurs duels.<\/p>\n<p class=\"fig-paragraph\">\u00c0 quelques jours de Roland-Garros (25 mai-8 juin), l&rsquo;Italien a sign\u00e9 mercredi sa troisi\u00e8me victoire en quatre matches contre\u00a0<a href=\"http:\/\/www.lefigaro.fr\/sports\/tennis\/tennis-arthur-fils-deborde-par-alexander-zverev-en-8es-de-finale-a-rome-20250513\" data-fig-type=\"NewsFlash\" data-gtm-custom-categorie=\"navigation\" data-gtm-custom-action=\"crossclick\" data-gtm-custom-label=\"Contextuel\" data-gtm-event=\"customEventSPE\" data-fig-domain=\"LEFIGARO\" target=\"_blank\" rel=\"noopener\">Zverev<\/a>, sa seule d\u00e9faite \u00e9tant due \u00e0 un abandon.<\/p>\n<p class=\"fig-paragraph\">Break\u00e9 deux fois dans le premier set, \u00e0 1-1 puis \u00e0 5-5, Musetti a syst\u00e9matiquement r\u00e9pliqu\u00e9, \u00e9cartant quatre balles de set avant de survoler le tie-break, remport\u00e9 7\/1 apr\u00e8s 1h11 de combat.<\/p>\n<p class=\"fig-paragraph\">Dans la deuxi\u00e8me manche, extr\u00eamement serr\u00e9e, l&rsquo;Italien de 23 ans a converti sa seule balle de break du set \u00e0 4-4 pour prendre les commandes et arracher ensuite la victoire sur son engagement, gr\u00e2ce \u00e0 un ultime encha\u00eenement service vol\u00e9e.<\/p>\n<p class=\"fig-paragraph\">Le num\u00e9ro 1 1 mondial et compatriote de Musetti,\u00a0<a href=\"http:\/\/www.lefigaro.fr\/sports\/tennis\/tennis-jannik-sinner-s-invite-en-quarts-a-rome-20250513\" data-fig-type=\"NewsFlash\" data-gtm-custom-categorie=\"navigation\" data-gtm-custom-action=\"crossclick\" data-gtm-custom-label=\"Contextuel\" data-gtm-event=\"customEventSPE\" data-fig-domain=\"LEFIGARO\" target=\"_blank\" rel=\"noopener\">Jannik Sinner<\/a>, tentera jeudi contre Casper Ruud (7e) de se hisser \u00e0 son tour en demi-finales. Le dernier quart de finale opposera l&rsquo;Am\u00e9ricain Tommy Paul (12e) au Polonais Hubert Hurkacz (31e).<\/p>\n","protected":false},"excerpt":{"rendered":"Le tenant du titre est \u00e9limin\u00e9 d\u00e8s les quarts de finale par le num\u00e9ro 9 mondial (7-6, 6-4).&hellip;\n","protected":false},"author":2,"featured_media":101288,"comment_status":"","ping_status":"","sticky":false,"template":"","format":"standard","meta":{"footnotes":""},"categories":[1415],"tags":[47,5827,4169,525,7779,1981,4178,4179,1011,27,1114,3996,4177,4176,4174,4175,1980,4171,3499,60,1467,4172,4173,4170],"class_list":{"0":"post-101287","1":"post","2":"type-post","3":"status-publish","4":"format-standard","5":"has-post-thumbnail","7":"category-tennis","8":"tag-actualite","9":"tag-alexander-zverev","10":"tag-atp","11":"tag-calendrier","12":"tag-carlos-alcaraz","13":"tag-classement","14":"tag-coupe-davis","15":"tag-fed-cup","16":"tag-fr","17":"tag-france","18":"tag-infos","19":"tag-jeux-olympiques","20":"tag-masters-1000","21":"tag-masters-500","22":"tag-masters-series","23":"tag-open-daustralie","24":"tag-resultats","25":"tag-roland-garros","26":"tag-rome","27":"tag-sports","28":"tag-tennis","29":"tag-us-open","30":"tag-wimbledon","31":"tag-wta"},"share_on_mastodon":{"url":"https:\/\/pubeurope.com\/@fr\/114510499800582513","error":""},"_links":{"self":[{"href":"https:\/\/www.europesays.com\/fr\/wp-json\/wp\/v2\/posts\/101287","targetHints":{"allow":["GET"]}}],"collection":[{"href":"https:\/\/www.europesays.com\/fr\/wp-json\/wp\/v2\/posts"}],"about":[{"href":"https:\/\/www.europesays.com\/fr\/wp-json\/wp\/v2\/types\/post"}],"author":[{"embeddable":true,"href":"https:\/\/www.europesays.com\/fr\/wp-json\/wp\/v2\/users\/2"}],"replies":[{"embeddable":true,"href":"https:\/\/www.europesays.com\/fr\/wp-json\/wp\/v2\/comments?post=101287"}],"version-history":[{"count":0,"href":"https:\/\/www.europesays.com\/fr\/wp-json\/wp\/v2\/posts\/101287\/revisions"}],"wp:featuredmedia":[{"embeddable":true,"href":"https:\/\/www.europesays.com\/fr\/wp-json\/wp\/v2\/media\/101288"}],"wp:attachment":[{"href":"https:\/\/www.europesays.com\/fr\/wp-json\/wp\/v2\/media?parent=101287"}],"wp:term":[{"taxonomy":"category","embeddable":true,"href":"https:\/\/www.europesays.com\/fr\/wp-json\/wp\/v2\/categories?post=101287"},{"taxonomy":"post_tag","embeddable":true,"href":"https:\/\/www.europesays.com\/fr\/wp-json\/wp\/v2\/tags?post=101287"}],"curies":[{"name":"wp","href":"https:\/\/api.w.org\/{rel}","templated":true}]}}