{"id":101297,"date":"2025-05-15T06:50:10","date_gmt":"2025-05-15T06:50:10","guid":{"rendered":"https:\/\/www.europesays.com\/fr\/101297\/"},"modified":"2025-05-15T06:50:10","modified_gmt":"2025-05-15T06:50:10","slug":"louane-fait-un-aveu-surprenant-sur-garou-maintenant-que-cest-passe-je-peux-vous-le-dire","status":"publish","type":"post","link":"https:\/\/www.europesays.com\/fr\/101297\/","title":{"rendered":"Louane fait un aveu surprenant sur Garou : \u00ab\u00a0Maintenant que c\u2019est pass\u00e9, je peux vous le dire\u00a0\u00bb"},"content":{"rendered":"<p>La pression doit consid\u00e9rablement monter pour Louane. Et pour cause, dans trois jours maintenant, <a href=\"https:\/\/www.public.fr\/louane-apres-leurovision-le-cinema-avec-jamel-debbouze\" target=\"_blank\" rel=\"noopener\">la jeune femme de 28 ans<\/a> d\u00e9voilera maman en <strong>finale de l&rsquo;Eurovision \u00e0 B\u00e2le en Suisse.<\/strong> Ce sera ce <strong>samedi 17 mai.<\/strong> Alors fera-t-elle mieux que Slimane l&rsquo;an dernier et son honorable quatri\u00e8me place ? \u00c0 ce stade, <strong>les bookmakers semblent s\u00e9duits<\/strong> par la prestation \u00e0 la fois <strong>sobre et in\u00e9dite <\/strong>de <a href=\"https:\/\/www.public.fr\/eurovision-2025-louane-danciens-collaborateurs-temoignent-sur-ses-vraies-ambitions\" target=\"_blank\" rel=\"noopener\">l&rsquo;artiste originaire d&rsquo;H\u00e9nin-Beaumont<\/a> (Pas-de-Calais)<\/p>\n<p><a href=\"https:\/\/www.public.fr\/eurovision-2025-louane-et-larmenie-celebrent-aznavour-avec-un-hommage-vibrant\" target=\"_blank\" rel=\"noopener\">Cette derni\u00e8re<\/a> qui s&rsquo;appr\u00eate \u00e0 vivre l\u00e0 <strong>un r\u00eave<\/strong> alors que, chaque ann\u00e9e, elle et sa maman ne manquaient ce rendez-vous pour rien au monde. Nul doute que de l\u00e0-haut, <strong>Isabel doit \u00eatre particuli\u00e8rement fi\u00e8re <\/strong>de sa fille, elle qui a <strong>toujours cru en elle<\/strong>. C&rsquo;est ce que les t\u00e9l\u00e9spectateurs de W9 ont pu apprendre ce 14 mai en regardant le documentaire consacr\u00e9 \u00e0 <a href=\"https:\/\/www.public.fr\/louane-avant-meme-leurovision-elle-a-deja-tout-gagne\" target=\"_blank\" rel=\"noopener\">la compagne de Florian Rossi<\/a> et intitul\u00e9 \u00ab\u00a0Louane, la princesse des Fran\u00e7ais, \u00e0 la conqu\u00eate de l&rsquo;Eurovision\u00a0\u00bb.<\/p>\n<p>Un reportage au cours duquel la trajectoire de <a href=\"https:\/\/www.public.fr\/eurovision-2025-louane-fait-sensation-en-robe-transparente-une-plainte-deposee-pour-un-geste-degorgement\" target=\"_blank\" rel=\"noopener\">la maman d&rsquo;Esm\u00e9e<\/a> a \u00e9t\u00e9 retrac\u00e9 dans les moindres d\u00e9tails. L&rsquo;occasion d&rsquo;en apprendre \u00e9norm\u00e9ment sur <strong>son ascension exceptionnelle<\/strong> alors que tout a commenc\u00e9 pour elle <strong>gr\u00e2ce \u00e0 \u00ab\u00a0The Voice\u00a0\u00bb sur TF1<\/strong>. C&rsquo;\u00e9tait en <strong>2013<\/strong>. Du haut de ses 16 ans,<a href=\"https:\/\/www.public.fr\/exclu-public-eurovision-2025-louane-son-cachet-pour-representer-la-france-au-concours-la-verite-devoilee\" target=\"_blank\" rel=\"noopener\"> l&rsquo;interpr\u00e8te de Jour 1<\/a> s&rsquo;est appropri\u00e9e \u00e0 merveille <strong>la chanson Un Homme heureux <\/strong>de William Sheller. La suite, vous la connaissez. Enfin, presque&#8230;<\/p>\n<p><img loading=\"lazy\" decoding=\"async\" width=\"1024\" height=\"576\" src=\"https:\/\/www.europesays.com\/fr\/wp-content\/uploads\/2025\/05\/Capture-decran-2025-05-15-064719-1024x576.png\" alt=\"Louane fait un aveu surprenant sur Garou : &quot;Maintenant que c\u2019est pass\u00e9, je peux vous le dire&quot;\"  \/><\/p>\n<p>Capture TF1<\/p>\n<p>Louane : la jeune artiste choisit Louis Bestignac mais&#8230; \u00e7a aurait pu se passer autrement<\/p>\n<p>Ce soir-l\u00e0, <strong>les quatre coachs sont s\u00e9duits<\/strong>. Les fauteuils de Florent Pagny, Jenifer, <a href=\"https:\/\/www.google.com\/url?sa=t&amp;source=web&amp;rct=j&amp;opi=89978449&amp;url=https:\/\/vsd.fr\/65189-coup-de-massue-louane-fait-une-revelation-sur-sa-rencontre-avec-son-cheri-florian\/&amp;ved=2ahUKEwi43rn-1aSNAxVbVKQEHSM_NKcQFnoECBoQAQ&amp;usg=AOvVaw0Im9N8IrzbJ_jtM5v8cK74\" target=\"_blank\" rel=\"noopener\">Louis Bertignac<\/a> et Garou se sont retourn\u00e9s alors qu&rsquo;en coulisses les parents de Louane <strong>sautent de joie pour <a href=\"https:\/\/www.google.com\/url?sa=t&amp;source=web&amp;rct=j&amp;opi=89978449&amp;url=https:\/\/vsd.fr\/80145-eurovision-2025-decouvrez-le-show-que-louane-nous-prepare\/&amp;ved=2ahUKEwjB2_Tw1aSNAxWxdqQEHZYHCasQFnoECB8QAQ&amp;usg=AOvVaw3TCMaXbqOEjonk7MurcRO8\" target=\"_blank\" rel=\"noopener\">leur fille<\/a><\/strong>. Ainsi, dans le documentaire de W9, Louane a fait une premi\u00e8re r\u00e9v\u00e9lation. Les t\u00e9l\u00e9spectateurs ont appris qu&rsquo;<strong>une s\u00e9quence a \u00e9t\u00e9 coup\u00e9e au montage<\/strong> apr\u00e8s sa prestation car, <a href=\"https:\/\/www.google.com\/url?sa=t&amp;source=web&amp;rct=j&amp;opi=89978449&amp;url=https:\/\/vsd.fr\/77299-louane-cest-fini-sa-decision-radicale-a-deux-mois-de-leurovision\/&amp;ved=2ahUKEwiE2tmK1qSNAxWxQ6QEHQF2F9YQFnoECBgQAQ&amp;usg=AOvVaw1VGjfiHml-aGQDPsISwnDu\" target=\"_blank\" rel=\"noopener\">cette derni\u00e8re<\/a> a fait un malaise. \u00ab\u00a0J&rsquo;hyper ventilais et c&rsquo;est comme \u00e7a que je me suis retrouv\u00e9e assise sur le fauteuil de Jenifer\u00a0\u00bb raconte-t-elle.<\/p>\n<p>Mais alors qui choisir maintenant ? Avant de monter sur sc\u00e8ne,<a href=\"https:\/\/www.google.com\/url?sa=t&amp;source=web&amp;rct=j&amp;opi=89978449&amp;url=https:\/\/vsd.fr\/78594-louane-mauvaise-nouvelle-pour-son-compagnon-victime-de-pepins-de-sante\/&amp;ved=2ahUKEwiE2tmK1qSNAxWxQ6QEHQF2F9YQFnoECC4QAQ&amp;usg=AOvVaw3N75M0urWssDYjKd79SmwR\" target=\"_blank\" rel=\"noopener\"> l&rsquo;adolescente<\/a> avait <strong>une id\u00e9e pr\u00e9cise de l&rsquo;\u00e9quipe qu&rsquo;elle souhaitait rejoindre<\/strong>. C&rsquo;\u00e9tait<strong> celle du chanteur de T\u00e9l\u00e9phone <\/strong>car la musique du groupe a toujours r\u00e9sonn\u00e9 chez elle. Mais, l&rsquo;issue aurait pu \u00eatre tout autre. <strong>\u00ab\u00a0Aujourd&rsquo;hui, maintenant que c&rsquo;est pass\u00e9, je peux vous dire que sur le coup vu ce qu&rsquo;il me disait, j&rsquo;ai vraiment h\u00e9sit\u00e9 \u00e0 partir avec <a href=\"https:\/\/www.google.com\/url?sa=t&amp;source=web&amp;rct=j&amp;opi=89978449&amp;url=https:\/\/vsd.fr\/26410-lorie-revele-la-veritable-raison-de-sa-rupture-avec-garou\/&amp;ved=2ahUKEwjYlbeq16SNAxUIXUEAHXnJLVUQFnoECBcQAQ&amp;usg=AOvVaw0kI0DyBvUXTEWhGYZrbPzh\" target=\"_blank\" rel=\"noopener\">Garou<\/a>\u00ab\u00a0<\/strong>, a-t-elle confi\u00e9 pour la premi\u00e8re fois.<\/p>\n<p>\u00ab\u00a0Franchement, il a eu des tellement bons arguments, il m&rsquo;a dit un truc du genre : &lsquo;Je vais me battre, je vais me d\u00e9foncer pour toi.&rsquo; Et finalement, je suis partie avec <a href=\"https:\/\/www.google.com\/url?sa=t&amp;source=web&amp;rct=j&amp;opi=89978449&amp;url=https:\/\/vsd.fr\/4051-louis-bertignac-jai-pas-une-gueule-a-me-facher\/&amp;ved=2ahUKEwjruY-x16SNAxXjYEEAHXDIM8wQFnoECBUQAQ&amp;usg=AOvVaw0KD3pUT31IjMXNy433YXQL\" target=\"_blank\" rel=\"noopener\">Louis <\/a>[Bertignac] et on a v\u00e9cu une tr\u00e8s belle aventure. <strong>C&rsquo;est la premi\u00e8re fois que je dis que j&rsquo;ai h\u00e9sit\u00e9 avec Garou<\/strong>\u00ab\u00a0, conclut-elle. La suite, cette fois, vous la connaissez bien : des concerts \u00e0 guichets ferm\u00e9s, un C\u00e9sar pour son r\u00f4le dans La famille B\u00e9lier, de multiples r\u00e9compenses. Reste encore <strong>une inconnue<\/strong> : ce 17 mai, <strong>Louane remportera-t-elle l&rsquo;<a href=\"https:\/\/www.google.com\/url?sa=t&amp;source=web&amp;rct=j&amp;opi=89978449&amp;url=https:\/\/vsd.fr\/80145-eurovision-2025-decouvrez-le-show-que-louane-nous-prepare\/&amp;ved=2ahUKEwjXnNn716SNAxUQTUEAHb3RJO4QFnoECBgQAQ&amp;usg=AOvVaw3TCMaXbqOEjonk7MurcRO8\" target=\"_blank\" rel=\"noopener\">Eurovision <\/a>?<\/strong><\/p>\n<p>      Mentionn\u00e9s dans cet article<\/p>\n<p>\u00c0 lire aussi<\/p>\n","protected":false},"excerpt":{"rendered":"La pression doit consid\u00e9rablement monter pour Louane. Et pour cause, dans trois jours maintenant, la jeune femme de&hellip;\n","protected":false},"author":2,"featured_media":101298,"comment_status":"","ping_status":"","sticky":false,"template":"","format":"standard","meta":{"footnotes":""},"categories":[1359],"tags":[1695,5551,8753,58,59,1011,27,4501,21705,10827,973,3067,199,3074],"class_list":{"0":"post-101297","1":"post","2":"type-post","3":"status-publish","4":"format-standard","5":"has-post-thumbnail","7":"category-people","8":"tag-chanson","9":"tag-chanson-francaise","10":"tag-concours-eurovision-de-la-chanson","11":"tag-divertissement","12":"tag-entertainment","13":"tag-fr","14":"tag-france","15":"tag-louane","16":"tag-louis-bertignac","17":"tag-nikos-aliagas","18":"tag-people","19":"tag-suisse","20":"tag-tf1","21":"tag-the-voice"},"share_on_mastodon":{"url":"https:\/\/pubeurope.com\/@fr\/114510523445799684","error":""},"_links":{"self":[{"href":"https:\/\/www.europesays.com\/fr\/wp-json\/wp\/v2\/posts\/101297","targetHints":{"allow":["GET"]}}],"collection":[{"href":"https:\/\/www.europesays.com\/fr\/wp-json\/wp\/v2\/posts"}],"about":[{"href":"https:\/\/www.europesays.com\/fr\/wp-json\/wp\/v2\/types\/post"}],"author":[{"embeddable":true,"href":"https:\/\/www.europesays.com\/fr\/wp-json\/wp\/v2\/users\/2"}],"replies":[{"embeddable":true,"href":"https:\/\/www.europesays.com\/fr\/wp-json\/wp\/v2\/comments?post=101297"}],"version-history":[{"count":0,"href":"https:\/\/www.europesays.com\/fr\/wp-json\/wp\/v2\/posts\/101297\/revisions"}],"wp:featuredmedia":[{"embeddable":true,"href":"https:\/\/www.europesays.com\/fr\/wp-json\/wp\/v2\/media\/101298"}],"wp:attachment":[{"href":"https:\/\/www.europesays.com\/fr\/wp-json\/wp\/v2\/media?parent=101297"}],"wp:term":[{"taxonomy":"category","embeddable":true,"href":"https:\/\/www.europesays.com\/fr\/wp-json\/wp\/v2\/categories?post=101297"},{"taxonomy":"post_tag","embeddable":true,"href":"https:\/\/www.europesays.com\/fr\/wp-json\/wp\/v2\/tags?post=101297"}],"curies":[{"name":"wp","href":"https:\/\/api.w.org\/{rel}","templated":true}]}}