{"id":101303,"date":"2025-05-15T06:53:08","date_gmt":"2025-05-15T06:53:08","guid":{"rendered":"https:\/\/www.europesays.com\/fr\/101303\/"},"modified":"2025-05-15T06:53:08","modified_gmt":"2025-05-15T06:53:08","slug":"programme-tv-du-mardi-13-mai-aux-origines-lesclavage-anora-notre-selection","status":"publish","type":"post","link":"https:\/\/www.europesays.com\/fr\/101303\/","title":{"rendered":"Programme TV du mardi 13\u00a0mai\u00a0: \u00ab\u00a0Aux origines, l\u2019esclavage\u00a0\u00bb, \u00ab\u00a0Anora\u00a0\u00bb\u2026 Notre s\u00e9lection"},"content":{"rendered":"<p class=\"paragraph text_align_left\"><b>\u00ab Aux origines, l\u2019esclavage \u00bb \u00e0 21h10, sur France 2. <\/b>On a longtemps occult\u00e9 ce pan de notre histoire. Trop honteux, trop violent. Du XVIIe au XIXe si\u00e8cle, notre pays a d\u00e9port\u00e9 1,2 million d\u2019hommes et de femmes et exploit\u00e9 des millions d\u2019Africains sur son sol et dans ses colonies. Ce passionnant documentaire est une qu\u00eate g\u00e9n\u00e9alogique qui permet de raconter <a href=\"https:\/\/www.leparisien.fr\/essonne-91\/ile-de-france-ces-lieux-de-memoire-dedies-a-lhistoire-de-lesclavage-10-05-2021-A6QMNDY6P5HHRF7BYOQBCPG5EU.php\" target=\"_blank\" rel=\"nofollow noopener\">l\u2019esclavage<\/a> en l\u2019incarnant. Six personnalit\u00e9s, JoeyStarr, St\u00e9fi Celma, Kalash, Karine Baste, Marie-Laure Garnier et Guillaume Hoarau partent sur les traces de leurs anc\u00eatres esclaves.<\/p>\n<p class=\"paragraph text_align_left\">L\u2019\u00e9quipe du film, diffus\u00e9 \u00e0 l\u2019occasion de la <a href=\"https:\/\/www.leparisien.fr\/politique\/francois-bayrou-appelle-a-ne-pas-se-taire-face-a-lhistoire-terrible-de-lesclavage-10-05-2025-27Q3YM3AUNGUPHS4ED47EABZME.php\" target=\"_blank\" rel=\"nofollow noopener\">Journ\u00e9e nationale des m\u00e9moires de la traite, de l\u2019esclavage et de leurs abolitions<\/a>, c\u00e9l\u00e9br\u00e9e chaque 10 mai depuis 2006, a retrac\u00e9 leur g\u00e9n\u00e9alogie et les emm\u00e8ne dans les lieux o\u00f9 leurs a\u00efeuls ont v\u00e9cu, \u00e9t\u00e9 asservis, et maltrait\u00e9s. Avec eux, on part dans des plantations ou une grotte ayant servi de cache \u00e0 la R\u00e9union, un cimeti\u00e8re en Martinique, une \u00e9glise en Guyane, une plage au B\u00e9nin, aussi, d\u2019o\u00f9 sont partis nombre de bateaux dans ce sordide commerce triangulaire, qui a perdur\u00e9 pendant des si\u00e8cles.<\/p>\n","protected":false},"excerpt":{"rendered":"\u00ab Aux origines, l\u2019esclavage \u00bb \u00e0 21h10, sur France 2. On a longtemps occult\u00e9 ce pan de notre&hellip;\n","protected":false},"author":2,"featured_media":101304,"comment_status":"","ping_status":"","sticky":false,"template":"","format":"standard","meta":{"footnotes":""},"categories":[1356],"tags":[872,58,59,1011,27,252,2205,1364],"class_list":{"0":"post-101303","1":"post","2":"type-post","3":"status-publish","4":"format-standard","5":"has-post-thumbnail","7":"category-television","8":"tag-culture-et-loisirs","9":"tag-divertissement","10":"tag-entertainment","11":"tag-fr","12":"tag-france","13":"tag-television","14":"tag-television-medias","15":"tag-tv"},"share_on_mastodon":{"url":"https:\/\/pubeurope.com\/@fr\/114510535266634550","error":""},"_links":{"self":[{"href":"https:\/\/www.europesays.com\/fr\/wp-json\/wp\/v2\/posts\/101303","targetHints":{"allow":["GET"]}}],"collection":[{"href":"https:\/\/www.europesays.com\/fr\/wp-json\/wp\/v2\/posts"}],"about":[{"href":"https:\/\/www.europesays.com\/fr\/wp-json\/wp\/v2\/types\/post"}],"author":[{"embeddable":true,"href":"https:\/\/www.europesays.com\/fr\/wp-json\/wp\/v2\/users\/2"}],"replies":[{"embeddable":true,"href":"https:\/\/www.europesays.com\/fr\/wp-json\/wp\/v2\/comments?post=101303"}],"version-history":[{"count":0,"href":"https:\/\/www.europesays.com\/fr\/wp-json\/wp\/v2\/posts\/101303\/revisions"}],"wp:featuredmedia":[{"embeddable":true,"href":"https:\/\/www.europesays.com\/fr\/wp-json\/wp\/v2\/media\/101304"}],"wp:attachment":[{"href":"https:\/\/www.europesays.com\/fr\/wp-json\/wp\/v2\/media?parent=101303"}],"wp:term":[{"taxonomy":"category","embeddable":true,"href":"https:\/\/www.europesays.com\/fr\/wp-json\/wp\/v2\/categories?post=101303"},{"taxonomy":"post_tag","embeddable":true,"href":"https:\/\/www.europesays.com\/fr\/wp-json\/wp\/v2\/tags?post=101303"}],"curies":[{"name":"wp","href":"https:\/\/api.w.org\/{rel}","templated":true}]}}