{"id":101316,"date":"2025-05-15T07:00:07","date_gmt":"2025-05-15T07:00:07","guid":{"rendered":"https:\/\/www.europesays.com\/fr\/101316\/"},"modified":"2025-05-15T07:00:07","modified_gmt":"2025-05-15T07:00:07","slug":"ladministration-trump-veut-en-finir-avec-le-systeme-start-and-stop-dans-les-voitures","status":"publish","type":"post","link":"https:\/\/www.europesays.com\/fr\/101316\/","title":{"rendered":"L\u2019administration Trump veut en finir avec le syst\u00e8me \u00ab Start and Stop \u00bb dans les voitures"},"content":{"rendered":"<p>L\u2019Agence de protection de l\u2019environnement am\u00e9ricaine poursuit le d\u00e9mant\u00e8lement de politiques climatiques en vigueur. Elle souhaite restreindre l\u2019installation de la technologie \u00abStart and Stop\u00bb dans les v\u00e9hicules neufs.<\/p>\n<p class=\"fig-paragraph\"><a href=\"http:\/\/www.lefigaro.fr\/sciences\/aux-etats-unis-le-sabotage-en-regle-de-la-recherche-sur-l-environnement-par-l-administration-trump-20250505\" target=\"_blank\" data-fig-type=\"Article\" rel=\"noopener nofollow\" data-gtm-custom-categorie=\"navigation\" data-gtm-custom-action=\"crossclick\" data-gtm-custom-label=\"Contextuel\" data-gtm-event=\"customEventSPE\" data-fig-domain=\"LEFIGARO\">L\u2019administration Trump<\/a>\u00a0continue sa croisade contre les incitations environnementales mise en place sous\u00a0<a href=\"http:\/\/www.lefigaro.fr\/international\/dossier\/election-presidentielle-americaine-2020-actualite-date-candidats-et-sondages\" target=\"_blank\" data-fig-type=\"Topic\" rel=\"noopener nofollow\" data-gtm-custom-categorie=\"navigation\" data-gtm-custom-action=\"crossclick\" data-gtm-custom-label=\"Contextuel\" data-gtm-event=\"customEventSPE\" data-fig-domain=\"LEFIGARO\">Joe Biden<\/a>, et m\u00eame sous<a href=\"http:\/\/www.lefigaro.fr\/international\/vous-n-etes-pas-emballes-a-l-idee-d-avoir-une-femme-presidente-barack-obama-tente-de-mobiliser-le-vote-noir-pour-kamala-harris-20241025\" target=\"_blank\" data-fig-type=\"Article\" rel=\"noopener nofollow\" data-gtm-custom-categorie=\"navigation\" data-gtm-custom-action=\"crossclick\" data-gtm-custom-label=\"Contextuel\" data-gtm-event=\"customEventSPE\" data-fig-domain=\"LEFIGARO\">\u00a0Barack Obama<\/a>. Dernier \u00e9pisode en date, le lundi 12 mai, Lee Zeldin, administrateur de l\u2019Agence de protection de l\u2019environnement (EPA) a d\u00e9clar\u00e9 son intention de supprimer les incitations gouvernementales en faveur du syst\u00e8me \u00ab\u00a0<a href=\"https:\/\/www.lefigaro.fr\/automobile\/2010\/12\/14\/03001-20101214ARTFIG00460-qu-est-ce-que-le-stop-amp-start.php\" target=\"_blank\" data-fig-type=\"Article\" rel=\"noopener nofollow\" data-gtm-custom-categorie=\"navigation\" data-gtm-custom-action=\"crossclick\" data-gtm-custom-label=\"Contextuel\" data-gtm-event=\"customEventSPE\" data-fig-domain=\"LEFIGARO\">Start and Stop<\/a>\u00a0\u00bb dans l\u2019industrie automobile.<\/p>\n<p class=\"fig-paragraph\">L\u2019annonce a \u00e9t\u00e9 faite par l\u2019int\u00e9ress\u00e9 sur le r\u00e9seau social X. \u00ab Concernant la Technologie start\/stop\u00a0: votre voiture s\u2019arr\u00eate \u00e0 chaque feu rouge pour que les entreprises remportent un troph\u00e9e de participation climatique\u00a0\u00bb, \u00e9crit Lee Zeldin, \u00ab l\u2019EPA l\u2019a approuv\u00e9e, mais tout le monde la d\u00e9teste, alors on y rem\u00e9die\u00bb.<\/p>\n<p class=\"fig-paragraph\">Concr\u00e8tement, l\u2019agence dont Lee Zeldin est d\u00e9sormais administrateur avait mis en place dans les ann\u00e9es 2010 des cr\u00e9dits d\u2019\u00e9conomie de carburant pour l\u2019adoption de cette technologie. Il s\u2019agit de points attribu\u00e9s par l\u2019EPA aux constructeurs automobiles lorsqu\u2019ils int\u00e8grent dans leurs v\u00e9hicules des technologies qui am\u00e9liorent l\u2019efficacit\u00e9 \u00e9nerg\u00e9tique (dont le syst\u00e8me Start and Stop). Ces cr\u00e9dits, qui fonctionnent sur le mod\u00e8le des quotas d\u2019\u00e9missions (<a href=\"http:\/\/www.lefigaro.fr\/societes\/la-taxe-carbone-aux-frontieres-de-l-europe-indispensable-mais-a-reformer-20241210\" target=\"_blank\" data-fig-type=\"Article\" rel=\"noopener nofollow\" data-gtm-custom-categorie=\"navigation\" data-gtm-custom-action=\"crossclick\" data-gtm-custom-label=\"Contextuel\" data-gtm-event=\"customEventSPE\" data-fig-domain=\"LEFIGARO\">la taxe carbone par exemple<\/a>) permettent aux constructeurs de compenser les mod\u00e8les de leur gamme qui consomment plus que la moyenne autoris\u00e9e ou simplement de se conformer aux normes f\u00e9d\u00e9rales sur la consommation de carburant et les \u00e9missions de CO\u2082.<\/p>\n<p>Une efficacit\u00e9 environnementale d\u00e9montr\u00e9e<\/p>\n<p class=\"fig-paragraph\">En ao\u00fbt 2012, une \u00e9tude d\u2019impact de l\u2019EPA montrait que les syst\u00e8mes start\/stop pouvaient r\u00e9duire les \u00e9missions de dioxyde de carbone \u00abde 1,8% \u00e0 2,4%, selon le type et la taille du v\u00e9hicule, par rapport aux mod\u00e8les de r\u00e9f\u00e9rence\u00bb. Sur son site web officiel, l\u2019agence indique toujours \u00e0 date que \u00ables syst\u00e8mes start-stop peuvent am\u00e9liorer la consommation de carburant jusqu\u2019\u00e0 5%, les avantages les plus importants \u00e9tant observ\u00e9s lors de la conduite urbaine avec arr\u00eats fr\u00e9quents\u00bb. Bref aux \u00c9tats-Unis, le Start and Stop est devenu de plus en plus courant sous l\u2019impulsion de ces incitations\u00a0: 1% des v\u00e9hicules neufs \u00e9taient munis de la technologie en 2012, contre environ 45% des mod\u00e8les en 2021, selon les donn\u00e9es de l\u2019EPA.<\/p>\n<p class=\"fig-paragraph\">Dans les faits, Lee Zeldin s\u2019appuie plut\u00f4t sur la fronde n\u00e9e sur les r\u00e9seaux sociaux. \u00abNon seulement votre voiture tombe en panne \u00e0 chaque\u00a0<a href=\"http:\/\/www.lefigaro.fr\/automobile\/jeep-quand-des-spots-publicitaires-s-invitent-sur-le-tableau-de-bord-20250212\" target=\"_blank\" data-fig-type=\"Article\" rel=\"noopener nofollow\" data-gtm-custom-categorie=\"navigation\" data-gtm-custom-action=\"crossclick\" data-gtm-custom-label=\"Contextuel\" data-gtm-event=\"customEventSPE\" data-fig-domain=\"LEFIGARO\">feu rouge<\/a> , mais votre climatisation aussi, \u00e9crit notamment l\u2019auteur et journaliste Michael Barone, dans le Daily Mail. Attendre trois minutes pour le feu vert dans des lieux comme la Floride, c\u2019est inconfortable [&#8230;] Je peux le constater\u00a0: presque tout le monde d\u00e9teste \u00e7a. D\u2019apr\u00e8s mes propres tests, pour la plupart, \u00e7a ne fait pas beaucoup d\u2019\u00e9conomies. J\u2019ai roul\u00e9 1400 km en un mois, en \u00e9conomisant 76 millilitres d\u2019essence\u00a0\u00bb, relate Jeff Litizen, un vendeur automobile . De plus, c\u2019est dangereux par exemple, si on cale bri\u00e8vement sur la voie centrale au moment de tourner \u00e0 gauche\u00bb.<\/p>\n<p>La d\u00e9r\u00e9glementation continue<\/p>\n<p class=\"fig-paragraph\">L\u2019annonce de Zeldin intervient \u00e9galement dans un contexte bien plus large, sous la pr\u00e9sidence de Donald Trump, de d\u00e9mant\u00e8lement de r\u00e8gles environnementales. Le 12 mars 2025, le m\u00eame Lee Zeldin avait annonc\u00e9 mettre fin \u00e0<a href=\"http:\/\/www.lefigaro.fr\/international\/liberer-l-energie-americaine-le-gouvernement-trump-revient-sur-des-regles-environnementales-adoptees-sous-biden-20250313\" data-fig-type=\"NewsFlash\" data-gtm-custom-categorie=\"navigation\" data-gtm-custom-action=\"crossclick\" data-gtm-custom-label=\"Contextuel\" data-gtm-event=\"customEventSPE\" data-fig-domain=\"LEFIGARO\" rel=\"nofollow noopener\" target=\"_blank\">\u00a031 r\u00e9glementations environnementales majeures<\/a>\u00a0dont plusieurs limitaient la pollution industrielle et visaient \u00e0 am\u00e9liorer la qualit\u00e9 de l\u2019air aux \u00c9tats-Unis. Parmi elles, la fermeture des bureaux de l\u2019EPA charg\u00e9s de la lutte contre l\u2019injustice environnementale et la suppression de 20 milliards de dollars de subventions pour la lutte contre la crise climatique.<\/p>\n<p class=\"fig-paragraph\">\u00ab Aujourd\u2019hui marque le plus grand jour de d\u00e9r\u00e9glementation que notre pays ait connu. Nous enfon\u00e7ons un couteau dans le c\u0153ur de la religion du changement climatique pour faire baisser le co\u00fbt de la vie des familles am\u00e9ricaines, lib\u00e9rer l\u2019\u00e9nergie am\u00e9ricaine, ramener des emplois dans le secteur automobile aux \u00c9tats-Unis, et bien plus encore\u00a0\u00bb, justifiait alors Lee Zeldin, administrateur de l\u2019EPA, dans son allocution du 12 mars. En ce qui concerne le Start and Stop, aucun \u00e9l\u00e9ment plus pr\u00e9cis n\u2019a \u00e9t\u00e9 communiqu\u00e9. Contact\u00e9 par plusieurs m\u00e9dias, l\u2019EPA a refus\u00e9 de fournir des d\u00e9tails \u00absur tout projet de r\u00e9vision ou d\u2019\u00e9limination des incitations existantes\u00bb.<\/p>\n","protected":false},"excerpt":{"rendered":"L\u2019Agence de protection de l\u2019environnement am\u00e9ricaine poursuit le d\u00e9mant\u00e8lement de politiques climatiques en vigueur. Elle souhaite restreindre l\u2019installation&hellip;\n","protected":false},"author":2,"featured_media":101317,"comment_status":"","ping_status":"","sticky":false,"template":"","format":"standard","meta":{"footnotes":""},"categories":[6],"tags":[1296,47,6712,1977,646,10929,10930,1755,35,7527,75,33,34,10931,2251,1011,27,4320,7526,6027,10651,7258,4752,3888],"class_list":{"0":"post-101316","1":"post","2":"type-post","3":"status-publish","4":"format-standard","5":"has-post-thumbnail","7":"category-economie","8":"tag-accessoires","9":"tag-actualite","10":"tag-audi","11":"tag-auto","12":"tag-automobile","13":"tag-automobiles","14":"tag-autos","15":"tag-bmw","16":"tag-business","17":"tag-citroen","18":"tag-donald-trump","19":"tag-economie","20":"tag-economy","21":"tag-essais","22":"tag-ferrari","23":"tag-fr","24":"tag-france","25":"tag-mercedes","26":"tag-peugeot","27":"tag-porsche","28":"tag-renault","29":"tag-tests","30":"tag-voiture","31":"tag-voitures"},"share_on_mastodon":{"url":"https:\/\/pubeurope.com\/@fr\/114510562805438862","error":""},"_links":{"self":[{"href":"https:\/\/www.europesays.com\/fr\/wp-json\/wp\/v2\/posts\/101316","targetHints":{"allow":["GET"]}}],"collection":[{"href":"https:\/\/www.europesays.com\/fr\/wp-json\/wp\/v2\/posts"}],"about":[{"href":"https:\/\/www.europesays.com\/fr\/wp-json\/wp\/v2\/types\/post"}],"author":[{"embeddable":true,"href":"https:\/\/www.europesays.com\/fr\/wp-json\/wp\/v2\/users\/2"}],"replies":[{"embeddable":true,"href":"https:\/\/www.europesays.com\/fr\/wp-json\/wp\/v2\/comments?post=101316"}],"version-history":[{"count":0,"href":"https:\/\/www.europesays.com\/fr\/wp-json\/wp\/v2\/posts\/101316\/revisions"}],"wp:featuredmedia":[{"embeddable":true,"href":"https:\/\/www.europesays.com\/fr\/wp-json\/wp\/v2\/media\/101317"}],"wp:attachment":[{"href":"https:\/\/www.europesays.com\/fr\/wp-json\/wp\/v2\/media?parent=101316"}],"wp:term":[{"taxonomy":"category","embeddable":true,"href":"https:\/\/www.europesays.com\/fr\/wp-json\/wp\/v2\/categories?post=101316"},{"taxonomy":"post_tag","embeddable":true,"href":"https:\/\/www.europesays.com\/fr\/wp-json\/wp\/v2\/tags?post=101316"}],"curies":[{"name":"wp","href":"https:\/\/api.w.org\/{rel}","templated":true}]}}