{"id":101324,"date":"2025-05-15T07:04:12","date_gmt":"2025-05-15T07:04:12","guid":{"rendered":"https:\/\/www.europesays.com\/fr\/101324\/"},"modified":"2025-05-15T07:04:12","modified_gmt":"2025-05-15T07:04:12","slug":"une-famille-porte-plainte-linfirmiere-suspendue","status":"publish","type":"post","link":"https:\/\/www.europesays.com\/fr\/101324\/","title":{"rendered":"une famille porte plainte, l\u2019infirmi\u00e8re suspendue"},"content":{"rendered":"<p>C\u2019est gr\u00e2ce \u00ab\u00a0au signalement d\u2019un lanceur d\u2019alerte anonyme mais tr\u00e8s pr\u00e9cis dans les d\u00e9tails\u00a0\u00bb sur la bo\u00eete mail d\u00e9di\u00e9e de l\u2019ordre national des infirmiers que la profession a eu connaissance, en d\u00e9cembre, des agissements de l\u2019infirmi\u00e8re de l\u2019ehpad L\u2019Astr\u00e9e de Saint-Etienne.<\/p>\n<p>Une soignante qui avait post\u00e9 des vid\u00e9os mettant en sc\u00e8ne de fa\u00e7on d\u00e9gradante des r\u00e9sidents de cet \u00e9tablissement appartenant au groupe Korian, jusqu\u2019\u00e0 montrer une vieille dame sur son lit de mort. Le tout souvent agr\u00e9ment\u00e9 de commentaires au&#8230;<\/p>\n","protected":false},"excerpt":{"rendered":"C\u2019est gr\u00e2ce \u00ab\u00a0au signalement d\u2019un lanceur d\u2019alerte anonyme mais tr\u00e8s pr\u00e9cis dans les d\u00e9tails\u00a0\u00bb sur la bo\u00eete mail&hellip;\n","protected":false},"author":2,"featured_media":101325,"comment_status":"","ping_status":"","sticky":false,"template":"","format":"standard","meta":{"footnotes":""},"categories":[9653],"tags":[1111,11,2430,271,272,7539,1777,674,274,107,1011,27,3367,12,25,4001,7538,4604,273,10806],"class_list":{"0":"post-101324","1":"post","2":"type-post","3":"status-publish","4":"format-standard","5":"has-post-thumbnail","7":"category-saint-etienne","8":"tag-actu","9":"tag-actualites","10":"tag-auvergne-rhone-alpes","11":"tag-crime","12":"tag-delit-et-contravention","13":"tag-edition-loire-sud","14":"tag-eu","15":"tag-europe","16":"tag-faits-divers-justice","17":"tag-fil-info","18":"tag-fr","19":"tag-france","20":"tag-loire","21":"tag-news","22":"tag-republique-francaise","23":"tag-saint-etienne","24":"tag-saint-etienne-ville","25":"tag-selection-abonne","26":"tag-selection-de-la-redaction","27":"tag-selection-de-la-redaction-42"},"share_on_mastodon":{"url":"https:\/\/pubeurope.com\/@fr\/114510578628127440","error":""},"_links":{"self":[{"href":"https:\/\/www.europesays.com\/fr\/wp-json\/wp\/v2\/posts\/101324","targetHints":{"allow":["GET"]}}],"collection":[{"href":"https:\/\/www.europesays.com\/fr\/wp-json\/wp\/v2\/posts"}],"about":[{"href":"https:\/\/www.europesays.com\/fr\/wp-json\/wp\/v2\/types\/post"}],"author":[{"embeddable":true,"href":"https:\/\/www.europesays.com\/fr\/wp-json\/wp\/v2\/users\/2"}],"replies":[{"embeddable":true,"href":"https:\/\/www.europesays.com\/fr\/wp-json\/wp\/v2\/comments?post=101324"}],"version-history":[{"count":0,"href":"https:\/\/www.europesays.com\/fr\/wp-json\/wp\/v2\/posts\/101324\/revisions"}],"wp:featuredmedia":[{"embeddable":true,"href":"https:\/\/www.europesays.com\/fr\/wp-json\/wp\/v2\/media\/101325"}],"wp:attachment":[{"href":"https:\/\/www.europesays.com\/fr\/wp-json\/wp\/v2\/media?parent=101324"}],"wp:term":[{"taxonomy":"category","embeddable":true,"href":"https:\/\/www.europesays.com\/fr\/wp-json\/wp\/v2\/categories?post=101324"},{"taxonomy":"post_tag","embeddable":true,"href":"https:\/\/www.europesays.com\/fr\/wp-json\/wp\/v2\/tags?post=101324"}],"curies":[{"name":"wp","href":"https:\/\/api.w.org\/{rel}","templated":true}]}}