{"id":101332,"date":"2025-05-15T07:08:09","date_gmt":"2025-05-15T07:08:09","guid":{"rendered":"https:\/\/www.europesays.com\/fr\/101332\/"},"modified":"2025-05-15T07:08:09","modified_gmt":"2025-05-15T07:08:09","slug":"une-femme-decede-percutee-par-un-ter-la-circulation-des-trains-interrompue-entre-toulon-et-carnoules","status":"publish","type":"post","link":"https:\/\/www.europesays.com\/fr\/101332\/","title":{"rendered":"Une femme d\u00e9c\u00e8de percut\u00e9e par un TER, la circulation des trains interrompue entre Toulon et Carnoules"},"content":{"rendered":"<p>Les sapeurs-pompiers sont intervenus ce jeudi 15 mai, un peu avant 8 heures, pour un accident de la circulation sur une voie ferr\u00e9e\u00a0\u00e0 <strong>Cuers<\/strong> entre un <strong>TER<\/strong>, circulant dans le sens Les Arcs-Toulon, et une <strong>femme d&rsquo;environ 40 ans<\/strong>.\u00a0<\/p>\n<p>La victime est <strong>d\u00e9c\u00e9d\u00e9e<\/strong>, tandis que les 86 passagers \u00e0 bord du train n&rsquo;ont pas \u00e9t\u00e9 bless\u00e9s.\u00a0<\/p>\n<p><strong>Circulation des trains arr\u00eat\u00e9e<\/strong><\/p>\n<p>L&rsquo;intervention des secours a n\u00e9cessit\u00e9 l&rsquo;arr\u00eat total de la circulation ferroviaire dans les deux sens entre Toulon et Carnoules.\u00a0<\/p>\n<p>La reprise est estim\u00e9e ce jeudi \u00e0<strong> 11 heures<\/strong>, indique\u00a0SNCF TER SUD Provence-Alpes-C\u00f4te d\u2019Azur.<\/p>\n<p>Le dispositif comprenait une ambulance, un fourgon incendie et un v\u00e9hicule de commandement, soit huit sapeurs-pompiers. Les forces de l&rsquo;ordre \u00e9taient \u00e9galement pr\u00e9sentes.<\/p>\n","protected":false},"excerpt":{"rendered":"Les sapeurs-pompiers sont intervenus ce jeudi 15 mai, un peu avant 8 heures, pour un accident de la&hellip;\n","protected":false},"author":2,"featured_media":101333,"comment_status":"","ping_status":"","sticky":false,"template":"","format":"standard","meta":{"footnotes":""},"categories":[9619],"tags":[1111,11,1777,674,118,1011,27,803,12,882,25,2310],"class_list":{"0":"post-101332","1":"post","2":"type-post","3":"status-publish","4":"format-standard","5":"has-post-thumbnail","7":"category-toulon","8":"tag-actu","9":"tag-actualites","10":"tag-eu","11":"tag-europe","12":"tag-faits-divers","13":"tag-fr","14":"tag-france","15":"tag-info-trafic","16":"tag-news","17":"tag-provence-alpes-cote-dazur","18":"tag-republique-francaise","19":"tag-toulon"},"share_on_mastodon":{"url":"https:\/\/pubeurope.com\/@fr\/114510594383152012","error":""},"_links":{"self":[{"href":"https:\/\/www.europesays.com\/fr\/wp-json\/wp\/v2\/posts\/101332","targetHints":{"allow":["GET"]}}],"collection":[{"href":"https:\/\/www.europesays.com\/fr\/wp-json\/wp\/v2\/posts"}],"about":[{"href":"https:\/\/www.europesays.com\/fr\/wp-json\/wp\/v2\/types\/post"}],"author":[{"embeddable":true,"href":"https:\/\/www.europesays.com\/fr\/wp-json\/wp\/v2\/users\/2"}],"replies":[{"embeddable":true,"href":"https:\/\/www.europesays.com\/fr\/wp-json\/wp\/v2\/comments?post=101332"}],"version-history":[{"count":0,"href":"https:\/\/www.europesays.com\/fr\/wp-json\/wp\/v2\/posts\/101332\/revisions"}],"wp:featuredmedia":[{"embeddable":true,"href":"https:\/\/www.europesays.com\/fr\/wp-json\/wp\/v2\/media\/101333"}],"wp:attachment":[{"href":"https:\/\/www.europesays.com\/fr\/wp-json\/wp\/v2\/media?parent=101332"}],"wp:term":[{"taxonomy":"category","embeddable":true,"href":"https:\/\/www.europesays.com\/fr\/wp-json\/wp\/v2\/categories?post=101332"},{"taxonomy":"post_tag","embeddable":true,"href":"https:\/\/www.europesays.com\/fr\/wp-json\/wp\/v2\/tags?post=101332"}],"curies":[{"name":"wp","href":"https:\/\/api.w.org\/{rel}","templated":true}]}}