{"id":1013434,"date":"2026-06-20T20:22:20","date_gmt":"2026-06-20T20:22:20","guid":{"rendered":"https:\/\/www.europesays.com\/fr\/1013434\/"},"modified":"2026-06-20T20:22:20","modified_gmt":"2026-06-20T20:22:20","slug":"la-citadelle-va-devenir-un-refuge-en-marge-du-congres-de-la-lpo-a-marseille-entretien-avec-allain-bougrain-dubourg","status":"publish","type":"post","link":"https:\/\/www.europesays.com\/fr\/1013434\/","title":{"rendered":"\u00ab\u00a0La Citadelle va devenir un refuge\u00a0\u00bb : en marge du congr\u00e8s de la LPO \u00e0 Marseille, entretien avec Allain Bougrain-Dubourg"},"content":{"rendered":"<p><strong>Vous signez une nouvelle <a href=\"https:\/\/www.laprovence.com\/article\/region\/1873360182475415\/a-marseille-une-convention-pour-proteger-les-oiseaux-de-la-renovation-urbaine\" target=\"_blank\" rel=\"nofollow noopener\">convention avec la Ville de Marseille<\/a>. Pourquoi ?<\/strong>&#13;\n<\/p>\n<p><a href=\"https:\/\/www.laprovence.com\/article\/culture-loisirs\/1486225104720615\/la-citadelle-de-marseille-a-fait-fort-pour-son-lancement-de-saison\" target=\"_blank\" rel=\"nofollow noopener\">La Citadelle<\/a> va devenir un <a href=\"https:\/\/www.laprovence.com\/article\/region\/1027028456817515\/des-friches-urbaines-installees-a-marseille-pour-proteger-les-oiseaux\" target=\"_blank\" rel=\"nofollow noopener\">refuge LPO<\/a>. L&rsquo;id\u00e9e, c&rsquo;est de valoriser un terrain avec des mangeoires, des nichoirs, des h\u00f4tels \u00e0 insectes, une mare, des abris \u00e0 chauve-souris. Des choses tr\u00e8s simples, qui marchent formidablement. Et quand une ville s&rsquo;affiche refuge LPO, c&rsquo;est un exemple pour les citoyens.<\/p>\n<p><strong>La LPO publie un 1er <a href=\"https:\/\/www.laprovence.com\/article\/ecoplanete\/5673645297464814\/un-appel-a-agir-plus-despeces-mais-moins-doiseaux-la-ligue-pour-leur-protection-alerte\" target=\"_blank\" rel=\"nofollow noopener\">barom\u00e8tre de l&rsquo;avifaune<\/a>, qui \u00e9value l&rsquo;\u00e9tat de conservation des populations d&rsquo;oiseaux. En Provence, quelles esp\u00e8ces sont menac\u00e9es ?<\/strong>&#13;\n<\/p>\n<p>Ce bilan est en trompe-l&rsquo;\u0153il, il fait appara\u00eetre 45 esp\u00e8ces de plus en 50 ans, alors que seulement 4 auraient disparu. Celles qui sont arriv\u00e9es, que l&rsquo;on voit en Provence, sont des esp\u00e8ces l\u00e2ch\u00e9es, comme la <a href=\"https:\/\/www.laprovence.com\/article\/edition-aix-pays-daix\/6386140\/faut-il-sinquieter-de-larrivee-de-la-perruche-a-collier.html\" target=\"_blank\" rel=\"nofollow noopener\">Perruche \u00e0 collier<\/a>, ou des esp\u00e8ces revenant pour raisons climatiques, comme le Pique-b\u0153uf, qu&rsquo;on retrouve pr\u00e8s des troupeaux de taureaux. 45 esp\u00e8ces de plus, c&rsquo;est tr\u00e8s inqui\u00e9tant parce que derri\u00e8re, on perd 20 millions d&rsquo;oiseaux chaque ann\u00e9e. Il y a urgence \u00e0 agir. L&rsquo;oiseau est l&rsquo;indicateur de l&rsquo;\u00e9tat de la biodiversit\u00e9. L\u00e0 o\u00f9 les populations s&rsquo;\u00e9teignent, le cort\u00e8ge du vivant qui dispara\u00eet.<\/p>\n<p>\u00ab\u00a0Un impact sur toute une faune\u00a0\u00bb pour la ligne THT en Camargue<\/p>\n<p><strong>La LPO s<\/strong>&#8230;<\/p>\n","protected":false},"excerpt":{"rendered":"Vous signez une nouvelle convention avec la Ville de Marseille. Pourquoi ?&#13; La Citadelle va devenir un refuge&hellip;\n","protected":false},"author":2,"featured_media":1013435,"comment_status":"","ping_status":"","sticky":false,"template":"","format":"standard","meta":{"footnotes":"","_share_on_mastodon":"0"},"categories":[2814],"tags":[5734,1111,11,4556,4394,8300,436,1777,674,1011,27,4743,20324,16090,884,12,882,16132,25],"class_list":["post-1013434","post","type-post","status-publish","format-standard","has-post-thumbnail","category-marseille","tag-5734","tag-actu","tag-actualites","tag-citadelle","tag-congres","tag-devenir","tag-environnement","tag-eu","tag-europe","tag-fr","tag-france","tag-la","tag-lpo","tag-marge","tag-marseille","tag-news","tag-provence-alpes-cote-dazur","tag-refuge","tag-republique-francaise"],"share_on_mastodon":{"url":"https:\/\/pubeurope.com\/@fr\/116784303132984860","error":""},"_links":{"self":[{"href":"https:\/\/www.europesays.com\/fr\/wp-json\/wp\/v2\/posts\/1013434","targetHints":{"allow":["GET"]}}],"collection":[{"href":"https:\/\/www.europesays.com\/fr\/wp-json\/wp\/v2\/posts"}],"about":[{"href":"https:\/\/www.europesays.com\/fr\/wp-json\/wp\/v2\/types\/post"}],"author":[{"embeddable":true,"href":"https:\/\/www.europesays.com\/fr\/wp-json\/wp\/v2\/users\/2"}],"replies":[{"embeddable":true,"href":"https:\/\/www.europesays.com\/fr\/wp-json\/wp\/v2\/comments?post=1013434"}],"version-history":[{"count":0,"href":"https:\/\/www.europesays.com\/fr\/wp-json\/wp\/v2\/posts\/1013434\/revisions"}],"wp:featuredmedia":[{"embeddable":true,"href":"https:\/\/www.europesays.com\/fr\/wp-json\/wp\/v2\/media\/1013435"}],"wp:attachment":[{"href":"https:\/\/www.europesays.com\/fr\/wp-json\/wp\/v2\/media?parent=1013434"}],"wp:term":[{"taxonomy":"category","embeddable":true,"href":"https:\/\/www.europesays.com\/fr\/wp-json\/wp\/v2\/categories?post=1013434"},{"taxonomy":"post_tag","embeddable":true,"href":"https:\/\/www.europesays.com\/fr\/wp-json\/wp\/v2\/tags?post=1013434"}],"curies":[{"name":"wp","href":"https:\/\/api.w.org\/{rel}","templated":true}]}}