{"id":101344,"date":"2025-05-15T07:19:08","date_gmt":"2025-05-15T07:19:08","guid":{"rendered":"https:\/\/www.europesays.com\/fr\/101344\/"},"modified":"2025-05-15T07:19:08","modified_gmt":"2025-05-15T07:19:08","slug":"entre-rennes-et-redon-le-trafic-sncf-est-interrompu-plusieurs-trains-sont-supprimes","status":"publish","type":"post","link":"https:\/\/www.europesays.com\/fr\/101344\/","title":{"rendered":"Entre Rennes et Redon, le trafic SNCF est interrompu : plusieurs trains sont supprim\u00e9s"},"content":{"rendered":"<p>            Par<br \/>\n        <strong><br \/>\n            <a href=\"https:\/\/actu.fr\/auteur\/brian-legoff\" title=\"Consulter tous les articles de Brian Le Goff\" rel=\"nofollow noopener\" target=\"_blank\">Brian Le Goff<\/a><br \/>\n        <\/strong><\/p>\n<p>        Publi\u00e9 le<\/p>\n<p>            15 mai 2025 \u00e0 8h27        <\/p>\n<p>L\u2019information a \u00e9t\u00e9 communiqu\u00e9e via le compte X (ex-Twitter) Ter BreizhGo, <strong>ce jeudi 15 mai, vers 7 h 45<\/strong>. La <a href=\"https:\/\/actu.fr\/tag\/circulation\" rel=\"nofollow noopener\" target=\"_blank\">circulation<\/a> des trains <a href=\"https:\/\/actu.fr\/tag\/sncf\" rel=\"nofollow noopener\" target=\"_blank\">SNCF<\/a> entre Rennes et <a href=\"https:\/\/actu.fr\/infosredon\/\" rel=\"nofollow noopener\" target=\"_blank\">Redon<\/a> est<strong> interrompue dans les deux sens<\/strong> suite \u00e0 \u00ab\u00a0un <a href=\"https:\/\/actu.fr\/tag\/accident\" rel=\"nofollow noopener\" target=\"_blank\">accident<\/a> de personne\u00a0\u00bb \u00e0 hauteur de Saint-Senoux \u2013 <a href=\"https:\/\/actu.fr\/bretagne\/plechatel_35221\" rel=\"nofollow noopener\" target=\"_blank\">Pl\u00e9ch\u00e2tel<\/a>.<\/p>\n<p class=\" wall-content\">\n<p class=\" wall-content\"><strong>Pr\u00e8s d\u2019une dizaine de trains sont supprim\u00e9s<\/strong> en raison de cet accident entre Rennes et Nantes, Rennes et Guipry-Messac, Vannes et Rennes.<\/p>\n<p>Une victime d\u00e9c\u00e9d\u00e9e<\/p>\n<p class=\" wall-content\">Contact\u00e9s par <a href=\"https:\/\/actu.fr\/rennes\/\" rel=\"nofollow noopener\" target=\"_blank\">actu Rennes<\/a>, les <a href=\"https:\/\/actu.fr\/tag\/pompiers\" rel=\"nofollow noopener\" target=\"_blank\">pompiers<\/a> confirment <strong>intervenir sur place<\/strong>. La victime est a priori d\u00e9c\u00e9d\u00e9e, mais aucune information suppl\u00e9mentaire n\u2019a pu \u00eatre apport\u00e9e.<\/p>\n<p class=\" wall-content\">Les usagers de la ligne vont devoir patienter ou trouver un autre moyen de transport. La <strong>reprise<\/strong> des circulations est pr\u00e9vue aux alentours de<strong> 9 h 45<\/strong>.<\/p>\n<p class=\" wall-content\">Suivez toute l\u2019actualit\u00e9 de vos villes et m\u00e9dias favoris en vous inscrivant \u00e0 <a href=\"https:\/\/moncompte.actu.fr\" title=\"D\u00e9couvez Mon Actu\" rel=\"nofollow noopener\" data-trk=\"{&quot;cta&quot;:{&quot;action&quot;:&quot;https:\\\/\\\/moncompte.actu.fr&quot;,&quot;category&quot;:&quot;mon compte&quot;,&quot;from&quot;:&quot;article footer&quot;,&quot;name&quot;:&quot;Mon actu&quot;,&quot;type&quot;:&quot;cta&quot;}}\" target=\"_blank\">Mon Actu<\/a>.<\/p>\n","protected":false},"excerpt":{"rendered":"Par Brian Le Goff Publi\u00e9 le 15 mai 2025 \u00e0 8h27 L\u2019information a \u00e9t\u00e9 communiqu\u00e9e via le compte&hellip;\n","protected":false},"author":2,"featured_media":101345,"comment_status":"","ping_status":"","sticky":false,"template":"","format":"standard","meta":{"footnotes":""},"categories":[2821],"tags":[119,1111,11,829,3542,1777,674,118,1011,27,12,584,25,2215],"class_list":{"0":"post-101344","1":"post","2":"type-post","3":"status-publish","4":"format-standard","5":"has-post-thumbnail","7":"category-rennes","8":"tag-accident","9":"tag-actu","10":"tag-actualites","11":"tag-bretagne","12":"tag-circulation","13":"tag-eu","14":"tag-europe","15":"tag-faits-divers","16":"tag-fr","17":"tag-france","18":"tag-news","19":"tag-rennes","20":"tag-republique-francaise","21":"tag-sncf"},"share_on_mastodon":{"url":"https:\/\/pubeurope.com\/@fr\/114510637736206073","error":""},"_links":{"self":[{"href":"https:\/\/www.europesays.com\/fr\/wp-json\/wp\/v2\/posts\/101344","targetHints":{"allow":["GET"]}}],"collection":[{"href":"https:\/\/www.europesays.com\/fr\/wp-json\/wp\/v2\/posts"}],"about":[{"href":"https:\/\/www.europesays.com\/fr\/wp-json\/wp\/v2\/types\/post"}],"author":[{"embeddable":true,"href":"https:\/\/www.europesays.com\/fr\/wp-json\/wp\/v2\/users\/2"}],"replies":[{"embeddable":true,"href":"https:\/\/www.europesays.com\/fr\/wp-json\/wp\/v2\/comments?post=101344"}],"version-history":[{"count":0,"href":"https:\/\/www.europesays.com\/fr\/wp-json\/wp\/v2\/posts\/101344\/revisions"}],"wp:featuredmedia":[{"embeddable":true,"href":"https:\/\/www.europesays.com\/fr\/wp-json\/wp\/v2\/media\/101345"}],"wp:attachment":[{"href":"https:\/\/www.europesays.com\/fr\/wp-json\/wp\/v2\/media?parent=101344"}],"wp:term":[{"taxonomy":"category","embeddable":true,"href":"https:\/\/www.europesays.com\/fr\/wp-json\/wp\/v2\/categories?post=101344"},{"taxonomy":"post_tag","embeddable":true,"href":"https:\/\/www.europesays.com\/fr\/wp-json\/wp\/v2\/tags?post=101344"}],"curies":[{"name":"wp","href":"https:\/\/api.w.org\/{rel}","templated":true}]}}