{"id":101346,"date":"2025-05-15T07:20:17","date_gmt":"2025-05-15T07:20:17","guid":{"rendered":"https:\/\/www.europesays.com\/fr\/101346\/"},"modified":"2025-05-15T07:20:17","modified_gmt":"2025-05-15T07:20:17","slug":"des-familles-sans-abri-squattent-un-immeuble-vide-a-schiltigheim","status":"publish","type":"post","link":"https:\/\/www.europesays.com\/fr\/101346\/","title":{"rendered":"Des familles sans-abri squattent un immeuble vide \u00e0 Schiltigheim"},"content":{"rendered":"<p>Soutenez un m\u00e9dia qui donne une voix aux sans-abris<\/p>\n<p>La r\u00e9daction a besoin de votre soutien pour enqu\u00eater sur ce sujet<\/p>\n<p>Des <a href=\"https:\/\/www.rue89strasbourg.com\/plein-hiver-centaine-personnes-dorment-dans-un-parc-324497\" target=\"_blank\" rel=\"noreferrer noopener\">visages et des t\u00e9moignages d\u2019habitants et d\u2019habitantes<\/a> du camp Eug\u00e8ne Imbs. Un chiffre pour donner la <a href=\"https:\/\/www.rue89strasbourg.com\/strasbourg-plan-grand-froid-etat-13-lits-pliables-sans-abris-330231\" target=\"_blank\" rel=\"noreferrer noopener\">r\u00e9alit\u00e9 au-del\u00e0 de la communication pr\u00e9fectorale<\/a> sur le plan Grand froid. Un reportage dans le <a href=\"https:\/\/www.rue89strasbourg.com\/evacuation-gymnase-bouxwiller-familles-sans-abris-225205\" target=\"_blank\" rel=\"noreferrer noopener\">centre d\u2019aide pour le retour<\/a>, passage oblig\u00e9 de nombreuses personnes sans-abri et en situation irr\u00e9guli\u00e8re\u2026 L\u2019engagement de Rue89 Strasbourg sur le sans-abrisme, c\u2019est de vous donner acc\u00e8s \u00e0 toutes ces informations qui font rarement la Une des m\u00e9dias traditionnels.<\/p>\n<p>Ces enqu\u00eates et ces reportages ont un prix. C\u2019est le temps de travail de Thibault Vetter et de Camille Balzinger, qui suivent de pr\u00e8s, depuis plusieurs ann\u00e9es, la probl\u00e9matique du manque d\u2019<a href=\"https:\/\/www.rue89strasbourg.com\/tag\/hebergement-durgence\" target=\"_blank\" rel=\"noreferrer noopener\">h\u00e9bergements d\u2019urgence<\/a> \u00e0 Strasbourg et la pr\u00e9carit\u00e9 des personnes sans papier.<\/p>\n<p>D\u2019avance, merci pour votre soutien. <\/p>\n","protected":false},"excerpt":{"rendered":"Soutenez un m\u00e9dia qui donne une voix aux sans-abris La r\u00e9daction a besoin de votre soutien pour enqu\u00eater&hellip;\n","protected":false},"author":2,"featured_media":101347,"comment_status":"","ping_status":"","sticky":false,"template":"","format":"standard","meta":{"footnotes":""},"categories":[2820],"tags":[1111,11,21709,1777,674,1011,27,775,12,25,3910,104,5221,640],"class_list":{"0":"post-101346","1":"post","2":"type-post","3":"status-publish","4":"format-standard","5":"has-post-thumbnail","7":"category-strasbourg","8":"tag-actu","9":"tag-actualites","10":"tag-alsace-habitat","11":"tag-eu","12":"tag-europe","13":"tag-fr","14":"tag-france","15":"tag-grand-est","16":"tag-news","17":"tag-republique-francaise","18":"tag-sdf","19":"tag-societe","20":"tag-squat","21":"tag-strasbourg"},"share_on_mastodon":{"url":"https:\/\/pubeurope.com\/@fr\/114510641470338524","error":""},"_links":{"self":[{"href":"https:\/\/www.europesays.com\/fr\/wp-json\/wp\/v2\/posts\/101346","targetHints":{"allow":["GET"]}}],"collection":[{"href":"https:\/\/www.europesays.com\/fr\/wp-json\/wp\/v2\/posts"}],"about":[{"href":"https:\/\/www.europesays.com\/fr\/wp-json\/wp\/v2\/types\/post"}],"author":[{"embeddable":true,"href":"https:\/\/www.europesays.com\/fr\/wp-json\/wp\/v2\/users\/2"}],"replies":[{"embeddable":true,"href":"https:\/\/www.europesays.com\/fr\/wp-json\/wp\/v2\/comments?post=101346"}],"version-history":[{"count":0,"href":"https:\/\/www.europesays.com\/fr\/wp-json\/wp\/v2\/posts\/101346\/revisions"}],"wp:featuredmedia":[{"embeddable":true,"href":"https:\/\/www.europesays.com\/fr\/wp-json\/wp\/v2\/media\/101347"}],"wp:attachment":[{"href":"https:\/\/www.europesays.com\/fr\/wp-json\/wp\/v2\/media?parent=101346"}],"wp:term":[{"taxonomy":"category","embeddable":true,"href":"https:\/\/www.europesays.com\/fr\/wp-json\/wp\/v2\/categories?post=101346"},{"taxonomy":"post_tag","embeddable":true,"href":"https:\/\/www.europesays.com\/fr\/wp-json\/wp\/v2\/tags?post=101346"}],"curies":[{"name":"wp","href":"https:\/\/api.w.org\/{rel}","templated":true}]}}