{"id":101350,"date":"2025-05-15T07:22:09","date_gmt":"2025-05-15T07:22:09","guid":{"rendered":"https:\/\/www.europesays.com\/fr\/101350\/"},"modified":"2025-05-15T07:22:09","modified_gmt":"2025-05-15T07:22:09","slug":"nouveau-bouchon-monstre-sur-lautoroute-a8-a-nice-les-vehicules-a-larret-en-direction-de-litalie","status":"publish","type":"post","link":"https:\/\/www.europesays.com\/fr\/101350\/","title":{"rendered":"Nouveau bouchon monstre sur l&rsquo;autoroute A8 \u00e0 Nice, les v\u00e9hicules \u00e0 l&rsquo;arr\u00eat en direction de l&rsquo;Italie"},"content":{"rendered":"<p>Les journ\u00e9es compliqu\u00e9es s&rsquo;encha\u00eenent sur l&rsquo;autoroute A8 sur la C\u00f4te d&rsquo;Azur.<\/p>\n<p>Apr\u00e8s des <strong>bouchons monstres ce mardi et mercredi<\/strong>, la circulation est \u00e0 nouveau \u00e0 l&rsquo;arr\u00eat entre Antibes et Nice ce jeudi matin.\u00a0<\/p>\n<p>Le d\u00e9partement des Alpes-Maritimes, via Escota, informe quant \u00e0\u00a0<strong>la formation d&rsquo;un bouchon de 14 kilom\u00e8tres<\/strong>\u00a0en direction de l&rsquo;Italie, entre la sortie 44 (Antibes Ouest) et la sortie 50 (Nice Ouest).<\/p>\n","protected":false},"excerpt":{"rendered":"Les journ\u00e9es compliqu\u00e9es s&rsquo;encha\u00eenent sur l&rsquo;autoroute A8 sur la C\u00f4te d&rsquo;Azur. Apr\u00e8s des bouchons monstres ce mardi et&hellip;\n","protected":false},"author":2,"featured_media":20275,"comment_status":"","ping_status":"","sticky":false,"template":"","format":"standard","meta":{"footnotes":""},"categories":[2819],"tags":[1111,11,1777,674,1011,27,803,12,2401,882,25],"class_list":{"0":"post-101350","1":"post","2":"type-post","3":"status-publish","4":"format-standard","5":"has-post-thumbnail","7":"category-nice","8":"tag-actu","9":"tag-actualites","10":"tag-eu","11":"tag-europe","12":"tag-fr","13":"tag-france","14":"tag-info-trafic","15":"tag-news","16":"tag-nice","17":"tag-provence-alpes-cote-dazur","18":"tag-republique-francaise"},"share_on_mastodon":{"url":"https:\/\/pubeurope.com\/@fr\/114510649336717016","error":""},"_links":{"self":[{"href":"https:\/\/www.europesays.com\/fr\/wp-json\/wp\/v2\/posts\/101350","targetHints":{"allow":["GET"]}}],"collection":[{"href":"https:\/\/www.europesays.com\/fr\/wp-json\/wp\/v2\/posts"}],"about":[{"href":"https:\/\/www.europesays.com\/fr\/wp-json\/wp\/v2\/types\/post"}],"author":[{"embeddable":true,"href":"https:\/\/www.europesays.com\/fr\/wp-json\/wp\/v2\/users\/2"}],"replies":[{"embeddable":true,"href":"https:\/\/www.europesays.com\/fr\/wp-json\/wp\/v2\/comments?post=101350"}],"version-history":[{"count":0,"href":"https:\/\/www.europesays.com\/fr\/wp-json\/wp\/v2\/posts\/101350\/revisions"}],"wp:featuredmedia":[{"embeddable":true,"href":"https:\/\/www.europesays.com\/fr\/wp-json\/wp\/v2\/media\/20275"}],"wp:attachment":[{"href":"https:\/\/www.europesays.com\/fr\/wp-json\/wp\/v2\/media?parent=101350"}],"wp:term":[{"taxonomy":"category","embeddable":true,"href":"https:\/\/www.europesays.com\/fr\/wp-json\/wp\/v2\/categories?post=101350"},{"taxonomy":"post_tag","embeddable":true,"href":"https:\/\/www.europesays.com\/fr\/wp-json\/wp\/v2\/tags?post=101350"}],"curies":[{"name":"wp","href":"https:\/\/api.w.org\/{rel}","templated":true}]}}