{"id":101355,"date":"2025-05-15T07:25:08","date_gmt":"2025-05-15T07:25:08","guid":{"rendered":"https:\/\/www.europesays.com\/fr\/101355\/"},"modified":"2025-05-15T07:25:08","modified_gmt":"2025-05-15T07:25:08","slug":"un-policier-incarcere-pour-le-viol-presume-dun-enfant-de-huit-ans","status":"publish","type":"post","link":"https:\/\/www.europesays.com\/fr\/101355\/","title":{"rendered":"un policier incarc\u00e9r\u00e9 pour le viol pr\u00e9sum\u00e9 d\u2019un enfant de huit ans"},"content":{"rendered":"<p>La stupeur domine toujours au commissariat central Waldeck-Rousseau, \u00e0 Nantes, depuis qu\u2019un de ses agents a \u00e9t\u00e9 mis en examen pour viol et agression sexuelle sur mineur de moins de quinze ans. <a href=\"https:\/\/www.ouest-france.fr\/societe\/faits-divers\/un-policier-de-nantes-mis-en-examen-pour-viol-et-agression-sexuelle-sur-un-garcon-de-8-ans-1846713e-3002-11f0-a780-38f15a8a5638\" target=\"_blank\" rel=\"noopener\">\u00c2g\u00e9 de quarante-cinq ans, ce brigadier exp\u00e9riment\u00e9 a \u00e9t\u00e9 arr\u00eat\u00e9 le 1\u1d49\u02b3 mai par les gendarmes de la brigade de recherches de Rez\u00e9.<\/a> Il est aujourd\u2019hui d\u00e9tenu \u00e0 l\u2019isolement, dans un \u00e9tablissement p\u00e9nitentiaire situ\u00e9 hors du d\u00e9partement.<\/p>\n<p>Selon les premiers \u00e9l\u00e9ments de l\u2019information judiciaire, l\u2019homme aurait abus\u00e9, \u00e0 son domicile, d\u2019un gar\u00e7onnet de huit ans\u2009\u2013\u2009l\u2019ami de son propre fils, qu\u2019il h\u00e9bergeait \u00e0 l\u2019occasion. Interpell\u00e9 apr\u00e8s le signalement de la victime, le suspect a reconnu les faits lors de sa garde \u00e0 vue. La qualification retenue \u2013 viol et agression sexuelle \u2013 refl\u00e8te la gravit\u00e9 des actes reproch\u00e9s\u2009; la minorit\u00e9 de la victime constitue une circonstance aggravante automatique.<\/p>\n<p>Dossier transf\u00e9r\u00e9 \u00e0 Rennes pour garantir l\u2019impartialit\u00e9<\/p>\n<p><a href=\"https:\/\/www.20minutes.fr\/faits_divers\/4153526-20250514-nantes-policier-mis-examen-viol-agression-sexuelle-garcon-8-ans\" target=\"_blank\" rel=\"noopener\">Eu \u00e9gard \u00e0 la qualit\u00e9 de fonctionnaire de police du mis en cause, le parquet a rapidement transf\u00e9r\u00e9 l\u2019affaire hors du d\u00e9partement<\/a>. Elle est d\u00e9sormais entre les mains d\u2019un juge d\u2019instruction rennais, charg\u00e9 de v\u00e9rifier l\u2019ensemble des circonstances et de mesurer la possible existence d\u2019autres victimes. La d\u00e9tention provisoire, d\u00e9cid\u00e9e d\u00e8s le d\u00e9ferrement, vise \u00e0 emp\u00eacher toute pression sur l\u2019entourage de l\u2019enfant et \u00e0 prot\u00e9ger le suspect lui-m\u00eame d\u2019\u00e9ventuelles repr\u00e9sailles en milieu carc\u00e9ral.<\/p>\n<p>Avant d\u2019int\u00e9grer le service local de police judiciaire, l\u2019homme avait \u00e9t\u00e9 affect\u00e9 \u00e0 la brigade de protection de la famille, unit\u00e9 charg\u00e9e justement d\u2019enqu\u00eater sur les violences intrafamiliales et les infractions sexuelles visant des mineurs. Plus troublant encore, il avait r\u00e9cemment sollicit\u00e9 un transfert vers la brigade des mineurs. Sa hi\u00e9rarchie lui avait oppos\u00e9 un refus apr\u00e8s qu\u2019une coll\u00e8gue eut signal\u00e9 un \u00ab geste ind\u00e9licat \u00bb. Une sanction interne l\u2019avait renvoy\u00e9 dans un autre groupe d\u2019enqu\u00eate, sans que des poursuites p\u00e9nales ne soient alors engag\u00e9es.<\/p>\n<p>L\u2019instruction va d\u00e9sormais s\u2019attacher \u00e0 retracer le parcours complet du suspect\u2009\u2013\u2009tant professionnel que priv\u00e9 \u2013 afin de d\u00e9terminer si d\u2019autres enfants ont pu croiser sa route. Une expertise psychologique de la victime et du mis en examen a \u00e9t\u00e9 ordonn\u00e9e. Le juge devrait \u00e9galement examiner le contenu des supports num\u00e9riques saisis lors de la perquisition au domicile du policier.<\/p>\n<p>Pour l\u2019heure, une seule victime est formellement identifi\u00e9e. Aucune charge ne vise d\u2019autres personnes. La pr\u00e9somption d\u2019innocence demeure ; toutefois, compte tenu des aveux partiels, le calendrier de la proc\u00e9dure pourrait \u00eatre rapide. Si les faits sont confirm\u00e9s, l\u2019ancien brigadier encourt vingt ans de r\u00e9clusion criminelle.<\/p>\n<p>Cr\u00e9dit photo : DR (photo d\u2019illustration)<br \/>[cc] Breizh-info.com, 2025, d\u00e9p\u00eaches libres de copie et de diffusion sous r\u00e9serve de mention et de lien vers la source d\u2019origine<\/p>\n","protected":false},"excerpt":{"rendered":"La stupeur domine toujours au commissariat central Waldeck-Rousseau, \u00e0 Nantes, depuis qu\u2019un de ses agents a \u00e9t\u00e9 mis&hellip;\n","protected":false},"author":2,"featured_media":101356,"comment_status":"","ping_status":"","sticky":false,"template":"","format":"standard","meta":{"footnotes":""},"categories":[2818],"tags":[1111,11,1777,674,1011,27,766,12,2636,10910,25,1265],"class_list":{"0":"post-101355","1":"post","2":"type-post","3":"status-publish","4":"format-standard","5":"has-post-thumbnail","7":"category-nantes","8":"tag-actu","9":"tag-actualites","10":"tag-eu","11":"tag-europe","12":"tag-fr","13":"tag-france","14":"tag-nantes","15":"tag-news","16":"tag-pays-de-la-loire","17":"tag-policier","18":"tag-republique-francaise","19":"tag-viol"},"share_on_mastodon":{"url":"https:\/\/pubeurope.com\/@fr\/114510661190233036","error":""},"_links":{"self":[{"href":"https:\/\/www.europesays.com\/fr\/wp-json\/wp\/v2\/posts\/101355","targetHints":{"allow":["GET"]}}],"collection":[{"href":"https:\/\/www.europesays.com\/fr\/wp-json\/wp\/v2\/posts"}],"about":[{"href":"https:\/\/www.europesays.com\/fr\/wp-json\/wp\/v2\/types\/post"}],"author":[{"embeddable":true,"href":"https:\/\/www.europesays.com\/fr\/wp-json\/wp\/v2\/users\/2"}],"replies":[{"embeddable":true,"href":"https:\/\/www.europesays.com\/fr\/wp-json\/wp\/v2\/comments?post=101355"}],"version-history":[{"count":0,"href":"https:\/\/www.europesays.com\/fr\/wp-json\/wp\/v2\/posts\/101355\/revisions"}],"wp:featuredmedia":[{"embeddable":true,"href":"https:\/\/www.europesays.com\/fr\/wp-json\/wp\/v2\/media\/101356"}],"wp:attachment":[{"href":"https:\/\/www.europesays.com\/fr\/wp-json\/wp\/v2\/media?parent=101355"}],"wp:term":[{"taxonomy":"category","embeddable":true,"href":"https:\/\/www.europesays.com\/fr\/wp-json\/wp\/v2\/categories?post=101355"},{"taxonomy":"post_tag","embeddable":true,"href":"https:\/\/www.europesays.com\/fr\/wp-json\/wp\/v2\/tags?post=101355"}],"curies":[{"name":"wp","href":"https:\/\/api.w.org\/{rel}","templated":true}]}}