{"id":101363,"date":"2025-05-15T07:30:07","date_gmt":"2025-05-15T07:30:07","guid":{"rendered":"https:\/\/www.europesays.com\/fr\/101363\/"},"modified":"2025-05-15T07:30:07","modified_gmt":"2025-05-15T07:30:07","slug":"un-accident-entre-deux-poids-lourds-cree-un-enorme-bouchon-a-la-sortie-de-lille","status":"publish","type":"post","link":"https:\/\/www.europesays.com\/fr\/101363\/","title":{"rendered":"un accident entre deux poids lourds cr\u00e9e un \u00e9norme bouchon \u00e0 la sortie de Lille"},"content":{"rendered":"<p>            Par<br \/>\n        <strong><br \/>\n            <a href=\"https:\/\/actu.fr\/auteur\/nicolas-demollien\" title=\"Consulter tous les articles de Nicolas Demollien\" target=\"_blank\" rel=\"noopener\">Nicolas Demollien<\/a><br \/>\n        <\/strong><\/p>\n<p>        Publi\u00e9 le<\/p>\n<p>            15 mai 2025 \u00e0 9h09        <\/p>\n<p>Il va falloir prendre votre mal en patience ! Ce jeudi 15 mai 2025, un <b>bouchon de plusieurs kilom\u00e8tres<\/b> s\u2019est form\u00e9 sur l\u2019<a href=\"https:\/\/actu.fr\/tag\/autoroute-1-a1\" target=\"_blank\" rel=\"noopener\">autoroute A1<\/a> \u00e0 la sortie de <a href=\"https:\/\/actu.fr\/hauts-de-france\/lille_59350\" target=\"_blank\" rel=\"noopener\">Lille<\/a> (Nord), apr\u00e8s un accident <b>impliquant deux poids lourds<\/b> \u00e0 la hauteur de <a href=\"https:\/\/actu.fr\/hauts-de-france\/seclin_59560\" target=\"_blank\" rel=\"noopener\">Seclin<\/a>.<\/p>\n<p>Un bouchon de plusieurs kilom\u00e8tres sur l\u2019A1 ce jeudi<\/p>\n<p class=\" wall-content\">L\u2019accident s\u2019est produit dans le <b>sens Paris-Lille<\/b>. \u00ab\u00a0La v<b>oie de droite est neutralis\u00e9e<\/b>\u00ab\u00a0, confirme-t-on du c\u00f4t\u00e9 de la pr\u00e9fecture.\u00a0<\/p>\n<p class=\" wall-content\">Un <b>bouchon de 6 kilom\u00e8tres<\/b>, \u00ab\u00a0en augmentation\u00a0\u00bb, s\u2019\u00e9tait d\u00e9j\u00e0 form\u00e9 \u00e0 9 heures. Nous ignorons pour le moment si l\u2019accident a fait des bless\u00e9s.\u00a0<\/p>\n<p class=\" wall-content\">La prudence est de mise si vous devez emprunter l\u2019autoroute, les autorit\u00e9s recommandent \u00ab\u00a0d\u2019\u00e9viter le secteur\u00a0\u00bb.\u00a0<\/p>\n<p class=\" wall-content\">Plus d\u2019informations \u00e0 venir.<\/p>\n<p>Vid\u00e9os : en ce moment sur Actu<\/p>\n<p class=\" wall-content\">Suivez toute l\u2019actualit\u00e9 de vos villes et m\u00e9dias favoris en vous inscrivant \u00e0 <a href=\"https:\/\/moncompte.actu.fr\" title=\"D\u00e9couvez Mon Actu\" rel=\"nofollow noopener\" data-trk=\"{&quot;cta&quot;:{&quot;action&quot;:&quot;https:\\\/\\\/moncompte.actu.fr&quot;,&quot;category&quot;:&quot;mon compte&quot;,&quot;from&quot;:&quot;article footer&quot;,&quot;name&quot;:&quot;Mon actu&quot;,&quot;type&quot;:&quot;cta&quot;}}\" target=\"_blank\">Mon Actu<\/a>.<\/p>\n","protected":false},"excerpt":{"rendered":"Par Nicolas Demollien Publi\u00e9 le 15 mai 2025 \u00e0 9h09 Il va falloir prendre votre mal en patience&hellip;\n","protected":false},"author":2,"featured_media":101364,"comment_status":"","ping_status":"","sticky":false,"template":"","format":"standard","meta":{"footnotes":""},"categories":[2815],"tags":[119,1111,11,9904,3542,1777,674,1011,27,811,1307,12,25,104],"class_list":{"0":"post-101363","1":"post","2":"type-post","3":"status-publish","4":"format-standard","5":"has-post-thumbnail","7":"category-lille","8":"tag-accident","9":"tag-actu","10":"tag-actualites","11":"tag-autoroute-1-a1","12":"tag-circulation","13":"tag-eu","14":"tag-europe","15":"tag-fr","16":"tag-france","17":"tag-hauts-de-france","18":"tag-lille","19":"tag-news","20":"tag-republique-francaise","21":"tag-societe"},"share_on_mastodon":{"url":"https:\/\/pubeurope.com\/@fr\/114510680764765931","error":""},"_links":{"self":[{"href":"https:\/\/www.europesays.com\/fr\/wp-json\/wp\/v2\/posts\/101363","targetHints":{"allow":["GET"]}}],"collection":[{"href":"https:\/\/www.europesays.com\/fr\/wp-json\/wp\/v2\/posts"}],"about":[{"href":"https:\/\/www.europesays.com\/fr\/wp-json\/wp\/v2\/types\/post"}],"author":[{"embeddable":true,"href":"https:\/\/www.europesays.com\/fr\/wp-json\/wp\/v2\/users\/2"}],"replies":[{"embeddable":true,"href":"https:\/\/www.europesays.com\/fr\/wp-json\/wp\/v2\/comments?post=101363"}],"version-history":[{"count":0,"href":"https:\/\/www.europesays.com\/fr\/wp-json\/wp\/v2\/posts\/101363\/revisions"}],"wp:featuredmedia":[{"embeddable":true,"href":"https:\/\/www.europesays.com\/fr\/wp-json\/wp\/v2\/media\/101364"}],"wp:attachment":[{"href":"https:\/\/www.europesays.com\/fr\/wp-json\/wp\/v2\/media?parent=101363"}],"wp:term":[{"taxonomy":"category","embeddable":true,"href":"https:\/\/www.europesays.com\/fr\/wp-json\/wp\/v2\/categories?post=101363"},{"taxonomy":"post_tag","embeddable":true,"href":"https:\/\/www.europesays.com\/fr\/wp-json\/wp\/v2\/tags?post=101363"}],"curies":[{"name":"wp","href":"https:\/\/api.w.org\/{rel}","templated":true}]}}