{"id":101365,"date":"2025-05-15T07:31:13","date_gmt":"2025-05-15T07:31:13","guid":{"rendered":"https:\/\/www.europesays.com\/fr\/101365\/"},"modified":"2025-05-15T07:31:13","modified_gmt":"2025-05-15T07:31:13","slug":"23-au-25-mai-fete-du-livre-politique-a-lille","status":"publish","type":"post","link":"https:\/\/www.europesays.com\/fr\/101365\/","title":{"rendered":"23\u00a0au 25\u00a0mai\u00a0: F\u00eate du livre politique \u00e0 Lille"},"content":{"rendered":"<p><a href=\"https:\/\/www.lesetaques.org\/\" target=\"_blank\" rel=\"noreferrer noopener nofollow\">Les \u00c9taques<\/a>, maison d\u2019\u00e9dition lilloise n\u00e9e en 2018 et qui \u00ab\u2009entend nourrir la critique sociale et les imaginaires subversifs\u2009\u00bb, propose sa premi\u00e8re F\u00eate du livre politique et de l\u2019\u00e9dition ind\u00e9pendante. En plusieurs lieux de la ville, venez assister \u00e0 des tables rondes, lectures de textes, pi\u00e8ces de th\u00e9\u00e2tre, participer \u00e0 un atelier d\u2019\u00e9criture et guincher au bal le samedi soir. Une expo photo et un salon rassemblant de nombreuses maisons d\u2019\u00e9dition ind\u00e9pendantes se tiendront \u00e0 la Bourse du travail. <strong>Programmation compl\u00e8te <a href=\"http:\/\/lesetaques.org\/f\u00eate-du-livre-2025\" target=\"_blank\" rel=\"noreferrer noopener nofollow\">ici<\/a>. <\/strong><\/p>\n<p>        <a href=\"https:\/\/www.politis.fr\/boutique\/\" target=\"_blank\" class=\"gt_abonnement\" rel=\"nofollow noopener\"><\/p>\n<p>            Recevez Politis chez vous chaque semaine !<\/p>\n<p>    <\/a><\/p>\n","protected":false},"excerpt":{"rendered":"Les \u00c9taques, maison d\u2019\u00e9dition lilloise n\u00e9e en 2018 et qui \u00ab\u2009entend nourrir la critique sociale et les imaginaires&hellip;\n","protected":false},"author":2,"featured_media":101366,"comment_status":"","ping_status":"","sticky":false,"template":"","format":"standard","meta":{"footnotes":""},"categories":[2815],"tags":[1111,11,1777,674,849,1011,27,811,1307,2003,12,25],"class_list":{"0":"post-101365","1":"post","2":"type-post","3":"status-publish","4":"format-standard","5":"has-post-thumbnail","7":"category-lille","8":"tag-actu","9":"tag-actualites","10":"tag-eu","11":"tag-europe","12":"tag-festival","13":"tag-fr","14":"tag-france","15":"tag-hauts-de-france","16":"tag-lille","17":"tag-livre","18":"tag-news","19":"tag-republique-francaise"},"share_on_mastodon":{"url":"https:\/\/pubeurope.com\/@fr\/114510684767142641","error":""},"_links":{"self":[{"href":"https:\/\/www.europesays.com\/fr\/wp-json\/wp\/v2\/posts\/101365","targetHints":{"allow":["GET"]}}],"collection":[{"href":"https:\/\/www.europesays.com\/fr\/wp-json\/wp\/v2\/posts"}],"about":[{"href":"https:\/\/www.europesays.com\/fr\/wp-json\/wp\/v2\/types\/post"}],"author":[{"embeddable":true,"href":"https:\/\/www.europesays.com\/fr\/wp-json\/wp\/v2\/users\/2"}],"replies":[{"embeddable":true,"href":"https:\/\/www.europesays.com\/fr\/wp-json\/wp\/v2\/comments?post=101365"}],"version-history":[{"count":0,"href":"https:\/\/www.europesays.com\/fr\/wp-json\/wp\/v2\/posts\/101365\/revisions"}],"wp:featuredmedia":[{"embeddable":true,"href":"https:\/\/www.europesays.com\/fr\/wp-json\/wp\/v2\/media\/101366"}],"wp:attachment":[{"href":"https:\/\/www.europesays.com\/fr\/wp-json\/wp\/v2\/media?parent=101365"}],"wp:term":[{"taxonomy":"category","embeddable":true,"href":"https:\/\/www.europesays.com\/fr\/wp-json\/wp\/v2\/categories?post=101365"},{"taxonomy":"post_tag","embeddable":true,"href":"https:\/\/www.europesays.com\/fr\/wp-json\/wp\/v2\/tags?post=101365"}],"curies":[{"name":"wp","href":"https:\/\/api.w.org\/{rel}","templated":true}]}}