{"id":101371,"date":"2025-05-15T07:34:07","date_gmt":"2025-05-15T07:34:07","guid":{"rendered":"https:\/\/www.europesays.com\/fr\/101371\/"},"modified":"2025-05-15T07:34:07","modified_gmt":"2025-05-15T07:34:07","slug":"le-maire-du-6e-arrondissement-pascal-blache-se-met-en-retrait-de-la-vie-politique","status":"publish","type":"post","link":"https:\/\/www.europesays.com\/fr\/101371\/","title":{"rendered":"le maire du 6e arrondissement Pascal Blache se met en retrait de la vie politique"},"content":{"rendered":"<p>Lyon : le maire du 6e arrondissement Pascal Blache se met en retrait de la vie politique &#8211; LyonMag<\/p>\n<p itemprop=\"description\"><strong>C&rsquo;\u00e9tait une d\u00e9cision attendue par le microcosme lyonnais.<\/strong><\/p>\n<p>Ce jeudi, <a href=\"https:\/\/www.lyonmag.com\/profil-personnalite-lyonnaise\/10\/pascal-blache\" target=\"_blank\" rel=\"noopener\">Pascal Blache<\/a> annonce faire un break et se mettre en retrait de la vie politique.<\/p>\n<p>Dans une interview accord\u00e9e \u00e0 <a href=\"https:\/\/www.lyonpeople.com\/actualites-lyon\/actualites-politiques\/interview-exclusive-pascal-blache-maire-de-lyon-6-je-me-mets-en-retrait-de-la-vie-politique-2025-05-15.html\" target=\"_blank\" rel=\"noopener\">Lyon People<\/a>, le maire Horizons du 6e arrondissement de Lyon estime \u00eatre \u00ab\u00a0fatigu\u00e9\u00a0\u00bb apr\u00e8s onze de mandats, du conseil municipal \u00e0 la M\u00e9tropole de Lyon, en passant par une candidature rat\u00e9e aux l\u00e9gislatives.<\/p>\n<p>Pascal Blache s&rsquo;accorde donc trois mois de repos durant lesquels son 1er adjoint Christian Termoz-Mazan assurera l&rsquo;int\u00e9rim. Et il reprendra \u00e9galement les r\u00eanes de son entreprise Valcena.<\/p>\n<p>L&rsquo;\u00e9lu lyonnais ne sait pas encore s&rsquo;il sera de retour en septembre, ou s&rsquo;il compte poursuivre son parcours politique lors des \u00e9lections municipales 2026. \u00ab\u00a0Aujourd\u2019hui, repartir \u00e0 la mairie du 6, apr\u00e8s deux mandats, j\u2019ai un peu pass\u00e9 l\u2019\u00e2ge. Ce qui est important pour moi, c\u2019est de me dire que j\u2019ai fait le boulot\u00a0\u00bb, r\u00e9torque-t-il \u00e0 nos confr\u00e8res.<\/p>\n<p>Et dans le cas o\u00f9 il ne serait pas candidat \u00e0 sa succession l&rsquo;an prochain, Pascal Blache entend tout de m\u00eame aider <a href=\"https:\/\/www.lyonmag.com\/profil-personnalite-lyonnaise\/8\/jean-michel-aulas\" target=\"_blank\" rel=\"noopener\">Jean-Michel Aulas<\/a> \u00e0 renverser <a href=\"https:\/\/www.lyonmag.com\/profil-personnalite-lyonnaise\/512\/pierre-oliver\" target=\"_blank\" rel=\"noopener\">Gr\u00e9gory Doucet<\/a> : \u00ab\u00a0Gr\u00e2ce \u00e0 mon carnet d\u2019adresses, je souhaite m\u2019impliquer en tant qu\u2019ambassadeur pour rassembler les bonnes volont\u00e9s de la vie politique et de la soci\u00e9t\u00e9 civile autour de sa personne\u00a0\u00bb.<\/p>\n","protected":false},"excerpt":{"rendered":"Lyon : le maire du 6e arrondissement Pascal Blache se met en retrait de la vie politique &#8211;&hellip;\n","protected":false},"author":2,"featured_media":101372,"comment_status":"","ping_status":"","sticky":false,"template":"","format":"standard","meta":{"footnotes":""},"categories":[1889],"tags":[1111,11,2813,2190,2430,1109,251,1112,2811,1777,674,118,1011,27,1922,1110,1114,2428,2810,12,241,316,25,2812,517,800],"class_list":{"0":"post-101371","1":"post","2":"type-post","3":"status-publish","4":"format-standard","5":"has-post-thumbnail","7":"category-lyon","8":"tag-actu","9":"tag-actualites","10":"tag-article","11":"tag-asvel","12":"tag-auvergne-rhone-alpes","13":"tag-breves","14":"tag-culture","15":"tag-depeches","16":"tag-economique","17":"tag-eu","18":"tag-europe","19":"tag-faits-divers","20":"tag-fr","21":"tag-france","22":"tag-info","23":"tag-informations","24":"tag-infos","25":"tag-lyon","26":"tag-lyonmag","27":"tag-news","28":"tag-ol","29":"tag-politique","30":"tag-republique-francaise","31":"tag-sociale","32":"tag-sport","33":"tag-transports"},"share_on_mastodon":{"url":"https:\/\/pubeurope.com\/@fr\/114510696582690147","error":""},"_links":{"self":[{"href":"https:\/\/www.europesays.com\/fr\/wp-json\/wp\/v2\/posts\/101371","targetHints":{"allow":["GET"]}}],"collection":[{"href":"https:\/\/www.europesays.com\/fr\/wp-json\/wp\/v2\/posts"}],"about":[{"href":"https:\/\/www.europesays.com\/fr\/wp-json\/wp\/v2\/types\/post"}],"author":[{"embeddable":true,"href":"https:\/\/www.europesays.com\/fr\/wp-json\/wp\/v2\/users\/2"}],"replies":[{"embeddable":true,"href":"https:\/\/www.europesays.com\/fr\/wp-json\/wp\/v2\/comments?post=101371"}],"version-history":[{"count":0,"href":"https:\/\/www.europesays.com\/fr\/wp-json\/wp\/v2\/posts\/101371\/revisions"}],"wp:featuredmedia":[{"embeddable":true,"href":"https:\/\/www.europesays.com\/fr\/wp-json\/wp\/v2\/media\/101372"}],"wp:attachment":[{"href":"https:\/\/www.europesays.com\/fr\/wp-json\/wp\/v2\/media?parent=101371"}],"wp:term":[{"taxonomy":"category","embeddable":true,"href":"https:\/\/www.europesays.com\/fr\/wp-json\/wp\/v2\/categories?post=101371"},{"taxonomy":"post_tag","embeddable":true,"href":"https:\/\/www.europesays.com\/fr\/wp-json\/wp\/v2\/tags?post=101371"}],"curies":[{"name":"wp","href":"https:\/\/api.w.org\/{rel}","templated":true}]}}