{"id":101386,"date":"2025-05-15T07:42:08","date_gmt":"2025-05-15T07:42:08","guid":{"rendered":"https:\/\/www.europesays.com\/fr\/101386\/"},"modified":"2025-05-15T07:42:08","modified_gmt":"2025-05-15T07:42:08","slug":"donald-trump-pret-a-se-rendre-en-turquie-si-quelque-chose-se-passe-liberation","status":"publish","type":"post","link":"https:\/\/www.europesays.com\/fr\/101386\/","title":{"rendered":"Donald Trump pr\u00eat \u00e0 se rendre en Turquie \u00absi quelque chose se passe\u00bb \u2013 Lib\u00e9ration"},"content":{"rendered":"<p class=\"sc-ksZaOG ehjQrN text-element\"><a href=\"https:\/\/www.liberation.fr\/international\/europe\/jattends-de-voir-qui-arrivera-de-russie-zelensky-maintien-la-pression-sur-poutine-avant-les-pourparlers-de-jeudi-20250514_JWCSJA24LJHXBCQDMCPAZDBIXM\/\" target=\"_blank\" rel=\"noreferrer nofollow noopener\" title=\"https:\/\/www.liberation.fr\/international\/europe\/jattends-de-voir-qui-arrivera-de-russie-zelensky-maintien-la-pression-sur-poutine-avant-les-pourparlers-de-jeudi-20250514_JWCSJA24LJHXBCQDMCPAZDBIXM\/\">M\u00eame en l\u2019absence de Vladimir Poutine,<\/a> Donald Trump pourrait se rendre en Turquie vendredi. Le pr\u00e9sident am\u00e9ricain, qui conclut ce jeudi <a href=\"https:\/\/www.liberation.fr\/international\/amerique\/tournee-de-trump-au-moyen-orient-le-president-americain-se-voit-deja-en-roi-du-big-deal-20250513_F4XL6UQYJRAFPDTENLEKPJUYZY\/\" target=\"_blank\" rel=\"noreferrer nofollow noopener\" title=\"https:\/\/www.liberation.fr\/international\/amerique\/tournee-de-trump-au-moyen-orient-le-president-americain-se-voit-deja-en-roi-du-big-deal-20250513_F4XL6UQYJRAFPDTENLEKPJUYZY\/\">sa tourn\u00e9e diplomatique au Moyen-Orient<\/a> par une visite \u00e0 Abou Dhabi, envisage d\u2019assister aux pourparlers de paix entre les \u00e9missaires russes et ukrainiens, \u00absi c\u2019est appropri\u00e9\u00bb et s\u2019il constate du progr\u00e8s dans les discussions entre les deux parties. Auparavant, le secr\u00e9taire d\u2019Etat Marco Rubio, pr\u00e9sent en Turquie, avait assur\u00e9 que le dirigeant am\u00e9ricain \u00e9tait \u00abouvert \u00e0 pratiquement tous les m\u00e9canismes permettant de parvenir \u00e0 une paix juste et durable\u00bb.<\/p>\n<p class=\"sc-ksZaOG ehjQrN text-element\"><b>Plus d\u2019informations \u00e0 venir&#8230;<\/b><\/p>\n","protected":false},"excerpt":{"rendered":"M\u00eame en l\u2019absence de Vladimir Poutine, Donald Trump pourrait se rendre en Turquie vendredi. Le pr\u00e9sident am\u00e9ricain, qui&hellip;\n","protected":false},"author":2,"featured_media":101387,"comment_status":"","ping_status":"","sticky":false,"template":"","format":"standard","meta":{"footnotes":""},"categories":[1591],"tags":[11,75,73,1887,12,1885,1886,132,220,297],"class_list":{"0":"post-101386","1":"post","2":"type-post","3":"status-publish","4":"format-standard","5":"has-post-thumbnail","7":"category-russie","8":"tag-actualites","9":"tag-donald-trump","10":"tag-etats-unis","11":"tag-federation-de-russie","12":"tag-news","13":"tag-russia","14":"tag-russian-federation","15":"tag-russie","16":"tag-ukraine","17":"tag-ukraine-la-crise"},"share_on_mastodon":{"url":"https:\/\/pubeurope.com\/@fr\/114510727955829362","error":""},"_links":{"self":[{"href":"https:\/\/www.europesays.com\/fr\/wp-json\/wp\/v2\/posts\/101386","targetHints":{"allow":["GET"]}}],"collection":[{"href":"https:\/\/www.europesays.com\/fr\/wp-json\/wp\/v2\/posts"}],"about":[{"href":"https:\/\/www.europesays.com\/fr\/wp-json\/wp\/v2\/types\/post"}],"author":[{"embeddable":true,"href":"https:\/\/www.europesays.com\/fr\/wp-json\/wp\/v2\/users\/2"}],"replies":[{"embeddable":true,"href":"https:\/\/www.europesays.com\/fr\/wp-json\/wp\/v2\/comments?post=101386"}],"version-history":[{"count":0,"href":"https:\/\/www.europesays.com\/fr\/wp-json\/wp\/v2\/posts\/101386\/revisions"}],"wp:featuredmedia":[{"embeddable":true,"href":"https:\/\/www.europesays.com\/fr\/wp-json\/wp\/v2\/media\/101387"}],"wp:attachment":[{"href":"https:\/\/www.europesays.com\/fr\/wp-json\/wp\/v2\/media?parent=101386"}],"wp:term":[{"taxonomy":"category","embeddable":true,"href":"https:\/\/www.europesays.com\/fr\/wp-json\/wp\/v2\/categories?post=101386"},{"taxonomy":"post_tag","embeddable":true,"href":"https:\/\/www.europesays.com\/fr\/wp-json\/wp\/v2\/tags?post=101386"}],"curies":[{"name":"wp","href":"https:\/\/api.w.org\/{rel}","templated":true}]}}