{"id":101392,"date":"2025-05-15T07:45:12","date_gmt":"2025-05-15T07:45:12","guid":{"rendered":"https:\/\/www.europesays.com\/fr\/101392\/"},"modified":"2025-05-15T07:45:12","modified_gmt":"2025-05-15T07:45:12","slug":"condamnation-de-trois-extremistes-preparant-des-attaques-contre-mosquees-et-synagogues","status":"publish","type":"post","link":"https:\/\/www.europesays.com\/fr\/101392\/","title":{"rendered":"condamnation de trois extr\u00e9mistes pr\u00e9parant des attaques contre mosqu\u00e9es et synagogues"},"content":{"rendered":"<p>Trois hommes, admirateurs d\u2019Hitler et de l\u2019id\u00e9ologie nazie, ont \u00e9t\u00e9 condamn\u00e9s pour pr\u00e9paration d\u2019actes terroristes visant des mosqu\u00e9es, des synagogues et un centre d\u2019\u00e9ducation islamique au Royaume-Uni. L\u2019un d\u2019eux a aussi \u00e9t\u00e9 reconnu coupable de fabrication d\u2019une arme interdite.<\/p>\n<p><a href=\"https:\/\/www.youtube.com\/watch?v=bodd-WR4Oww&amp;t=1s\" target=\"_blank\" rel=\"noopener\">L\u2019enqu\u00eate a r\u00e9v\u00e9l\u00e9<\/a> que ce dernier utilisait une imprimante 3D pour fabriquer des pi\u00e8ces destin\u00e9es \u00e0 une arme \u00e0 feu semi-automatique. Les trois hommes ont \u00e9t\u00e9 arr\u00eat\u00e9s en 2024, suite \u00e0 une infiltration polici\u00e8re dans un groupe d\u2019extr\u00eame droite sur Telegram, o\u00f9 ils organisaient leurs projets. Ils poss\u00e9daient plus de 200 armes, dont machettes, \u00e9p\u00e9es, arbal\u00e8tes et un pistolet paralysant.<\/p>\n<p>Au cours de leurs \u00e9changes en ligne, ils exprimaient une admiration fanatique pour Hitler, c\u00e9l\u00e9braient des massacres racistes contre des personnes noires et musulmanes, et tenaient des propos ouvertement antis\u00e9mites, homophobes et racistes. L\u2019un d\u2019eux avait m\u00eame publi\u00e9 une vid\u00e9o le montrant v\u00eatu d\u2019un uniforme de l\u2019arm\u00e9e allemande, arborant un brassard nazi et un masque en forme de cr\u00e2ne.<\/p>\n<p>La justice britannique tiendra l\u2019audience de condamnation le 17 juillet. Ces arrestations soulignent la menace persistante des groupes extr\u00e9mistes pr\u00f4nant la haine raciale et religieuse, ainsi que la vigilance des forces de l\u2019ordre pour pr\u00e9venir de telles violences.<\/p>\n<p>\u00a0<\/p>\n","protected":false},"excerpt":{"rendered":"Trois hommes, admirateurs d\u2019Hitler et de l\u2019id\u00e9ologie nazie, ont \u00e9t\u00e9 condamn\u00e9s pour pr\u00e9paration d\u2019actes terroristes visant des mosqu\u00e9es,&hellip;\n","protected":false},"author":2,"featured_media":101393,"comment_status":"","ping_status":"","sticky":false,"template":"","format":"standard","meta":{"footnotes":""},"categories":[1588],"tags":[11,1777,674,21712,21132,118,21713,303,21714,14577,21715,16684,12,21716,473,1853,21717,1254,1851,1850,1852],"class_list":{"0":"post-101392","1":"post","2":"type-post","3":"status-publish","4":"format-standard","5":"has-post-thumbnail","7":"category-royaume-uni","8":"tag-actualites","9":"tag-eu","10":"tag-europe","11":"tag-extreme-droite-britannique","12":"tag-extremisme","13":"tag-faits-divers","14":"tag-haine-raciale","15":"tag-justice","16":"tag-justice-britannique","17":"tag-mosquee","18":"tag-mosquees","19":"tag-nazisme","20":"tag-news","21":"tag-radicalisation","22":"tag-royaume-uni","23":"tag-royaume-uni-de-grande-bretagne-et-dirlande-du-nord","24":"tag-synagogues","25":"tag-terrorisme","26":"tag-uk","27":"tag-united-kingdom","28":"tag-united-kingdom-of-great-britain-and-northern-ireland"},"share_on_mastodon":{"url":"https:\/\/pubeurope.com\/@fr\/114510739976884918","error":""},"_links":{"self":[{"href":"https:\/\/www.europesays.com\/fr\/wp-json\/wp\/v2\/posts\/101392","targetHints":{"allow":["GET"]}}],"collection":[{"href":"https:\/\/www.europesays.com\/fr\/wp-json\/wp\/v2\/posts"}],"about":[{"href":"https:\/\/www.europesays.com\/fr\/wp-json\/wp\/v2\/types\/post"}],"author":[{"embeddable":true,"href":"https:\/\/www.europesays.com\/fr\/wp-json\/wp\/v2\/users\/2"}],"replies":[{"embeddable":true,"href":"https:\/\/www.europesays.com\/fr\/wp-json\/wp\/v2\/comments?post=101392"}],"version-history":[{"count":0,"href":"https:\/\/www.europesays.com\/fr\/wp-json\/wp\/v2\/posts\/101392\/revisions"}],"wp:featuredmedia":[{"embeddable":true,"href":"https:\/\/www.europesays.com\/fr\/wp-json\/wp\/v2\/media\/101393"}],"wp:attachment":[{"href":"https:\/\/www.europesays.com\/fr\/wp-json\/wp\/v2\/media?parent=101392"}],"wp:term":[{"taxonomy":"category","embeddable":true,"href":"https:\/\/www.europesays.com\/fr\/wp-json\/wp\/v2\/categories?post=101392"},{"taxonomy":"post_tag","embeddable":true,"href":"https:\/\/www.europesays.com\/fr\/wp-json\/wp\/v2\/tags?post=101392"}],"curies":[{"name":"wp","href":"https:\/\/api.w.org\/{rel}","templated":true}]}}