{"id":1013975,"date":"2026-06-21T03:04:38","date_gmt":"2026-06-21T03:04:38","guid":{"rendered":"https:\/\/www.europesays.com\/fr\/1013975\/"},"modified":"2026-06-21T03:04:38","modified_gmt":"2026-06-21T03:04:38","slug":"ce-nest-pas-le-quartier-quon-nous-a-vendu-ces-habitants-de-confluence-sopposent-a-la-future-piscine-geante","status":"publish","type":"post","link":"https:\/\/www.europesays.com\/fr\/1013975\/","title":{"rendered":"\u00ab\u00a0Ce n&rsquo;est pas le quartier qu&rsquo;on nous a vendu\u00a0\u00bb : ces habitants de Confluence s&rsquo;opposent \u00e0 la future piscine g\u00e9ante"},"content":{"rendered":"<p>                    Par<br \/>\n        <strong><br \/>\n            <a href=\"https:\/\/actu.fr\/auteur\/nicolas-zaugra\" title=\"Consulter tous les articles de Nicolas Zaugra\" rel=\"nofollow noopener\" target=\"_blank\">Nicolas Zaugra<\/a><br \/>\n                    <\/strong><\/p>\n<p>        Publi\u00e9 le<\/p>\n<p>            20 juin 2026 \u00e0 6h58        <\/p>\n<p>Le <a href=\"https:\/\/actu.fr\/auvergne-rhone-alpes\/lyon_69123\/lyon-baignade-dans-la-saone-le-projet-de-bassins-a-confluence-franchit-une-nouvelle-etape_63684717.html\" rel=\"nofollow noopener\" target=\"_blank\">projet de grande piscine gratuite<\/a> dans la darse du <a href=\"https:\/\/actu.fr\/auvergne-rhone-alpes\/lyon_69123\/lyon-dans-ce-secteur-de-la-confluence-la-pietonnisation-est-definitive-et-seduit-les-riverains_64135875.html\" rel=\"nofollow noopener\" target=\"_blank\">quartier de Confluence<\/a> va-t-il voir le jour en 2027 ? La mairie de <a href=\"https:\/\/actu.fr\/auvergne-rhone-alpes\/lyon_69123\" rel=\"nofollow noopener\" target=\"_blank\">Lyon<\/a> pr\u00e9voit d\u2019am\u00e9nager ce lieu de baignade juste \u00e0 c\u00f4t\u00e9 du centre commercial pour faire face aux \u00e9pisodes de chaleur estivaux de plus en plus nombreux.\u00a0<br \/>Le maire Gr\u00e9gory Doucet d\u00e9fend le projet tandis que le maire LR de l\u2019arrondissement Pierre Olivier s\u2019y oppose. La M\u00e9tropole de Lyon veut aussi l\u2019abandon du projet. En parall\u00e8le, un groupe de riverains s\u2019organise pour d\u00e9noncer cette id\u00e9e \u00ab\u00a0trop bruyante\u00a0\u00bb, qui \u00ab\u00a0va cr\u00e9er trop de flux et d\u2019ins\u00e9curit\u00e9\u00a0\u00bb dans le quartier. Une p\u00e9tition a \u00e9t\u00e9 lanc\u00e9e pour mobiliser.<\/p>\n<p>Trop de bruit, craintes d\u2019incivilit\u00e9s, flux\u2026<\/p>\n<p class=\" wall-content\">Alain Zanetti, riverain du quai Antoine Riboud, fulmine contre le projet. \u00ab\u00a0Il y aura un probl\u00e8me de bruit g\u00e9n\u00e9r\u00e9 par cette piscine, la darse est une incroyable caisse de r\u00e9sonance. 300 personnes qui se baignent, \u00e7a va cr\u00e9er une cour de r\u00e9cr\u00e9ation g\u00e9ante\u00a0\u00bb, dit-il. L\u2019habitant a lanc\u00e9 une p\u00e9tition qui a rassembl\u00e9 plusieurs centaines de signatures.\u00a0<\/p>\n<p class=\" wall-content\">Les voisins rencontr\u00e9s sur place sont unanimes aussi sur les craintes \u00ab\u00a0d\u2019incivilit\u00e9s\u00a0\u00bb. \u00ab\u00a0Vous croyez qu\u2019il n\u2019y aura que 300 personnes, vraiment ? Cela va cr\u00e9er des attroupements plus importants. C\u2019est plus que la goutte d\u2019eau qui fait d\u00e9border le vase qui est d\u00e9j\u00e0 plein\u00a0\u00bb, dit Bruno qui liste les incivilit\u00e9s d\u00e9j\u00e0 pr\u00e9sentes dans le quartier et le bruit g\u00e9n\u00e9ral provoqu\u00e9 par ce quartier de plus en plus anim\u00e9.<\/p>\n<blockquote class=\"ac-article-quote wall-content\">\n<p>La mairie de Lyon ne nous \u00e9coute pas vraiment, il y a eu une concertation mais pas sur l&rsquo;existence m\u00eame du projet mais plut\u00f4t sur comment il est d\u00e9ploy\u00e9. On a \u00e9t\u00e9 mis sur le fait accompli. On nous r\u00e9pond que le projet a \u00e9t\u00e9 tranch\u00e9 par la r\u00e9\u00e9lection du maire Gr\u00e9gory Doucet&#8230;<\/p>\n<p>    <strong>Habitants de Confluence<\/strong>\n            <\/p><\/blockquote>\n<p class=\" wall-content\">Une autre riveraine qui r\u00e9side \u00e0 c\u00f4t\u00e9 de la darse depuis 17 ans n\u2019en peut plus. Pour elle, cette piscine, c\u2019est le projet de trop. Elle adore son quartier et y est tr\u00e8s engag\u00e9e. \u00ab\u00a0Mais il s\u2019est d\u00e9grad\u00e9 avec le trafic de drogue, le retour de la prostitution sur les quais, le manque d\u2019entretien des bassins, des espaces verts, le bruit, la multiplication des scooters, des livraisons. Ce n\u2019est pas le quartier qu\u2019on nous a vendu, et cette baignade c\u2019est un probl\u00e8me en plus\u00a0\u00bb, ajoute-t-elle.<\/p>\n<p>Ils veulent le d\u00e9m\u00e9nagement du projet \u00e0 Gerland<\/p>\n<p class=\" wall-content\">Ces habitants remont\u00e9s disent \u00ab\u00a0ne pas \u00eatre contre les projets de baignades\u00a0\u00bb dans Lyon mais appellent la mairie \u00e0 \u00e9viter les zones habit\u00e9es pour les installer. Catherine pr\u00e9cise \u00ab\u00a0ne pas \u00eatre contre ce projet\u00a0\u00bb mais consid\u00e8re \u00ab\u00a0qu\u2019ici ce n\u2019est pas le lieu\u00a0\u00bb. \u00ab\u00a0Il y a d\u00e9j\u00e0 beaucoup de bruit avec les open air, 300 enfants dans une baignade, c\u2019est comme \u00eatre \u00e0 c\u00f4t\u00e9 d\u2019une cour de r\u00e9cr\u00e9ation 7\/7j et 24h\/24h pendant trois mois\u00a0\u00bb.<\/p>\n<p class=\" wall-content\">Les riverains mobilis\u00e9s veulent le d\u00e9m\u00e9nagement du projet au parc de Gerland dans le Rh\u00f4ne o\u00f9 la baignade a d\u00e9j\u00e0 \u00e9t\u00e9 exp\u00e9riment\u00e9e. \u00ab\u00a0\u00c7a sera plus facile \u00e0 mettre en place, il y a d\u00e9j\u00e0 un parc pour g\u00e9rer les flux, c\u2019est un courant continu, c\u2019est plus propice \u00e0 une baignade naturelle alors que la darse est en eau stagnante\u00a0\u00bb.<\/p>\n<p class=\" wall-content\">Pierre Oliver, le maire LR du 2\u1d49 arrondissement et nouveau pr\u00e9sident de la Soci\u00e9t\u00e9 publique Confluence qui participe au projet, <a href=\"https:\/\/actu.fr\/auvergne-rhone-alpes\/lyon_69123\/lyon-la-baignade-dans-la-saone-fait-fulminer-un-opposant-a-gregory-doucet-bonne-chance-pour-les-riverains_64263629.html\" rel=\"nofollow noopener\" target=\"_blank\">demande \u00e0 Gr\u00e9gory Doucet \u00ab\u00a0d\u2019abandonner\u00a0\u00bb<\/a>. Il d\u00e9fend aussi un d\u00e9m\u00e9nagement du futur bassin \u00e0 Gerland dans le 7\u1d49.<\/p>\n<p>    <img   decoding=\"async\" loading=\"lazy\" src=\"https:\/\/www.europesays.com\/fr\/wp-content\/uploads\/2026\/06\/confluence-baignade-saone-lyon-960x640.jpeg\" alt=\"Trois bassins devraient \u00eatre am\u00e9nag\u00e9s.\" width=\"960\" height=\"640\"\/><br \/>\n    Trois bassins devraient \u00eatre am\u00e9nag\u00e9s. (\u00a9SPL Lyon Confluence \/ Artefactorylab)Les \u00e9cologistes d\u00e9fendent le besoin de baignades<\/p>\n<p class=\" wall-content\">Les \u00e9lus \u00e9cologistes de la M\u00e9tropole, qui ont g\u00e9r\u00e9 la collectivit\u00e9 six ans en validant le soutien \u00e0 ces baignades urbaines, s\u2019inqui\u00e8tent d\u2019un abandon de cette future piscine \u00e0 Confluence. \u00ab\u00a0Elle s\u2019oppose d\u00e9sormais \u00e0 ce projet\u00a0\u00bb, s\u2019indigne Fanny Dubot, maire du 7\u1d49.<\/p>\n<p class=\" wall-content\">Son ancien pr\u00e9sident Bruno Bernard rappelle qu\u2019il a valid\u00e9 il y a deux ans un soutien \u00e0 ce projet. \u00ab\u00a0Il y a besoin des deux d\u2019ailleurs, \u00e0 Gerland et \u00e0 Confluence face aux vagues de chaleurs\u00a0\u00bb.<\/p>\n<p class=\" wall-content\">Apr\u00e8s une consultation avec les habitants, la Ville de Lyon pr\u00e9voit un temps de restitution \u00e0 l\u2019automne afin de pr\u00e9senter les conclusions de cette phase de concertation et l\u2019avancement du projet. \u00ab Cette d\u00e9marche participative viendra nourrir les \u00e9tudes \u00e0 venir \u00bb, promet-elle. Les habitants, eux, comptent bien sur la M\u00e9tropole pour faire capoter le projet de Confluence\u2026<\/p>\n<p class=\" wall-content\">Personnalisez votre actualit\u00e9 en ajoutant vos villes et m\u00e9dias en favori avec <a href=\"https:\/\/moncompte.actu.fr\" title=\"D\u00e9couvez Mon Actu\" rel=\"nofollow noopener\" data-trk=\"{&quot;cta&quot;:{&quot;action&quot;:&quot;https:\\\/\\\/moncompte.actu.fr&quot;,&quot;category&quot;:&quot;mon compte&quot;,&quot;from&quot;:&quot;article footer&quot;,&quot;name&quot;:&quot;Mon actu&quot;,&quot;type&quot;:&quot;cta&quot;}}\" target=\"_blank\">Mon Actu<\/a>.<\/p>\n","protected":false},"excerpt":{"rendered":"Par Nicolas Zaugra Publi\u00e9 le 20 juin 2026 \u00e0 6h58 Le projet de grande piscine gratuite dans la&hellip;\n","protected":false},"author":2,"featured_media":1013976,"comment_status":"","ping_status":"","sticky":false,"template":"","format":"standard","meta":{"footnotes":"","_share_on_mastodon":"0"},"categories":[1889],"tags":[1111,11,2430,3157,1777,674,1011,27,5226,2428,12,25,104],"class_list":["post-1013975","post","type-post","status-publish","format-standard","has-post-thumbnail","category-lyon","tag-actu","tag-actualites","tag-auvergne-rhone-alpes","tag-confluence","tag-eu","tag-europe","tag-fr","tag-france","tag-gregory-doucet","tag-lyon","tag-news","tag-republique-francaise","tag-societe"],"share_on_mastodon":{"url":"https:\/\/pubeurope.com\/@fr\/116785883847465587","error":""},"_links":{"self":[{"href":"https:\/\/www.europesays.com\/fr\/wp-json\/wp\/v2\/posts\/1013975","targetHints":{"allow":["GET"]}}],"collection":[{"href":"https:\/\/www.europesays.com\/fr\/wp-json\/wp\/v2\/posts"}],"about":[{"href":"https:\/\/www.europesays.com\/fr\/wp-json\/wp\/v2\/types\/post"}],"author":[{"embeddable":true,"href":"https:\/\/www.europesays.com\/fr\/wp-json\/wp\/v2\/users\/2"}],"replies":[{"embeddable":true,"href":"https:\/\/www.europesays.com\/fr\/wp-json\/wp\/v2\/comments?post=1013975"}],"version-history":[{"count":0,"href":"https:\/\/www.europesays.com\/fr\/wp-json\/wp\/v2\/posts\/1013975\/revisions"}],"wp:featuredmedia":[{"embeddable":true,"href":"https:\/\/www.europesays.com\/fr\/wp-json\/wp\/v2\/media\/1013976"}],"wp:attachment":[{"href":"https:\/\/www.europesays.com\/fr\/wp-json\/wp\/v2\/media?parent=1013975"}],"wp:term":[{"taxonomy":"category","embeddable":true,"href":"https:\/\/www.europesays.com\/fr\/wp-json\/wp\/v2\/categories?post=1013975"},{"taxonomy":"post_tag","embeddable":true,"href":"https:\/\/www.europesays.com\/fr\/wp-json\/wp\/v2\/tags?post=1013975"}],"curies":[{"name":"wp","href":"https:\/\/api.w.org\/{rel}","templated":true}]}}