{"id":101414,"date":"2025-05-15T07:59:14","date_gmt":"2025-05-15T07:59:14","guid":{"rendered":"https:\/\/www.europesays.com\/fr\/101414\/"},"modified":"2025-05-15T07:59:14","modified_gmt":"2025-05-15T07:59:14","slug":"giro-tour-ditalie-la-6e-etape-du-giro-avec-un-sprint-a-naples-parcours-et-profil","status":"publish","type":"post","link":"https:\/\/www.europesays.com\/fr\/101414\/","title":{"rendered":"Giro. Tour d&rsquo;Italie &#8211; La 6e \u00e9tape du Giro avec un sprint \u00e0 Naples ? Parcours et profil"},"content":{"rendered":"<p> Lire la suite de l&rsquo;article&#13;<\/p>\n<p>\u00a0<\/p>\n<p>&#13;<br \/>\nOlav Kooij pour la passe de deux \u00e0 Naples apr\u00e8s sa victoire en 2024 ?&#13;<\/p>\n<p>On peut donc s&rsquo;attendre \u00e0 un nouveau sprint massif sur ce <strong>Giro<\/strong>, comme celui qui avait eu lieu en 2024 dans la cit\u00e9\u00a0napolitaine et qui rappellera de bons souvenirs \u00e0 un certain&#8230; <strong>Olav Kooij<\/strong> (Visma | Lease a Bike), victorieux l&rsquo;an pass\u00e9. Surpris par son compatriote <strong>Casper van Uden<\/strong> (Team Picnic PostNL)\u00a0mardi, le N\u00e9erlandais fera figure de favori pour r\u00e9\u00e9diter son exploit napolitain mais devra se m\u00e9fier de\u00a0<strong><a href=\"https:\/\/www.cyclismactu.net\/..\/news-giro-route-tour-d-italie-mads-pedersen-j-ai-vraiment-souffert-mais-quel-giro-on-vit-87848.html\" target=\"_blank\" rel=\"nofollow noopener\">Mads Pedersen<\/a><\/strong> (Lidl-Trek) &#8211; qui pourrait r\u00e9aliser un incroyable quadrupl\u00e9 &#8211;\u00a0<strong>Kaden Groves<\/strong> (Alpecin-Deceuninck),\u00a0<strong>Sam Bennett<\/strong> (Decathlon AG2R La Mondiale) ou encore\u00a0<strong>Paul Magnier<\/strong> (Soudal Quick-Step).<\/p>\n<p>&#13;<br \/>\n&#13;<\/p>\n<p>\u00a0<\/p>\n<p>&#13;<br \/>\nLe parcours de la 6e \u00e9tape&#13;<\/p>\n<p>Jeudi 15 mai &#8211;\u00a0<strong>6e \u00e9tape<\/strong>\u00a0: Potenza \u2013 Naples \/ 227 km\u00a0(d\u00e9part \u00e0 11h30, arriv\u00e9e vers 17h15)<\/p>\n<p>&#13;<\/p>\n<p><img decoding=\"async\" src=\"https:\/\/www.europesays.com\/fr\/wp-content\/uploads\/2025\/05\/girob6.jpg\" style=\"max-width:100%;max-height:100%;\" alt=\"image\" loading=\"lazy\"\/><\/p>\n<p>&#13;<\/p>\n<p>\u00a0<\/p>\n<p>&#13;<\/p>\n<p>\u00a0<\/p>\n<p>&#13;<br \/>\nLa liste de d\u00e9part&#13;<\/p>\n<p><strong>RED BULL-BORA-HANSGROHE<\/strong><br \/>1 ROGLIC Primoz<br \/>2 ALEOTTI Giovanni<br \/>3 DENZ Nico<br \/>4 HINDLEY Jai<br \/>5 MARTINEZ Daniel<br \/>6 MOSCON Gianni<br \/>7 PELLIZZARI Giulio<br \/>8 TRATNIK Jan<\/p>\n<p>&#13;<\/p>\n<p><strong>ALPECIN-DECEUNINCK<\/strong><br \/>11 GROVES Kaden<br \/>12 HERMANS Quinten<br \/>13 HOLLMANN Juri<br \/>14 JANSSENS Jimmy<br \/>15 KIELICH Timo<br \/>16 PLANCKAERT Edward<br \/>17 VAN DEN BOSSCHE Fabio<br \/>18 PLOWRIGHT Jensen<\/p>\n<p>&#13;<\/p>\n<p><strong>ARKEA-B&amp;B HOTELS<\/strong><br \/>21 VERRE Alessandro<br \/>22 EPIS Giosue<br \/>23 GUGLIELMI Simon<br \/>24 HUYS Laurens<br \/>25 RIES Michel<br \/>26 SVESTAD-B\u00c5RDSENG Embret<br \/>27 MOZZATO Luca<br \/>28 TJ\u00d8TTA Martin<\/p>\n<p>&#13;<\/p>\n<p><strong>BAHRAIN VICTORIOUS<\/strong><br \/>31 TIBERI Antonio<br \/>32 BILBAO Pello<br \/>33 CARUSO Damiano<br \/>34 EULALIO Afonso<br \/>35 GOVEKAR Matevz<br \/>36 MIHOLJEVIC Fran<br \/>37 PASQUALON Andrea<br \/>38 ZAMBANINI Edoardo<\/p>\n<p>&#13;<\/p>\n<p><strong>COFIDIS<\/strong><br \/>41 FRETIN Milan<br \/>42 DEBEAUMARCH\u00c9 Nicolas<br \/>43 LASTRA Jonathan<br \/>44 MONIQUET Sylvain<br \/>45 OLDANI Stefano<br \/>46 PEREZ Anthony<br \/>47 SAMITIER Sergio<br \/>48 MAAS Jan<\/p>\n<p>&#13;<\/p>\n<p><strong>DECATHLON AG2R LA MONDIALE<\/strong><br \/>51 BENNETT Sam<br \/>52 BOUCHARD Geoffrey<br \/>53 DE BONDT Dries<br \/>54 DEWULF Stan<br \/>55 GODON Dorian<br \/>56 GUDMESTAD Tord<br \/>57 PRODHOMME Nicolas<br \/>58 VENDRAME Andrea<\/p>\n<p>&#13;<\/p>\n<p><strong>EF EDUCATION-EASYPOST<\/strong><br \/>61 CARAPAZ Richard<br \/>62 ASGREEN Kasper<br \/>63 CEPEDA Alexander<br \/>64 DOULL Owain<br \/>65 HONORE Mikkel<br \/>66 SHAW James<br \/>67 STEINHAUSER Georg<br \/>68 RAFFERTY Darren<\/p>\n<p>&#13;<\/p>\n<p><strong>GROUPAMA-FDJ<\/strong><br \/>71 GAUDU David<br \/>72 BYSTR\u00d8M Sven Erik<br \/>73 DAVY Cl\u00e9ment<br \/>74 GENIETS Kevin<br \/>75 GERMANI Lorenzo<br \/>76 PACHER Quentin<br \/>77 PALENI Enzo<br \/>78 ROCHAS R\u00e9my<\/p>\n<p>&#13;<\/p>\n<p><strong>INEOS GRENADIERS<\/strong><br \/>81 BERNAL Egan<br \/>82 ARENSMAN Thymen<br \/>83 CASTROVIEJO Jonathan<br \/>84 HAMILTON Lucas<br \/>85 HEIDUK Kim<br \/>86 RIVERA Brandon<br \/>87 TARLING Joshua<br \/>88 TURNER Ben<\/p>\n<p>&#13;<\/p>\n<p><strong>INTERMARCH\u00c9-WANTY<\/strong><br \/>91 MEINTJES Louis<br \/>92 BUSATTO Francesco<br \/>93 COLLEONI Kevin<br \/>94 PETILLI Simone<br \/>95 SMITH Dion<br \/>96 THIJSSEN Gerben<br \/>97 VAN DER HOORN Taco<br \/>98 VAN HOECKE Gijs<\/p>\n<p>&#13;<\/p>\n<p><strong>ISRAEL-PREMIER TECH<\/strong><br \/>101 GEE Derek<br \/>102 CLARKE Simon<br \/>103 FRIGO Marco<br \/>104 FUGLSANG Jakob<br \/>105 HIRT Jan<br \/>106 HOULE Hugo<br \/>107 SCHULTZ Nick<br \/>109 STRONG Corbin<\/p>\n<p>&#13;<\/p>\n<p><strong>LIDL-TREK<\/strong><br \/>111 CICCONE Giulio<br \/>112 HOOLE Daan<br \/>113 KRAGH ANDERSEN S\u00f8ren<br \/>114 KONRAD Patrick<br \/>115 MOSCA Jacopo<br \/>116 PEDERSEN Mads<br \/>117 VACEK Mathias<br \/>118 VERONA Carlos<\/p>\n<p>&#13;<\/p>\n<p><strong>MOVISTAR TEAM<\/strong><br \/>121 QUINTANA Nairo<br \/>122 AULAR Orluis<br \/>123 BARRENETXEA Jon<br \/>124 CEPEDA Jefferson<br \/>125 FORMOLO Davide<br \/>126 MILESI Lorenzo<br \/>127 RUBIO Einer<br \/>128 TORRES Albert<\/p>\n<p>&#13;<\/p>\n<p><strong>Q36.5 PRO CYCLING TEAM<\/strong><br \/>131 PIDCOCK Tom<br \/>132 AZPARREN Xabier<br \/>133 VADER Milan<br \/>134 DONOVAN Mark<br \/>135 LIEPINS Emils<br \/>136 HOWSON Damien<br \/>137 MOSCHETTI Matteo<br \/>138 ZUKOWSKY Nickolas<\/p>\n<p>&#13;<\/p>\n<p><strong>SOUDAL QUICK-STEP<\/strong><br \/>141 LANDA Mikel<br \/>142 CATTANEO Mattia<br \/>143 CERN\u00dd Josef<br \/>144 GAROFOLI Gianmarco<br \/>145 HAYTER Ethan<br \/>146 KNOX James<br \/>147 LAMPERTI Luke<br \/>148 MAGNIER Paul<\/p>\n<p>&#13;<\/p>\n<p><strong>TEAM JAYCO-ALULA<\/strong><br \/>151 HARPER Chris<br \/>152 BOUWMAN Koen<br \/>153 DE PRETTO Davide<br \/>154 DOUBLE Paul<br \/>155 ENGELHARDT Felix<br \/>156 HEPBURN Michael<br \/>157 PLAPP Lucas<br \/>158 ZANA Filippo<\/p>\n<p>&#13;<\/p>\n<p><strong>TEAM PICNIC POSTNL<\/strong><br \/>161 BARDET Romain<br \/>162 EDMONDSON Alex<br \/>163 HAMILTON Chris<br \/>164 LEEMREIZE Gijs<br \/>165 M\u00c4RKL Niklas<br \/>166 POOLE Max<br \/>167 VAN UDEN Casper<br \/>168 WELTEN Bram<\/p>\n<p>&#13;<\/p>\n<p><strong>TEAM POLTI VISITMALTA<\/strong><br \/>171 PIGANZOLI Davide<br \/>172 BAIS Davide<br \/>173 BAIS Mattia<br \/>174 LONARDI Giovanni<br \/>175 MAESTRI Mirco<br \/>176 MU\u00d1OZ Francisco<br \/>177 PIETROBON Andrea<br \/>178 TONELLI Alessandro<\/p>\n<p>&#13;<\/p>\n<p><strong>TEAM VISMA | LEASE A BIKE<\/strong><br \/>181 VAN AERT Wout<br \/>182 AFFINI Edoardo<br \/>183 KELDERMAN Wilco<br \/>184 KOOIJ Olav<br \/>185 KRUIJSWIJK Steven<br \/>186 LEMMEN Bart<br \/>187 VAN BAARLE Dylan<br \/>188 YATES Simon<\/p>\n<p>&#13;<\/p>\n<p><strong>TUDOR PRO CYCLING TEAM<\/strong><br \/>191 VOISARD Yannis<br \/>192 BRENNER Marco<br \/>193 KRIEGER Alexander<br \/>194 PLUIMERS Rick<br \/>195 STORER Michael<br \/>196 STORK Florian<br \/>197 WARBASSE Lawrence<br \/>198 ZIJLAARD Maikel<\/p>\n<p>&#13;<\/p>\n<p><strong>UAE TEAM EMIRATES-XRG<\/strong><br \/>201 AYUSO Juan<br \/>202 ARRIETA Igor<br \/>203 BARONCINI Filippo<br \/>204 DEL TORO Isaac<br \/>205 MAJKA Rafal<br \/>206 MCNULTY Brandon<br \/>207 VINE Jay<br \/>208 YATES Adam<\/p>\n<p>&#13;<\/p>\n<p><strong>VF GROUP-BARDIANI CSF-FAIZAN\u00c8<\/strong><br \/>211 FIORELLI Filippo<br \/>212 COVILI Luca<br \/>213 MAGLI Filippo<br \/>214 MARCELLUSI Martin<br \/>215 PINARELLO Alessandro<br \/>216 MARTINELLI Alessio<br \/>217 TAROZZI Manuele<br \/>218 ZANONCELLO Enrico<\/p>\n<p>&#13;<\/p>\n<p><strong>XDS ASTANA TEAM<\/strong><br \/>221 ULISSI Diego<br \/>222 CONCI Nicola<br \/>223 FORTUNATO Lorenzo<br \/>224 KANTER Max<br \/>225 KUZMIN Anton<br \/>226 MASNADA Fausto<br \/>227 POELS Wout<br \/>228 SCARONI Christian<\/p>\n<p>Tour d&rsquo;Italie &#8211; Classement de la 5\u00e8 \u00e9tape Tour d&rsquo;Italie &#8211; Classement g\u00e9n\u00e9ral provisoire apr\u00e8s la 5\u00e8 \u00e9tape<\/p>\n","protected":false},"excerpt":{"rendered":"Lire la suite de l&rsquo;article&#13; \u00a0 &#13; Olav Kooij pour la passe de deux \u00e0 Naples apr\u00e8s sa&hellip;\n","protected":false},"author":2,"featured_media":100814,"comment_status":"","ping_status":"","sticky":false,"template":"","format":"standard","meta":{"footnotes":""},"categories":[1411],"tags":[1154,207,1011,27,209,60,3318,208],"class_list":{"0":"post-101414","1":"post","2":"type-post","3":"status-publish","4":"format-standard","5":"has-post-thumbnail","7":"category-cyclisme","8":"tag-cycling","9":"tag-cyclisme","10":"tag-fr","11":"tag-france","12":"tag-route","13":"tag-sports","14":"tag-tour-d","15":"tag-velo"},"share_on_mastodon":{"url":"https:\/\/pubeurope.com\/@fr\/114510794959458291","error":""},"_links":{"self":[{"href":"https:\/\/www.europesays.com\/fr\/wp-json\/wp\/v2\/posts\/101414","targetHints":{"allow":["GET"]}}],"collection":[{"href":"https:\/\/www.europesays.com\/fr\/wp-json\/wp\/v2\/posts"}],"about":[{"href":"https:\/\/www.europesays.com\/fr\/wp-json\/wp\/v2\/types\/post"}],"author":[{"embeddable":true,"href":"https:\/\/www.europesays.com\/fr\/wp-json\/wp\/v2\/users\/2"}],"replies":[{"embeddable":true,"href":"https:\/\/www.europesays.com\/fr\/wp-json\/wp\/v2\/comments?post=101414"}],"version-history":[{"count":0,"href":"https:\/\/www.europesays.com\/fr\/wp-json\/wp\/v2\/posts\/101414\/revisions"}],"wp:featuredmedia":[{"embeddable":true,"href":"https:\/\/www.europesays.com\/fr\/wp-json\/wp\/v2\/media\/100814"}],"wp:attachment":[{"href":"https:\/\/www.europesays.com\/fr\/wp-json\/wp\/v2\/media?parent=101414"}],"wp:term":[{"taxonomy":"category","embeddable":true,"href":"https:\/\/www.europesays.com\/fr\/wp-json\/wp\/v2\/categories?post=101414"},{"taxonomy":"post_tag","embeddable":true,"href":"https:\/\/www.europesays.com\/fr\/wp-json\/wp\/v2\/tags?post=101414"}],"curies":[{"name":"wp","href":"https:\/\/api.w.org\/{rel}","templated":true}]}}