{"id":101419,"date":"2025-05-15T08:02:09","date_gmt":"2025-05-15T08:02:09","guid":{"rendered":"https:\/\/www.europesays.com\/fr\/101419\/"},"modified":"2025-05-15T08:02:09","modified_gmt":"2025-05-15T08:02:09","slug":"cannes-la-competition-retrouve-la-vedette-hommage-a-la-photographe-gazaouie-tuee-actualites","status":"publish","type":"post","link":"https:\/\/www.europesays.com\/fr\/101419\/","title":{"rendered":"Cannes: la comp\u00e9tition retrouve la vedette, hommage \u00e0 la photographe gazaouie tu\u00e9e : Actualit\u00e9s"},"content":{"rendered":"<p class=\"lead \">Apr\u00e8s Tom Cruise et la grosse machine hollywoodienne, le tapis rouge cannois remet les films en comp\u00e9tition \u00e0 l&rsquo;honneur jeudi, avec un premier long-m\u00e9trage fran\u00e7ais, \u00ab\u00a0Dossier 137\u00a0\u00bb de Dominik Moll dans lequel figure L\u00e9a Drucker, et \u00ab\u00a0Sir\u00e2t\u00a0\u00bb avec Sergi Lopez.<\/p>\n<p class=\"lead \">La pr\u00e9sentation de \u00ab\u00a0Dossier 137\u00a0\u00bb se fera sans l&rsquo;un de ses acteurs, \u00e9cart\u00e9 en raison d&rsquo;un signalement pour des violences sexuelles pr\u00e9sum\u00e9es par le d\u00e9l\u00e9gu\u00e9 g\u00e9n\u00e9ral du festival Thierry Fr\u00e9maux, une d\u00e9cision in\u00e9dite en accord avec la production du film, selon une information de T\u00e9l\u00e9rama confirm\u00e9e par l&rsquo;AFP.<\/p>\n<p class=\"lead \">Cette troisi\u00e8me journ\u00e9e sera aussi marqu\u00e9e par l&rsquo;hommage rendu \u00e0 la photographe palestinienne Fatima Hassouna, tu\u00e9e par un missile isra\u00e9lien \u00e0 Gaza le 16 avril.<\/p>\n<p class=\"lead \">Cette Gazaouie de 25 ans est la protagoniste d&rsquo;un documentaire r\u00e9alis\u00e9 par l&rsquo;Iranienne Sepideh Farsi qui sera projet\u00e9 jeudi soir. <\/p>\n<p class=\"lead \">\u00ab\u00a0Put your soul on your hand and walk\u00a0\u00bb, s\u00e9lectionn\u00e9 \u00e0 l&rsquo;Acid, une section parall\u00e8le au Festival de Cannes, d\u00e9voile les \u00e9changes en visio entre la r\u00e9alisatrice, r\u00e9fugi\u00e9e \u00e0 Paris, et la photographe, chez elle \u00e0 Gaza. <\/p>\n<p class=\"lead \">Sa mort, ainsi que celle de toute sa famille \u00e0 l&rsquo;exception de sa m\u00e8re, dans la frappe qui a d\u00e9truit sa maison, a suscit\u00e9 une immense \u00e9motion dans le monde du cin\u00e9ma. <\/p>\n<p class=\"lead \">Mardi, jour de l&rsquo;ouverture du festival, une tribune sign\u00e9e par 380 artistes dont Pedro Almodovar, Richard Gere ou Susan Sarandon a appel\u00e9 \u00e0 \u00ab\u00a0ne pas rester silencieux.se.s tandis qu&rsquo;un g\u00e9nocide est en cours \u00e0 Gaza\u00a0\u00bb.<\/p>\n<p class=\"lead \">Lors de la c\u00e9r\u00e9monie d&rsquo;ouverture, la pr\u00e9sidente du jury Juliette Binoche a rendu un hommage appuy\u00e9 \u00e0 la jeune photographe, rappelant que \u00ab\u00a0Fatima aurait d\u00fb \u00eatre parmi nous ce soir\u00a0\u00bb.<\/p>\n<p class=\"lead \">&#8211; Habitu\u00e9s de Cannes &#8211;<\/p>\n<p class=\"lead \">La star fran\u00e7aise et les huit autres jur\u00e9s, qui d\u00e9voileront leur palmar\u00e8s le 24 mai, d\u00e9couvriront jeudi deux autres films programm\u00e9s en comp\u00e9tition.<\/p>\n<p class=\"lead \">Dans \u00ab\u00a0Dossier 137\u00a0\u00bb (1h55), de Dominik Moll, la Fran\u00e7aise L\u00e9a Drucker incarne une fonctionnaire de l&rsquo;IGPN, la police des polices, charg\u00e9e d&rsquo;enqu\u00eater sur le cas d&rsquo;un jeune homme bless\u00e9 par un tir de LBD lors d&rsquo;une manifestation de Gilets jaunes.<\/p>\n<p class=\"lead \">Avec ce film policier, le cin\u00e9aste r\u00e9v\u00e9l\u00e9 par \u00ab\u00a0Harry, un ami qui vous veut du bien\u00a0\u00bb revient \u00e0 Cannes apr\u00e8s avoir renou\u00e9 avec le succ\u00e8s en pr\u00e9sentant il y a trois ans sur la Croisette \u00ab\u00a0La Nuit du 12\u00a0\u00bb, sans \u00eatre en comp\u00e9tition pour la Palme d&rsquo;or. Le film, qui abordait la question des violences faites aux femmes, avait ensuite remport\u00e9 sept C\u00e9sar, dont celui de meilleur film.<\/p>\n<p class=\"lead \">L&rsquo;autre long-m\u00e9trage du jour, \u00ab\u00a0Sir\u00e2t\u00a0\u00bb (2h00), suit un p\u00e8re (Sergi Lopez) et son fils qui partent \u00e0 la recherche de Mar, leur fille et soeur, disparue depuis plusieurs mois.<\/p>\n<p class=\"lead \">Leur qu\u00eate les m\u00e8ne dans une free party perdue dans les montagnes du sud du Maroc, o\u00f9 le duo va rencontrer un groupe de ravers en route pour une derni\u00e8re f\u00eate dans le fin fond du d\u00e9sert. Ils vont d\u00e9cider de les suivre, dans l&rsquo;espoir de retrouver Mar.<\/p>\n<p class=\"lead \">L&rsquo;Espagnol Oliver Laxe n&rsquo;est lui non plus pas un inconnu \u00e0 Cannes. Son dernier long m\u00e9trage, \u00ab\u00a0O que Arde\u00a0\u00bb (Viendra le feu), avait \u00e9t\u00e9 r\u00e9compens\u00e9 d&rsquo;un prix du jury dans la section \u00ab\u00a0Un certain regard\u00a0\u00bb en 2019. En 2016, le cin\u00e9aste avait remport\u00e9 le Grand prix de la Semaine de la critique pour \u00ab\u00a0Mimosas, la voie de l&rsquo;Atlas\u00a0\u00bb.<\/p>\n<p class=\"small font-weight-bold text-gray3 \"> publi\u00e9 le 15 mai \u00e0 09h02, AFP<\/p>\n<p>                             Partager<\/p>\n","protected":false},"excerpt":{"rendered":"Apr\u00e8s Tom Cruise et la grosse machine hollywoodienne, le tapis rouge cannois remet les films en comp\u00e9tition \u00e0&hellip;\n","protected":false},"author":2,"featured_media":101420,"comment_status":"","ping_status":"","sticky":false,"template":"","format":"standard","meta":{"footnotes":""},"categories":[1358],"tags":[1348,1384,1385,1971,6406,1972,2120,1386,58,59,123,849,1011,27,3819,7621],"class_list":{"0":"post-101419","1":"post","2":"type-post","3":"status-publish","4":"format-standard","5":"has-post-thumbnail","7":"category-arts-et-design","8":"tag-arts","9":"tag-arts-and-design","10":"tag-arts-et-design","11":"tag-clbrits","12":"tag-cannes2025","13":"tag-cinma","14":"tag-conflit","15":"tag-design","16":"tag-divertissement","17":"tag-entertainment","18":"tag-espagne","19":"tag-festival","20":"tag-fr","21":"tag-france","22":"tag-isral","23":"tag-palestiniens"},"share_on_mastodon":{"url":"https:\/\/pubeurope.com\/@fr\/114510806643092541","error":""},"_links":{"self":[{"href":"https:\/\/www.europesays.com\/fr\/wp-json\/wp\/v2\/posts\/101419","targetHints":{"allow":["GET"]}}],"collection":[{"href":"https:\/\/www.europesays.com\/fr\/wp-json\/wp\/v2\/posts"}],"about":[{"href":"https:\/\/www.europesays.com\/fr\/wp-json\/wp\/v2\/types\/post"}],"author":[{"embeddable":true,"href":"https:\/\/www.europesays.com\/fr\/wp-json\/wp\/v2\/users\/2"}],"replies":[{"embeddable":true,"href":"https:\/\/www.europesays.com\/fr\/wp-json\/wp\/v2\/comments?post=101419"}],"version-history":[{"count":0,"href":"https:\/\/www.europesays.com\/fr\/wp-json\/wp\/v2\/posts\/101419\/revisions"}],"wp:featuredmedia":[{"embeddable":true,"href":"https:\/\/www.europesays.com\/fr\/wp-json\/wp\/v2\/media\/101420"}],"wp:attachment":[{"href":"https:\/\/www.europesays.com\/fr\/wp-json\/wp\/v2\/media?parent=101419"}],"wp:term":[{"taxonomy":"category","embeddable":true,"href":"https:\/\/www.europesays.com\/fr\/wp-json\/wp\/v2\/categories?post=101419"},{"taxonomy":"post_tag","embeddable":true,"href":"https:\/\/www.europesays.com\/fr\/wp-json\/wp\/v2\/tags?post=101419"}],"curies":[{"name":"wp","href":"https:\/\/api.w.org\/{rel}","templated":true}]}}