{"id":101436,"date":"2025-05-15T08:11:19","date_gmt":"2025-05-15T08:11:19","guid":{"rendered":"https:\/\/www.europesays.com\/fr\/101436\/"},"modified":"2025-05-15T08:11:19","modified_gmt":"2025-05-15T08:11:19","slug":"notre-essai-complet-de-la-renault-4-e-tech-ces-petits-plus-qui-changent-tout","status":"publish","type":"post","link":"https:\/\/www.europesays.com\/fr\/101436\/","title":{"rendered":"Notre essai complet de la Renault 4\u00a0e-tech : ces petits plus qui changent tout !"},"content":{"rendered":"<p>Apr\u00e8s la Renault 5, c\u2019est au tour de la Renault 4 d\u2019\u00eatre test\u00e9e sur la route. Encore une fois, Renault a bien travaill\u00e9 sa copie avec des petits d\u00e9tails qui peuvent faire la diff\u00e9rence. \u00a0<\/p>\n<p>Si l\u2019on a eu l\u2019impression d\u2019attendre un long moment l\u2019arriv\u00e9e des <a href=\"https:\/\/www.numerama.com\/vroom\/1821096-notre-essai-complet-de-la-r5-renault-pourrait-vous-faire-changer-davis-sur-lelectrique.html\" rel=\"nofollow noopener\" target=\"_blank\">essais de la Renault 5<\/a>, il aura fallu moins de 9 mois pour que le constructeur fran\u00e7ais nous invite cette fois \u00e0 tester la <a href=\"https:\/\/www.numerama.com\/voitures\/4-e-tech\/\" rel=\"nofollow noopener\" target=\"_blank\">Renault 4 e-tech<\/a>. Les essais internationaux se tiennent en ce moment au Portugal, o\u00f9 Numerama a pu r\u00e9aliser une premi\u00e8re prise en main de cette nouvelle R4.<\/p>\n<p>Les deux mod\u00e8les ont beau partager de nombreux \u00e9l\u00e9ments, leur caract\u00e8re est bel et bien diff\u00e9rent. Voici nos impressions \u00e0 chaud sur cette <a href=\"https:\/\/www.numerama.com\/vroom\/599805-voitures-electriques-tous-les-modeles-disponibles-en-france-en-2020.html\" rel=\"nofollow noopener\" target=\"_blank\">nouvelle voiture \u00e9lectrique<\/a> qui devrait plaire aux clients fran\u00e7ais.<\/p>\n<p><a href=\"https:\/\/www.numerama.com\/wp-content\/uploads\/2025\/05\/essai-renault4.jpg\" rel=\"nofollow noopener\" target=\"_blank\"><img decoding=\"async\" width=\"1024\" height=\"576\" loading=\"lazy\" alt=\"Essai Renault 4 e-tech \/\/ Source : Raphaelle Baut pour Numerama\" title=\"Essai Renault 4 e-tech \/\/ Source : Raphaelle Baut pour Numerama\" class=\"wp-image-1970301 placeholder-default wp-image\" src=\"https:\/\/www.europesays.com\/fr\/wp-content\/uploads\/2025\/05\/essai-renault4-1024x576.jpg\" \/><\/a>Essais internationaux de la Renault 4 e-tech \/\/ Source : Raphaelle Baut pour Numerama<\/p>\n<p>Design ext\u00e9rieur\u00a0: de la nostalgie, mais pas que\u2026<\/p>\n<p>Numerama a d\u00e9j\u00e0 eu l\u2019occasion <a href=\"https:\/\/www.numerama.com\/vroom\/1825188-la-renault-4-e-tech-peut-elle-surpasser-la-renault-5.html\" rel=\"nofollow noopener\" target=\"_blank\">de vous pr\u00e9senter la Renault 4 e-tech<\/a>, mais quelques rappels ne sont pas inutiles. Cette nouveaut\u00e9 compl\u00e8te la gamme des v\u00e9hicules \u00e9lectriques inspir\u00e9s par un design r\u00e9tro-futuriste. Plusieurs d\u00e9tails esth\u00e9tiques sont inspir\u00e9s de la mythique 4L. <\/p>\n<p><a href=\"https:\/\/www.numerama.com\/wp-content\/uploads\/2025\/05\/essai-renault4-3.jpg\" rel=\"nofollow noopener\" target=\"_blank\"><img decoding=\"async\" width=\"1024\" height=\"576\" loading=\"lazy\" alt=\"Anciennes et nouvelles Renault 4 \/\/ Source : Raphaelle Baut pour Numerama\" title=\"Anciennes et nouvelles Renault 4 \/\/ Source : Raphaelle Baut pour Numerama\" class=\"wp-image-1970331 placeholder-default wp-image\" src=\"https:\/\/www.europesays.com\/fr\/wp-content\/uploads\/2025\/05\/essai-renault4-3-1024x576.jpg\" \/><\/a>Anciennes et nouvelles Renault 4 \/\/ Source : Raphaelle Baut pour Numerama<\/p>\n<p>C\u2019est notamment le cas de la calandre horizontale avec ses feux ronds qui est revisit\u00e9e, un \u00e9l\u00e9ment que Renault a d\u00e9cid\u00e9 de transformer en v\u00e9ritable signature du mod\u00e8le en construisant cet \u00e9l\u00e9ment en une seule pi\u00e8ce qui est en plus illumin\u00e9 jusqu\u2019au logo. Impossible de ne pas reconna\u00eetre la face avant d\u2019une R4 au premier coup d\u2019\u0153il, surtout de nuit. Les feux arri\u00e8re, les barres de toit et les stries sur le c\u00f4t\u00e9 doivent aussi rappeler le bon vieux temps pour les nostalgiques.<\/p>\n<p><a href=\"https:\/\/www.numerama.com\/wp-content\/uploads\/2025\/05\/essaierenault4-6.jpg\" rel=\"nofollow noopener\" target=\"_blank\"><img decoding=\"async\" width=\"1024\" height=\"576\" loading=\"lazy\" alt=\"Nouvelle calandre lumineuse pour Renault 4 \/\/ Source : Raphaelle Baut pour Numerama\" title=\"Nouvelle calandre lumineuse pour Renault 4 \/\/ Source : Raphaelle Baut pour Numerama\" class=\"wp-image-1970325 placeholder-default wp-image\" src=\"https:\/\/www.europesays.com\/fr\/wp-content\/uploads\/2025\/05\/essaierenault4-6-1024x576.jpg\" \/><\/a>Nouvelle calandre lumineuse pour Renault 4 \/\/ Source : Raphaelle Baut pour Numerama<\/p>\n<p>Pour autant, le mod\u00e8le est bien inscrit dans son \u00e9poque avec ses 4,14 m de long, 1,57 m de haut et une garde au sol r\u00e9hauss\u00e9e. La R4 a pris un peu d\u2019embonpoint, mais c\u2019est pour mieux s\u00e9duire la client\u00e8le d\u2019aujourd\u2019hui.<\/p>\n<p>\u00c0 l\u2019int\u00e9rieur de la R4 e-tech\u00a0: l\u2019atout coffre<\/p>\n<p>Vous ne serez pas surpris d\u2019apprendre qu\u2019\u00e0 l\u2019int\u00e9rieur aussi, R4 partage de nombreux \u00e9l\u00e9ments communs avec R5. Il n\u2019y a donc pas vraiment de surprise au niveau du volant, des commodos, des \u00e9crans ou de l\u2019organisation des \u00e9l\u00e9ments de la planche de bord. Pour autant, les finitions Iconic et Techno ne sont pas tout \u00e0 fait similaires \u00e0 ce que Renault propose sur R5. La version Techno se pare toujours d\u2019un rev\u00eatement jeans, mais Iconic tente une autre approche avec moins de jaune et plus d\u2019\u00e9l\u00e9ments fa\u00e7on cuir. Le r\u00e9sultat est plaisant dans les deux configurations.<\/p>\n<p><a href=\"https:\/\/www.numerama.com\/wp-content\/uploads\/2025\/05\/essai-renault4-4.jpg\" rel=\"nofollow noopener\" target=\"_blank\"><img decoding=\"async\" width=\"1024\" height=\"576\" loading=\"lazy\" alt=\"Renault 4 e-tech finition Iconic \/\/ Source : Raphaelle Baut pour Numerama\" title=\"Renault 4 e-tech finition Iconic \/\/ Source : Raphaelle Baut pour Numerama\" class=\"wp-image-1970329 placeholder-default wp-image\" src=\"https:\/\/www.europesays.com\/fr\/wp-content\/uploads\/2025\/05\/essai-renault4-4-1024x576.jpg\" \/><\/a>Renault 4 e-tech en finition Iconic \/\/ Source : Raphaelle Baut pour Numerama<\/p>\n<p>Parmi les petits trucs en plus de cet int\u00e9rieur, il y a l\u2019espace \u00e0 bord pour les passagers arri\u00e8re, y compris si le conducteur a de longues jambes. La garde au toit est aussi correcte pour les passagers arri\u00e8re, m\u00eame s\u2019il y a une sensation d\u2019\u00eatre assis haut.<\/p>\n<p><a href=\"https:\/\/www.numerama.com\/wp-content\/uploads\/2025\/05\/essai-renault4-8.jpg\" rel=\"nofollow noopener\" target=\"_blank\"><img decoding=\"async\" width=\"1024\" height=\"576\" loading=\"lazy\" alt=\"Places arri\u00e8re \u00e0 bord de la Renault 4 e-tech Iconic \/\/ Source : Raphaelle Baut pour Numerama\" title=\"Places arri\u00e8re \u00e0 bord de la Renault 4 e-tech Iconic \/\/ Source : Raphaelle Baut pour Numerama\" class=\"wp-image-1970321 placeholder-default wp-image\" src=\"https:\/\/www.europesays.com\/fr\/wp-content\/uploads\/2025\/05\/essai-renault4-8-1024x576.jpg\" \/><\/a>Places arri\u00e8re \u00e0 bord de la Renault 4 e-tech Iconic \/\/ Source : Raphaelle Baut pour Numerama<\/p>\n<p>Le coffre aussi est le premier \u00e0 b\u00e9n\u00e9ficier des 21 cm suppl\u00e9mentaires par rapport \u00e0 la Renault 5\u00a0: 420 litres de contenance qu\u2019il est facile d\u2019exploiter. Les banquettes sont rabattables, et le si\u00e8ge passager \u00e9galement. Si vous avez besoin de glisser une planche de surf ou une c\u00e9l\u00e8bre \u00e9tag\u00e8re Ikea, \u00e7a passe. La Renault 4 offre en plus un seuil de coffre 10 cm plus bas que la concurrence, cela facilite le chargement des objets lourds (valises, poussettes, etc), et cela permet aussi de s\u2019asseoir dans le coffre pour \u00ab\u00a0changer de chaussures\u00a0\u00bb comme le citait en exemple les intervenants Renault. C\u2019est malin.<\/p>\n<p><a href=\"https:\/\/www.numerama.com\/wp-content\/uploads\/2025\/05\/essai-renault4-coffre.jpg\" rel=\"nofollow noopener\" target=\"_blank\"><img decoding=\"async\" width=\"1024\" height=\"576\" loading=\"lazy\" alt=\"Un coffre bien proportionn\u00e9 pour la Renault 4 e-tech \/\/ Source : Renault\" title=\"Un coffre bien proportionn\u00e9 pour la Renault 4 e-tech \/\/ Source : Renault\" class=\"wp-image-1970315 placeholder-default wp-image\" src=\"https:\/\/www.europesays.com\/fr\/wp-content\/uploads\/2025\/05\/essai-renault4-coffre-1024x576.jpg\" \/><\/a>Un coffre bien proportionn\u00e9 pour la Renault 4 e-tech \/\/ Source : Renault<\/p>\n<p>Motorisation et comportement routier\u00a0: plaisant<\/p>\n<p>Sur le principe, il n\u2019y a rien de nouveau sur les motorisations propos\u00e9es par Renault\u00a0:<\/p>\n<ul class=\"wp-block-list\">\n<li>120 ch avec batterie 40 kWh : jusqu\u2019\u00e0 308 km d\u2019autonomie WLTP<\/li>\n<li>150 ch avec batterie 52 kWh : jusqu\u2019\u00e0 408 km d\u2019autonomie WLTP<\/li>\n<\/ul>\n<p><a href=\"https:\/\/www.numerama.com\/wp-content\/uploads\/2025\/05\/essai-renault4-5.jpg\" rel=\"nofollow noopener\" target=\"_blank\"><img decoding=\"async\" width=\"1024\" height=\"576\" loading=\"lazy\" alt=\"Essai de la Renault 4 e-tech  \/\/ Source : Raphaelle Baut pour Numerama\" title=\"Essai de la Renault 4 e-tech  \/\/ Source : Raphaelle Baut pour Numerama\" class=\"wp-image-1970327 placeholder-default wp-image\" src=\"https:\/\/www.europesays.com\/fr\/wp-content\/uploads\/2025\/05\/essai-renault4-5-1024x576.jpg\" \/><\/a>Essai de la R4 iconic autonomie confort (52 kWh) \/\/ Source : Raphaelle Baut pour Numerama<\/p>\n<p>C\u2019est cette seconde version qui \u00e9tait \u00e0 l\u2019essai. Malgr\u00e9 un air de d\u00e9j\u00e0-vu, le comportement de la nouvelle Renault 4 e-tech est sensiblement diff\u00e9rent de sa petite s\u0153ur. Les r\u00e9glages misent sur plus de confort, au d\u00e9triment de l\u2019agilit\u00e9. Les imperfections de la route et les ralentisseurs sont en effet moins rudes pour les lombaires des occupants du v\u00e9hicule. L\u2019ensemble reste suffisamment ferme pour pr\u00e9server ce qu\u2019il faut de dynamisme. Quant \u00e0 l\u2019agilit\u00e9, ce n\u2019est pas vraiment perceptible si l\u2019on conduit tranquillement la voiture. La Renault 4 e-tech n\u2019a pas vraiment vocation \u00e0 \u00eatre pouss\u00e9 dans ses limites.<\/p>\n<p><a href=\"https:\/\/www.numerama.com\/wp-content\/uploads\/2025\/05\/essai-renaut4-13.jpg\" rel=\"nofollow noopener\" target=\"_blank\"><img decoding=\"async\" width=\"1024\" height=\"576\" loading=\"lazy\" alt=\"Au volant de la nouvelle Renault 4 \/\/ Source : JB Passieux - Frandroid\" title=\"Au volant de la nouvelle Renault 4 \/\/ Source : JB Passieux - Frandroid\" class=\"wp-image-1970345 placeholder-default wp-image\" src=\"https:\/\/www.europesays.com\/fr\/wp-content\/uploads\/2025\/05\/essai-renaut4-13-1024x576.jpg\" \/><\/a>Au volant de la nouvelle Renault 4 \/\/ Source : JB Passieux \u2013 Frandroid<\/p>\n<p>Le ressenti \u00e0 son volant est agr\u00e9able. C\u2019est une voiture homog\u00e8ne, m\u00eame si certains la trouveront peut-\u00eatre plus \u00ab\u00a0plan-plan\u00a0\u00bb que d\u2019autres mod\u00e8les de la marque ou de la concurrence. J\u2019ai trouv\u00e9 le compromis tr\u00e8s int\u00e9ressant par rapport \u00e0 la cible vis\u00e9e\u00a0: les familles notamment.\u00a0<\/p>\n<p>M\u00eame si le gros du parcours a \u00e9t\u00e9 r\u00e9alis\u00e9 sur des routes en bon \u00e9tat et \u00e0 des vitesses mod\u00e9r\u00e9es, on est aussi sorti des sentiers battus pour r\u00e9aliser les photos. Cette R4, comme son anc\u00eatre, peut s\u2019aventurer en tout chemin. Elle dispose m\u00eame du syst\u00e8me Extended Grip pour aider sur la neige et les sols meubles. Cela peut toujours d\u00e9panner.<\/p>\n<p><a href=\"https:\/\/www.numerama.com\/wp-content\/uploads\/2025\/05\/essai-renault4-10.jpg\" rel=\"nofollow noopener\" target=\"_blank\"><img decoding=\"async\" width=\"1024\" height=\"576\" loading=\"lazy\" alt=\"Essai de la Renault 4 e-tech  \/\/ Source : Raphaelle Baut pour Numerama\" title=\"Essai de la Renault 4 e-tech  \/\/ Source : Raphaelle Baut pour Numerama\" class=\"wp-image-1970317 placeholder-default wp-image\" src=\"https:\/\/www.europesays.com\/fr\/wp-content\/uploads\/2025\/05\/essai-renault4-10-1024x576.jpg\" \/><\/a>La Renault 4 e-tech peut s\u2019aventurer en tout chemin \/\/ Source : Raphaelle Baut pour Numerama<\/p>\n<p>Les essais presse restent toujours bien trop courts pour tester l\u2019ensemble des facettes du mod\u00e8le. Le parcours n\u2019empruntait que tr\u00e8s peu d\u2019autoroutes ou voies rapides \u2014 il reste beaucoup \u00e0 d\u00e9couvrir sur cette R4.<\/p>\n<p>Technologies embarqu\u00e9es\u00a0:\u00a0le one-pedal qui manquait<\/p>\n<p>Le syst\u00e8me d\u2019infodivertissement <a href=\"https:\/\/www.numerama.com\/tech\/1969519-adieu-google-assistant-gemini-va-le-remplacer-dans-les-voitures-les-montres-et-les-teles.html\" rel=\"nofollow noopener\" target=\"_blank\">est\u00a0toujours sign\u00e9 Google<\/a>, cela reste une r\u00e9f\u00e9rence en la mati\u00e8re. Le fonctionnement est vraiment ce que l\u2019on peut attendre d\u2019une voiture \u00e9lectrique.\u00a0Les menus sont assez clairs, et la taille de l\u2019\u00e9cran suffisante pour cette cat\u00e9gorie de v\u00e9hicule. L\u00e0-dessus, il n\u2019y a rien \u00e0 redire.<\/p>\n<p>Je n\u2019ai pas r\u00e9ellement test\u00e9 les aides \u00e0 la conduite, qui \u00e9taient pourtant pl\u00e9thoriques sur nos mod\u00e8les d\u2019essai. Par contre, comme dans le reste de la gamme, Renault a bien s\u00fbr conserv\u00e9 son petit bouton magique pour d\u00e9sactiver, en un appui long, celles qui ont tendance \u00e0 nous agacer.<\/p>\n<p><a href=\"https:\/\/www.numerama.com\/wp-content\/uploads\/2025\/05\/essai-renault4-14.jpg\" rel=\"nofollow noopener\" target=\"_blank\"><img decoding=\"async\" width=\"1024\" height=\"576\" loading=\"lazy\" alt=\"Au volant de Renault 4 e-tech \/\/ Source : Raphaelle Baut pour Numerama\" title=\"Au volant de Renault 4 e-tech \/\/ Source : Raphaelle Baut pour Numerama\" class=\"wp-image-1970347 placeholder-default wp-image\" src=\"https:\/\/www.europesays.com\/fr\/wp-content\/uploads\/2025\/05\/essai-renault4-14-1024x576.jpg\" \/><\/a>Apparition des palettes au volant pour le freinage r\u00e9gen\u00e9ratif \/\/ Source : Raphaelle Baut pour Numerama<\/p>\n<p>Le vrai plus de cette Renault 4 e-tech, c\u2019est qu\u2019elle a servi au d\u00e9veloppement du one-pedal qui va arriver sur l\u2019ensemble de la gamme \u00e9lectrique de Renault. Il y a 3 niveaux de freinage r\u00e9g\u00e9n\u00e9ratif et un mode de <a href=\"https:\/\/www.numerama.com\/vroom\/1651856-la-conduite-a-une-pedale-en-voiture-electrique-est-elle-indispensable.html\" rel=\"nofollow noopener\" target=\"_blank\">conduite \u00e0 une p\u00e9dale<\/a> qui permet d\u2019aller jusqu\u2019\u00e0 l\u2019arr\u00eat. Adieu le mode B qui \u00e9tait un peu frustrant, place \u00e0 la personnalisation selon les besoins (et envies) du conducteur. Le r\u00e9sultat est \u00e0 la hauteur de l\u2019attente : le one-pedal est \u00e0 la fois doux et efficace.<\/p>\n<p>Autonomie de la R4 e-tech\u00a0: une vraie surprise\u00a0?<\/p>\n<p>Nous n\u2019avons pas test\u00e9 la recharge rapide, car elle n\u2019a pas \u00e9t\u00e9 n\u00e9cessaire durant cet essai sur notre exemplaire. Th\u00e9oriquement, cette version 52 kWh peut proposer jusqu\u2019\u00e0 100 kW de pic en courant continu sur des bornes rapides, avec 15 \u00e0 80 % en 30 minutes.\u00a0La <a href=\"https:\/\/www.numerama.com\/vroom\/1356470-tout-savoir-sur-le-plug-charge-la-technologie-de-rechargement-dediee-aux-vehicules-electriques.html\" data-popover-target=\"definition\" data-tag=\"Tout savoir sur le \u00ab\u00a0Plug &amp; Charge\u00a0\u00bb, la technologie de rechargement d\u00e9di\u00e9e aux v\u00e9hicules \u00e9lectriques\" data-chapo=\"Grandement mise en avant par les Superchargeurs de Tesla, la technologie \u00ab\u00a0Plug &amp; Charge\u00a0\u00bb, ou \u00ab\u00a0autorecharge\u00a0\u00bb en fran\u00e7ais, se d\u00e9veloppe \u00e0 vitesse grand V. Zoom sur cette technologie qui am\u00e9liore l&#039;exp\u00e9rience de la recharge.\" data-image=\"https:\/\/c0.lestechnophiles.com\/www.numerama.com\/wp-content\/uploads\/2023\/02\/ionity-bmw-1024x576.jpg?key=85afee70\" rel=\"nofollow noopener\" target=\"_blank\">fonction plug &amp; charge<\/a> est disponible sur le mod\u00e8le avec le Mobilize Charge Pass. <\/p>\n<p>La Renault 4 est \u00e9galement \u00e9quip\u00e9e d\u2019un chargeur triphas\u00e9 de 11 kW pour les recharges \u00e0 domicile. Comme pour la R5, le chargeur est bidirectionnel, il permet de faire du V2L (vehicle-to-load) pour alimenter des appareils en 220 V gr\u00e2ce \u00e0 la batterie ou du V2G (vehicle-to-grid) pour r\u00e9injecter de l\u2019\u00e9lectricit\u00e9 dans le r\u00e9seau gr\u00e2ce \u00e0 l\u2019offre Mobilize.<\/p>\n<p><a href=\"https:\/\/www.numerama.com\/wp-content\/uploads\/2025\/05\/essai-renault4-12.jpg\" rel=\"nofollow noopener\" target=\"_blank\"><img decoding=\"async\" width=\"1024\" height=\"576\" loading=\"lazy\" alt=\"Trappe de recharge \u00e0 l'avant gauche \/\/ Source : Raphaelle Baut pour Numerama\" title=\"Trappe de recharge \u00e0 l'avant gauche \/\/ Source : Raphaelle Baut pour Numerama\" class=\"wp-image-1970313 placeholder-default wp-image\" src=\"https:\/\/www.europesays.com\/fr\/wp-content\/uploads\/2025\/05\/essai-renault4-12-1024x576.jpg\" \/><\/a>Trappe de recharge \u00e0 l\u2019avant gauche \/\/ Source : Raphaelle Baut pour Numerama<\/p>\n<p>C\u00f4t\u00e9 consommation, ces essais organis\u00e9s par le constructeur favorisent souvent les bons r\u00e9sultats. La Renault 4 e-tech a par contre largement d\u00e9pass\u00e9 nos attentes sur un tel parcours. Les conditions favorables \u00e9taient r\u00e9unies pour afficher des consommations basses\u00a0: temp\u00e9ratures douces, peu de vent et des trajets urbains essentiellement. Pour autant, les 11,1 kWh\/100 km du dernier trajet et 12,2 kWh\/100 km de la veille \u00e9taient une agr\u00e9able surprise. Sur un tel parcours, je m\u2019attendais \u00e0 des consommations comprises entre 14 et 15 kWh\/100 km \u2014 c\u2019est ce que l\u2019on a eu sur les portions de voies rapides.<\/p>\n<p>Renault indique avoir retravaill\u00e9 la gestion thermique de la batterie, ce qui am\u00e9liorerait les performances sur l\u2019autonomie et les consommations. Il faudra quand m\u00eame pousser le test plus loin pour voir si la R4 peut reproduire des r\u00e9sultats aussi int\u00e9ressant dans d\u2019autres conditions.<\/p>\n<p>Tarif et concurrence\u00a0:\u00a0la seule ombre au tableau<\/p>\n<p>Le tarif de cette Renault 4 e-tech restera certainement un point de tension pour certains. Ce mod\u00e8le, autrefois tr\u00e8s accessible, l\u2019est nettement moins en 2025. La dotation en \u00e9quipements et en \u00e9l\u00e9ments de confort n\u2019\u00e9tait aussi clairement pas la m\u00eame. Pour autant, il faudra quand m\u00eame d\u00e9penser 2 000 \u20ac de plus que la R5 pour s\u2019offrir cette R4 et cela pourrait faire grincer des dents. Le \u00ab\u00a0made in France\u00a0\u00bb (fabrication \u00e0 Maubeuge) a aussi un co\u00fbt.<\/p>\n<p><a href=\"https:\/\/www.numerama.com\/wp-content\/uploads\/2025\/05\/essai-renault4-7.jpg\" rel=\"nofollow noopener\" target=\"_blank\"><img decoding=\"async\" width=\"1024\" height=\"576\" loading=\"lazy\" alt=\"Essai de la Renault 4 e-tech  \/\/ Source : Raphaelle Baut pour Numerama\" title=\"Essai de la Renault 4 e-tech  \/\/ Source : Raphaelle Baut pour Numerama\" class=\"wp-image-1970323 placeholder-default wp-image\" src=\"https:\/\/www.europesays.com\/fr\/wp-content\/uploads\/2025\/05\/essai-renault4-7-1024x576.jpg\" \/><\/a>Moins impressionnante que l\u2019avant, la face arri\u00e8re est bien travaill\u00e9e  \/\/ Source : Raphaelle Baut pour Numerama<\/p>\n<p>Voici les principaux tarifs (et <a href=\"https:\/\/www.numerama.com\/vroom\/1048900-quelles-sont-les-meilleures-voitures-electriques-a-louer-a-partir-de-100-e-par-mois.html\" rel=\"nofollow noopener\" target=\"_blank\">loyers de location longue dur\u00e9e<\/a>) \u00ab\u00a0\u00e0 partir de\u00a0\u00bb \u00e0 retenir \u00e0 son lancement\u00a0:<\/p>\n<ul class=\"wp-block-list\">\n<li>29 990 \u20ac (ou 229 \u20ac\/mois) pour la R4 evolution en autonomie urbaine (40 Kwh)<\/li>\n<li>33 490 \u20ac (ou 273 \u20ac \/ mois) pour la R4 evolution autonomie confort (52 kWh)<\/li>\n<li>35 490 \u20ac (ou 302 \u20ac \/ mois) pour la R4 techno autonomie confort (52 kWh)<\/li>\n<li>37 490 \u20ac (ou 322 \u20ac \/ mois) pour la R4 iconic autonomie confort (52 kWh)<\/li>\n<\/ul>\n<p>Les prix indiqu\u00e9s sont <a href=\"https:\/\/www.numerama.com\/vroom\/974563-achat-dune-voiture-electrique-de-quelles-aides-financieres-pouvez-vous-beneficier.html\" rel=\"nofollow noopener\" target=\"_blank\">avant d\u00e9duction d\u2019un \u00e9ventuel bonus \u00e9cologique<\/a>, auquel la Renault 4 e-tech est \u00e9ligible, et les <a href=\"https:\/\/www.numerama.com\/vroom\/1917667-aide-a-lachat-cee-pour-les-voitures-et-quadricycles-electriques-qui-a-le-droit-de-la-toucher.html\" rel=\"nofollow noopener\" target=\"_blank\">primes CEE<\/a>.<\/p>\n<p>Ses concurrentes directes sont principalement \u00e0 chercher chez son principal rival\u00a0: Stellantis. Des mod\u00e8les comme la <a href=\"https:\/\/www.numerama.com\/voitures\/avenger\/\" data-type=\"electric-cars\" data-id=\"1272324\" rel=\"nofollow noopener\" target=\"_blank\">Jeep Avenger<\/a>, l\u2019<a href=\"https:\/\/www.numerama.com\/voitures\/mokka-e\/\" data-type=\"electric-cars\" data-id=\"1149742\" rel=\"nofollow noopener\" target=\"_blank\">Opel Mokka Electric<\/a>, la <a href=\"https:\/\/www.numerama.com\/voitures\/600e\/\" data-type=\"electric-cars\" data-id=\"1511996\" rel=\"nofollow noopener\" target=\"_blank\">Fiat 600e<\/a>, la <a href=\"https:\/\/www.numerama.com\/voitures\/e-c3-aircross\/\" data-type=\"electric-cars\" data-id=\"1782870\" rel=\"nofollow noopener\" target=\"_blank\">Citro\u00ebn \u00eb-C3 Aircross<\/a> et la <a href=\"https:\/\/www.numerama.com\/voitures\/e-2008\/\" data-type=\"electric-cars\" data-id=\"783101\" rel=\"nofollow noopener\" target=\"_blank\">Peugeot e-2008<\/a> se positionnent sur la m\u00eame cible et avec des performances proches. Il est \u00e9galement possible de comparer la Renault 4 avec le Mini Aceman. Est-ce qu\u2019un <a href=\"https:\/\/www.numerama.com\/voitures\/atto-2\/\" data-type=\"electric-cars\" data-id=\"1913109\" rel=\"nofollow noopener\" target=\"_blank\">BYD Atto 2<\/a> pourrait aussi lui faire de l\u2019ombre\u00a0? Ce n\u2019est pas exclu, mais la R4 conserve une longueur d\u2019avance sur bien des aspects face \u00e0 ce mod\u00e8le chinois.<\/p>\n<p><strong>Renault 4 e-tech \u2013 Fiche technique et tarifs au lancement (mai 2025)<\/strong><\/p>\n<tr>Caract\u00e9ristiquesEvolution (urbaine)Evolution (confort)Techno (confort)Iconic (confort)<\/tr>\n<tr>\n<td>Puissance<\/td>\n<td>120 ch<\/td>\n<td>150 ch<\/td>\n<td>150 ch<\/td>\n<td>150 ch<\/td>\n<\/tr>\n<tr>\n<td>Batterie<\/td>\n<td>40 kWh<\/td>\n<td>52 kWh<\/td>\n<td>52 kWh<\/td>\n<td>52 kWh<\/td>\n<\/tr>\n<tr>\n<td>Autonomie WLTP<\/td>\n<td>308 km<\/td>\n<td>408 km<\/td>\n<td>408 km<\/td>\n<td>408 km<\/td>\n<\/tr>\n<tr>\n<td>0-100 km\/h<\/td>\n<td>9,2 s<\/td>\n<td>8,5 s<\/td>\n<td>8,5 s<\/td>\n<td>8,5 s<\/td>\n<\/tr>\n<tr>\n<td>Recharge rapide DC<\/td>\n<td>80 kW<\/td>\n<td>100 kW<\/td>\n<td>100 kW<\/td>\n<td>100 kW<\/td>\n<\/tr>\n<tr>\n<td>Prix de base<\/td>\n<td>29 990 \u20ac<\/td>\n<td>33 490 \u20ac<\/td>\n<td>35 490 \u20ac<\/td>\n<td>37 490 \u20ac<\/td>\n<\/tr>\n<tr>\n<td>LLD (\u20ac\/mois)<\/td>\n<td>229 \u20ac<\/td>\n<td>273 \u20ac<\/td>\n<td>302 \u20ac<\/td>\n<td>322 \u20ac<\/td>\n<\/tr>\n<p>Autres caract\u00e9ristiques :<\/p>\n<ul class=\"wp-block-list\">\n<li>Recharge\u202f: 15 \u00e0 80\u202f% en 30 min (version 52 kWh) sur <a href=\"https:\/\/www.numerama.com\/vroom\/1811600-comment-sy-retrouver-dans-la-jungle-des-tarifs-des-reseaux-de-recharge.html\" rel=\"nofollow noopener\" target=\"_blank\">borne de recharge rapide<\/a><\/li>\n<li>Dimensions ext\u00e9rieures (longueur x largeur x hauteur) : 4140mm L x 1800 mm l x 1570mm H<\/li>\n<li>Coffre\u202f: 420 L, seuil bas, banquette et si\u00e8ge passager rabattables, volume sup\u00e9rieur \u00e0 la R5<\/li>\n<li>Garde au sol\u202f: r\u00e9hauss\u00e9e, syst\u00e8me Extended Grip pour sols meubles\/neige<\/li>\n<li>Fabrication\u202f: France (Maubeuge)<\/li>\n<li>Bonus \u00e9cologique applicable<\/li>\n<\/ul>\n<p><a href=\"https:\/\/www.numerama.com\/wp-content\/uploads\/2025\/05\/essai-renault4-9.jpg\" rel=\"nofollow noopener\" target=\"_blank\"><img decoding=\"async\" width=\"1024\" height=\"576\" loading=\"lazy\" alt=\"Renault 4 e-tech Plein Sud (d\u00e9couvrable) \u00e0 venir plus tard \/\/ Source : Raphaelle Baut pour Numerama\" title=\"Renault 4 e-tech Plein Sud (d\u00e9couvrable) \u00e0 venir plus tard \/\/ Source : Raphaelle Baut pour Numerama\" class=\"wp-image-1970319 placeholder-default wp-image\" src=\"https:\/\/www.europesays.com\/fr\/wp-content\/uploads\/2025\/05\/essai-renault4-9-1024x576.jpg\" \/><\/a>Renault 4 e-tech Plein Sud (d\u00e9couvrable) \u00e0 venir plus tard \/\/ Source : Raphaelle Baut pour Numerama<\/p>\n<p>Il faudra par contre attendre quelques mois avant de voir appara\u00eetre la version d\u00e9couvrable, nomm\u00e9e Plein Sud, dans le configurateur de la marque. C\u2019est dommage, car c\u2019est vraiment une proposition atypique dans l\u2019univers de la voiture \u00e9lectrique, enfin si cette variante ne fait pas trop grimper la facture.<\/p>\n<p>        Le verdict<\/p>\n<p class=\"title has-text-body is-family-serif is-size-quote p-0\">\n<p>            On a aim\u00e9        <\/p>\n<ul class=\"is-size-subtitle list-styled ml-2 mt-1\">\n<li class=\"pb-1\">Du freinage r\u00e9g\u00e9n\u00e9ratif et one-pedal<\/li>\n<li class=\"pb-1\">Du confort sans d\u00e9naturer le comportement routier<\/li>\n<li class=\"pb-1\">Une bonne optimisation de l\u2019espace<\/li>\n<li class=\"pb-1\">Des consommations plut\u00f4t int\u00e9ressantes<\/li>\n<\/ul>\n<p class=\"title has-text-body is-family-serif is-size-quote p-0\">\n<p>            On a moins aim\u00e9        <\/p>\n<ul class=\"is-size-subtitle list-styled ml-2 mt-1\">\n<li class=\"pb-1\">Positionnement tarifaire<\/li>\n<li class=\"pb-1\">Une cam\u00e9ra de recul de mauvaise qualit\u00e9<\/li>\n<li class=\"pb-1\">Les palettes de r\u00e9g\u00e9n\u00e9ration c\u2019est top, mais \u00e7a charge encore le volant<\/li>\n<\/ul>\n<p>\n            La Renault 4 e-tech coche presque toutes les cases. Confort, espace \u00e0 bord tout en \u00e9tant compacte, technologies bien pens\u00e9es, design marquant et consommations basses : elle r\u00e9ussit \u00e0 se d\u00e9marquer sans trahir son ADN. Plus familiale que la R5, elle assume son r\u00f4le de v\u00e9hicule autant \u00e0 l\u2019aise en ville que dans les champs. Il reste quelques d\u00e9tails \u00e0 peaufiner, notamment c\u00f4t\u00e9 tarif, mais Renault signe ici un tr\u00e8s bel \u00e9quilibre entre nostalgie et modernit\u00e9.&#13;<br \/>\n&#13;<br \/>\nM\u00eame si le design ne donne pas un effet waouh aussi marqu\u00e9 que sur la R5, c\u2019est une vraie r\u00e9ussite \u00e9lectrique \u00e0 la fran\u00e7aise !        <\/p>\n<p><strong>Pour ne manquer aucun de nos essais, vous pouvez vous abonner \u00e0 notre newsletter hebdomadaire Watt Else, d\u00e9di\u00e9e \u00e0 la mobilit\u00e9 \u00e9lectrique : <\/strong><\/p>\n<p class=\"newsletter-headline\">Newsletter <strong style=\"color: #00d195\">Watt Else<\/strong>\n                    <\/p>\n<p class=\"newsletter-title js-newsletter-title\">Vous souhaitez recevoir la newsletter<br \/>\n                        <strong>Watt Else<\/strong> dans votre bo\u00eete mail ?<\/p>\n<p>\n                    Les donn\u00e9es transmises par le biais de ce formulaire sont destin\u00e9es<br \/>\n                    \u00e0 PressTiC Numerama, en sa qualit\u00e9 de responsable de traitement. Ces donn\u00e9es<br \/>\n                    sont trait\u00e9es avec votre consentement aux fins de vous envoyer par e-mail des actualit\u00e9s et<br \/>\n                    informations relatives aux contenus \u00e9ditoriaux publi\u00e9s sur ce site. Vous pouvez vous opposer \u00e0 tout<br \/>\n                    moment \u00e0 ces e-mails en cliquant sur les liens de d\u00e9sinscriptions pr\u00e9sents dans chacun d\u2019eux. Pour<br \/>\n                    plus d\u2019informations, vous pouvez consulter l\u2019int\u00e9gralit\u00e9 de notre <a href=\"https:\/\/www.numerama.com\/politique-donnees-personnelles\" target=\"_blank\" rel=\"nofollow noopener\">politique de traitement de vos<br \/>\n                        donn\u00e9es<br \/>\n                        personnelles<\/a>.\n                <\/p>\n<p>\n                    Vous disposez d\u2019un droit d\u2019acc\u00e8s, de rectification, d\u2019effacement, de limitation, de portabilit\u00e9 et<br \/>\n                    d\u2019opposition pour motif l\u00e9gitime aux donn\u00e9es personnelles vous concernant. Pour exercer l\u2019un de ces<br \/>\n                    droits, merci d\u2019effectuer votre demande via notre <a href=\"http:\/\/www.numerama.com\/contact#rgpd\" target=\"_blank\" rel=\"noopener nofollow\">formulaire de demandes d\u2019exercices de<br \/>\n                        droits<br \/>\n                        d\u00e9di\u00e9<\/a>.\n                <\/p>\n<p>            <img decoding=\"async\" src=\"https:\/\/www.europesays.com\/fr\/wp-content\/uploads\/2025\/04\/iPhone-16-pro.png\" alt=\"Toute l'actu tech en un clien d'oeil\"\/><\/p>\n<p class=\"card-install-pwa__title\">Toute l&rsquo;actu tech en un clin d&rsquo;\u0153il<\/p>\n<p class=\"card-install-pwa__description\">Ajoutez Numerama \u00e0 votre \u00e9cran d&rsquo;accueil et restez connect\u00e9s au futur !<\/p>\n<p>            <img decoding=\"async\" src=\"https:\/\/www.europesays.com\/fr\/wp-content\/uploads\/2025\/04\/logo-card-pwa-coupe.svg.svg+xml\" alt=\"Logo PWA\"\/><\/p>\n<p>       Installer Numerama<\/p>\n","protected":false},"excerpt":{"rendered":"Apr\u00e8s la Renault 5, c\u2019est au tour de la Renault 4 d\u2019\u00eatre test\u00e9e sur la route. Encore une&hellip;\n","protected":false},"author":2,"featured_media":101437,"comment_status":"","ping_status":"","sticky":false,"template":"","format":"standard","meta":{"footnotes":""},"categories":[6],"tags":[35,33,34,1011,27,4454,21720,7258],"class_list":{"0":"post-101436","1":"post","2":"type-post","3":"status-publish","4":"format-standard","5":"has-post-thumbnail","7":"category-economie","8":"tag-business","9":"tag-economie","10":"tag-economy","11":"tag-fr","12":"tag-france","13":"tag-numerama-plus","14":"tag-renault-4-e-tech","15":"tag-tests"},"share_on_mastodon":{"url":"https:\/\/pubeurope.com\/@fr\/114510842286612295","error":""},"_links":{"self":[{"href":"https:\/\/www.europesays.com\/fr\/wp-json\/wp\/v2\/posts\/101436","targetHints":{"allow":["GET"]}}],"collection":[{"href":"https:\/\/www.europesays.com\/fr\/wp-json\/wp\/v2\/posts"}],"about":[{"href":"https:\/\/www.europesays.com\/fr\/wp-json\/wp\/v2\/types\/post"}],"author":[{"embeddable":true,"href":"https:\/\/www.europesays.com\/fr\/wp-json\/wp\/v2\/users\/2"}],"replies":[{"embeddable":true,"href":"https:\/\/www.europesays.com\/fr\/wp-json\/wp\/v2\/comments?post=101436"}],"version-history":[{"count":0,"href":"https:\/\/www.europesays.com\/fr\/wp-json\/wp\/v2\/posts\/101436\/revisions"}],"wp:featuredmedia":[{"embeddable":true,"href":"https:\/\/www.europesays.com\/fr\/wp-json\/wp\/v2\/media\/101437"}],"wp:attachment":[{"href":"https:\/\/www.europesays.com\/fr\/wp-json\/wp\/v2\/media?parent=101436"}],"wp:term":[{"taxonomy":"category","embeddable":true,"href":"https:\/\/www.europesays.com\/fr\/wp-json\/wp\/v2\/categories?post=101436"},{"taxonomy":"post_tag","embeddable":true,"href":"https:\/\/www.europesays.com\/fr\/wp-json\/wp\/v2\/tags?post=101436"}],"curies":[{"name":"wp","href":"https:\/\/api.w.org\/{rel}","templated":true}]}}