{"id":101453,"date":"2025-05-15T08:20:08","date_gmt":"2025-05-15T08:20:08","guid":{"rendered":"https:\/\/www.europesays.com\/fr\/101453\/"},"modified":"2025-05-15T08:20:08","modified_gmt":"2025-05-15T08:20:08","slug":"une-femme-mortellement-percutee-par-un-train-le-trafic-est-interrompu-entre-toulon-et-carnoules","status":"publish","type":"post","link":"https:\/\/www.europesays.com\/fr\/101453\/","title":{"rendered":"une femme mortellement percut\u00e9e par un train, le trafic est interrompu entre Toulon et Carnoules"},"content":{"rendered":"<p>            Par<br \/>\n        <strong><br \/>\n            <a href=\"https:\/\/actu.fr\/auteur\/valentine-exantus-actu-fr\" title=\"Consulter tous les articles de Valentine Exantus\" rel=\"nofollow noopener\" target=\"_blank\">Valentine Exantus<\/a><br \/>\n        <\/strong><\/p>\n<p>        Publi\u00e9 le<\/p>\n<p>            15 mai 2025 \u00e0 10h03        <\/p>\n<p><strong>Ce jeudi 15\u00a0mai, dans la matin\u00e9e<\/strong>, peu apr\u00e8s 8\u2009h, un grave accident s\u2019est produit \u00e0 <a href=\"https:\/\/actu.fr\/provence-alpes-cote-d-azur\/puget-ville_83100\" rel=\"nofollow noopener\" target=\"_blank\">Puget-Ville<\/a> (<a href=\"https:\/\/actu.fr\/provence-alpes-cote-d-azur\/var_83\" rel=\"nofollow noopener\" target=\"_blank\">Var<\/a>). Selon les informations de <a href=\"https:\/\/www.bfmtv.com\/var\/var-une-personne-heurtee-par-un-train-le-trafic-des-ter-interrompu-entre-puget-ville-et-cuers-pierrefeu_AN-202505150183.html\" rel=\"nofollow noopener\" target=\"_blank\">BFM TV Var<\/a>, une <strong>personne a \u00e9t\u00e9 heurt\u00e9e par un train<\/strong>. Imm\u00e9diatement, le trafic des <strong>trains a \u00e9t\u00e9 interrompu<\/strong>, dans un premier temps entre Puget-Ville et Cuers-Pierrefeu, puis <strong>entre Toulon et Carnoules<\/strong> dans les deux sens.<\/p>\n<p>Impact sur le trafic ferroviaire<\/p>\n<p class=\" wall-content\">\u00c0 la suite \u00e0 cet \u00e9v\u00e9nement, une personne est malheureusement d\u00e9c\u00e9d\u00e9e.<\/p>\n<p class=\" wall-content\">La SNCF a averti qu\u2019il fallait pr\u00e9voir des retards et des suppressions de trains. L\u2019heure de reprise de la circulation a \u00e9t\u00e9 estim\u00e9e \u00e0 11\u2009h. La situation a n\u00e9cessit\u00e9 une gestion d\u2019urgence par les \u00e9quipes de la SNCF.<\/p>\n<p class=\" wall-content\">\n<p>Une enqu\u00eate en cours<\/p>\n<p class=\" wall-content\">Les circonstances exactes de l\u2019accident ne sont pas encore connues. Pour l\u2019heure, les premiers \u00e9l\u00e9ments rapport\u00e9s par les pompiers indiquent que la personne percut\u00e9e \u00e9tait une femme \u00e2g\u00e9e d\u2019une quarantaine d\u2019ann\u00e9es.<\/p>\n<p class=\" wall-content\">Le train transportait 86 passagers et aucun n\u2019a \u00e9t\u00e9 bless\u00e9 lors de l\u2019accident.<\/p>\n<p>Vid\u00e9os : en ce moment sur Actu<\/p>\n<p class=\" wall-content\">Suivez toute l\u2019actualit\u00e9 de vos villes et m\u00e9dias favoris en vous inscrivant \u00e0 <a href=\"https:\/\/moncompte.actu.fr\" title=\"D\u00e9couvez Mon Actu\" rel=\"nofollow noopener\" data-trk=\"{&quot;cta&quot;:{&quot;action&quot;:&quot;https:\\\/\\\/moncompte.actu.fr&quot;,&quot;category&quot;:&quot;mon compte&quot;,&quot;from&quot;:&quot;article footer&quot;,&quot;name&quot;:&quot;Mon actu&quot;,&quot;type&quot;:&quot;cta&quot;}}\" target=\"_blank\">Mon Actu<\/a>.<\/p>\n","protected":false},"excerpt":{"rendered":"Par Valentine Exantus Publi\u00e9 le 15 mai 2025 \u00e0 10h03 Ce jeudi 15\u00a0mai, dans la matin\u00e9e, peu apr\u00e8s&hellip;\n","protected":false},"author":2,"featured_media":101454,"comment_status":"","ping_status":"","sticky":false,"template":"","format":"standard","meta":{"footnotes":""},"categories":[9619],"tags":[119,7757,1111,11,1777,674,118,1011,27,12,882,25,2310,2803],"class_list":{"0":"post-101453","1":"post","2":"type-post","3":"status-publish","4":"format-standard","5":"has-post-thumbnail","7":"category-toulon","8":"tag-accident","9":"tag-accident-grave-de-voyageur","10":"tag-actu","11":"tag-actualites","12":"tag-eu","13":"tag-europe","14":"tag-faits-divers","15":"tag-fr","16":"tag-france","17":"tag-news","18":"tag-provence-alpes-cote-dazur","19":"tag-republique-francaise","20":"tag-toulon","21":"tag-transport"},"share_on_mastodon":{"url":"https:\/\/pubeurope.com\/@fr\/114510877389880085","error":""},"_links":{"self":[{"href":"https:\/\/www.europesays.com\/fr\/wp-json\/wp\/v2\/posts\/101453","targetHints":{"allow":["GET"]}}],"collection":[{"href":"https:\/\/www.europesays.com\/fr\/wp-json\/wp\/v2\/posts"}],"about":[{"href":"https:\/\/www.europesays.com\/fr\/wp-json\/wp\/v2\/types\/post"}],"author":[{"embeddable":true,"href":"https:\/\/www.europesays.com\/fr\/wp-json\/wp\/v2\/users\/2"}],"replies":[{"embeddable":true,"href":"https:\/\/www.europesays.com\/fr\/wp-json\/wp\/v2\/comments?post=101453"}],"version-history":[{"count":0,"href":"https:\/\/www.europesays.com\/fr\/wp-json\/wp\/v2\/posts\/101453\/revisions"}],"wp:featuredmedia":[{"embeddable":true,"href":"https:\/\/www.europesays.com\/fr\/wp-json\/wp\/v2\/media\/101454"}],"wp:attachment":[{"href":"https:\/\/www.europesays.com\/fr\/wp-json\/wp\/v2\/media?parent=101453"}],"wp:term":[{"taxonomy":"category","embeddable":true,"href":"https:\/\/www.europesays.com\/fr\/wp-json\/wp\/v2\/categories?post=101453"},{"taxonomy":"post_tag","embeddable":true,"href":"https:\/\/www.europesays.com\/fr\/wp-json\/wp\/v2\/tags?post=101453"}],"curies":[{"name":"wp","href":"https:\/\/api.w.org\/{rel}","templated":true}]}}