{"id":101467,"date":"2025-05-15T08:29:10","date_gmt":"2025-05-15T08:29:10","guid":{"rendered":"https:\/\/www.europesays.com\/fr\/101467\/"},"modified":"2025-05-15T08:29:10","modified_gmt":"2025-05-15T08:29:10","slug":"ballet-et-art-lyrique-la-saison-25-26-de-lopera-national-du-rhin-est-lancee","status":"publish","type":"post","link":"https:\/\/www.europesays.com\/fr\/101467\/","title":{"rendered":"Ballet et art lyrique. La saison 25\/26 de l\u2019Op\u00e9ra national du Rhin est lanc\u00e9e"},"content":{"rendered":"<p>En attendant d\u2019\u00eatre mieux assis \u00e0 Strasbourg (pas avant fin 2033 d\u2019apr\u00e8s le calendrier pr\u00e9visionnel de la r\u00e9novation annonc\u00e9e du th\u00e9\u00e2tre de la place Broglie, <a href=\"https:\/\/www.dna.fr\/culture-loisirs\/2025\/05\/14\/retour-sur-la-disparition-annoncee-de-la-salle-a-l-italienne-de-l-opera-national-du-rhin\" target=\"_blank\" rel=\"nofollow noopener\">dans lequel les jours de la salle \u00e0 l\u2019italienne sont compt\u00e9s<\/a> ) et avec toujours de tr\u00e8s bonnes conditions \u00e0 Mulhouse ou \u00e0 Colmar, le public de l\u2019Op\u00e9ra national du Rhin peut se r\u00e9jouir de la saison \u00e0 venir.<\/p>\n<p>La pr\u00e9sentation de la programmation \u00e0 venir est l\u2019occasion de faire un premier bilan de celle qui s\u2019ach\u00e8ve\u00a0: le taux de remplissage, \u00e0 ce stade, est de 92\u00a0%, un bon chiffre qui parle de lui-m\u00eame. Pour ce qui est du bilan financier, l\u2019OnR termine avec un d\u00e9ficit contenu de 400\u00a0000\u00a0euros (pour un budget de fonctionnement en l\u00e9g\u00e8re hausse de 24,8\u00a0millions d\u2019euros). Un point de satisfaction: la part de recettes propres, 5,2\u00a0millions d\u2019euros, est en franche augmentation. Enfin \u2013 sa contribution n\u2019est pas la plus importante \u2013 la CEA a annonc\u00e9 qu\u2019elle retirait sa subvention \u00e0 l\u2019OnR. Elle va en revanche participer au financement des travaux.<\/p>\n<p>Alain Perroux, directeur g\u00e9n\u00e9ral en partance pour le Grand Th\u00e9\u00e2tre de Gen\u00e8ve, signe sa derni\u00e8re saison strasbourgeoise.<\/p>\n<p>On y trouve parmi les nouvelles productions, Otello de Verdi, avec \u00e0 la direction musicale l\u2019Italienne Speranza Scappucci, une nouvelle cr\u00e9ation d\u2019une \u0153uvre de Korngold, Le Miracle d\u2019H\u00e9liane, \u00a0ou encore le retour d\u2019<a href=\"https:\/\/www.dna.fr\/p\/olivier-py\" target=\"_blank\" rel=\"nofollow noopener\">Olivier Py<\/a> avec Le Roi d\u2019Ys d\u2019\u00c9douard Lalo, Les Noces de Figaro  de Mozart, dirig\u00e9 par Corinna Niemeyer, mis en sc\u00e8ne par Mathilda du Tillieul McNicol, ou encore, pour conclure (en folie) une com\u00e9die musicale, Follies , de Stephen Sondheim et James Goldman, avec la <a href=\"https:\/\/www.dna.fr\/p\/soprano\" target=\"_blank\" rel=\"nofollow noopener\">soprano<\/a> Natalie Dessay qui faisait \u00e9tape \u00e0 Strasbourg le 24\u00a0avril dernier pour sa tourn\u00e9e d\u2019adieu.<\/p>\n<p class=\"note\">Retrouvez notre s\u00e9lection sur www.dna.fr. Ouverture des abonnements le 15\u00a0mai, billetterie \u00e0 l\u2019unit\u00e9 le 2 septembre \u00a0: operanationaldurhin.eu<\/p>\n","protected":false},"excerpt":{"rendered":"En attendant d\u2019\u00eatre mieux assis \u00e0 Strasbourg (pas avant fin 2033 d\u2019apr\u00e8s le calendrier pr\u00e9visionnel de la r\u00e9novation&hellip;\n","protected":false},"author":2,"featured_media":101468,"comment_status":"","ping_status":"","sticky":false,"template":"","format":"standard","meta":{"footnotes":""},"categories":[2820],"tags":[1111,11,2389,1687,1777,674,107,1011,27,2798,775,873,12,25,640],"class_list":{"0":"post-101467","1":"post","2":"type-post","3":"status-publish","4":"format-standard","5":"has-post-thumbnail","7":"category-strasbourg","8":"tag-actu","9":"tag-actualites","10":"tag-alsace","11":"tag-culture-loisirs","12":"tag-eu","13":"tag-europe","14":"tag-fil-info","15":"tag-fr","16":"tag-france","17":"tag-galerie-photo","18":"tag-grand-est","19":"tag-musique","20":"tag-news","21":"tag-republique-francaise","22":"tag-strasbourg"},"share_on_mastodon":{"url":"https:\/\/pubeurope.com\/@fr\/114510912749668299","error":""},"_links":{"self":[{"href":"https:\/\/www.europesays.com\/fr\/wp-json\/wp\/v2\/posts\/101467","targetHints":{"allow":["GET"]}}],"collection":[{"href":"https:\/\/www.europesays.com\/fr\/wp-json\/wp\/v2\/posts"}],"about":[{"href":"https:\/\/www.europesays.com\/fr\/wp-json\/wp\/v2\/types\/post"}],"author":[{"embeddable":true,"href":"https:\/\/www.europesays.com\/fr\/wp-json\/wp\/v2\/users\/2"}],"replies":[{"embeddable":true,"href":"https:\/\/www.europesays.com\/fr\/wp-json\/wp\/v2\/comments?post=101467"}],"version-history":[{"count":0,"href":"https:\/\/www.europesays.com\/fr\/wp-json\/wp\/v2\/posts\/101467\/revisions"}],"wp:featuredmedia":[{"embeddable":true,"href":"https:\/\/www.europesays.com\/fr\/wp-json\/wp\/v2\/media\/101468"}],"wp:attachment":[{"href":"https:\/\/www.europesays.com\/fr\/wp-json\/wp\/v2\/media?parent=101467"}],"wp:term":[{"taxonomy":"category","embeddable":true,"href":"https:\/\/www.europesays.com\/fr\/wp-json\/wp\/v2\/categories?post=101467"},{"taxonomy":"post_tag","embeddable":true,"href":"https:\/\/www.europesays.com\/fr\/wp-json\/wp\/v2\/tags?post=101467"}],"curies":[{"name":"wp","href":"https:\/\/api.w.org\/{rel}","templated":true}]}}