{"id":101471,"date":"2025-05-15T08:31:08","date_gmt":"2025-05-15T08:31:08","guid":{"rendered":"https:\/\/www.europesays.com\/fr\/101471\/"},"modified":"2025-05-15T08:31:08","modified_gmt":"2025-05-15T08:31:08","slug":"une-personne-mortellement-percutee-par-un-train-dans-le-var-la-ligne-marseille-nice-tres-perturbee","status":"publish","type":"post","link":"https:\/\/www.europesays.com\/fr\/101471\/","title":{"rendered":"une personne mortellement percut\u00e9e par un train dans le Var, la ligne Marseille-Nice tr\u00e8s perturb\u00e9e"},"content":{"rendered":"<p>Ce jeudi matin vers 07h40, une personne a \u00e9t\u00e9 percut\u00e9e par un train \u00e0 hauteur de Puget-Ville dans le Var, rapporte le site de <a href=\"https:\/\/www.bfmtv.com\/var\/var-une-personne-heurtee-par-un-train-le-trafic-des-ter-interrompu-entre-puget-ville-et-cuers-pierrefeu_AN-202505150183.html\" target=\"_blank\" rel=\"nofollow noopener\">BFMTV Marseille<\/a>. La victime, \u00e2g\u00e9e d&rsquo;une quarantaine d&rsquo;ann\u00e9es, est d\u00e9c\u00e9d\u00e9e selon la m\u00eame source. Le trafic de tous les trains est coup\u00e9 dans les deux sens entre La Pauline et Carnoules.<\/p>\n<p>Ce drame provoque des perturbations importantes sur l&rsquo;axe Marseille-Nice. Plusieurs trains ont \u00e9t\u00e9 supprim\u00e9s et d&rsquo;autres connaissent des retards importants pouvant aller jusqu&rsquo;\u00e0 2 heures. Comme le TER 17470 devant relier la cit\u00e9 des Aiglons \u00e0 la cit\u00e9 phoc\u00e9enne.<\/p>\n<p>La SNCF cherche des solutions pour acheminer les voyageurs, au plus t\u00f4t, vers leur lieu de destination. Le trafic devrait, selon l&rsquo;entreprise publique, reprendre aux alentours de 11 heures.<\/p>\n<p>Il est utile avant de vous rendre en gare de consulter <a href=\"https:\/\/www.sncf-connect.com\/\" target=\"_blank\" rel=\"nofollow noopener\">les sites de la SNCF<\/a> afin de conna\u00eetre le temps de retard de votre rame.<\/p>\n","protected":false},"excerpt":{"rendered":"Ce jeudi matin vers 07h40, une personne a \u00e9t\u00e9 percut\u00e9e par un train \u00e0 hauteur de Puget-Ville dans&hellip;\n","protected":false},"author":2,"featured_media":101472,"comment_status":"","ping_status":"","sticky":false,"template":"","format":"standard","meta":{"footnotes":""},"categories":[2819],"tags":[17,1111,11,150,1777,674,1011,27,3052,21723,18,12,2401,7847,882,16,25,2215,933],"class_list":{"0":"post-101471","1":"post","2":"type-post","3":"status-publish","4":"format-standard","5":"has-post-thumbnail","7":"category-nice","8":"tag-17","9":"tag-actu","10":"tag-actualites","11":"tag-apres","12":"tag-eu","13":"tag-europe","14":"tag-fr","15":"tag-france","16":"tag-ligne","17":"tag-marseille-nice","18":"tag-mort","19":"tag-news","20":"tag-nice","21":"tag-perturbee","22":"tag-provence-alpes-cote-dazur","23":"tag-region","24":"tag-republique-francaise","25":"tag-sncf","26":"tag-tres"},"share_on_mastodon":{"url":"https:\/\/pubeurope.com\/@fr\/114510920614651716","error":""},"_links":{"self":[{"href":"https:\/\/www.europesays.com\/fr\/wp-json\/wp\/v2\/posts\/101471","targetHints":{"allow":["GET"]}}],"collection":[{"href":"https:\/\/www.europesays.com\/fr\/wp-json\/wp\/v2\/posts"}],"about":[{"href":"https:\/\/www.europesays.com\/fr\/wp-json\/wp\/v2\/types\/post"}],"author":[{"embeddable":true,"href":"https:\/\/www.europesays.com\/fr\/wp-json\/wp\/v2\/users\/2"}],"replies":[{"embeddable":true,"href":"https:\/\/www.europesays.com\/fr\/wp-json\/wp\/v2\/comments?post=101471"}],"version-history":[{"count":0,"href":"https:\/\/www.europesays.com\/fr\/wp-json\/wp\/v2\/posts\/101471\/revisions"}],"wp:featuredmedia":[{"embeddable":true,"href":"https:\/\/www.europesays.com\/fr\/wp-json\/wp\/v2\/media\/101472"}],"wp:attachment":[{"href":"https:\/\/www.europesays.com\/fr\/wp-json\/wp\/v2\/media?parent=101471"}],"wp:term":[{"taxonomy":"category","embeddable":true,"href":"https:\/\/www.europesays.com\/fr\/wp-json\/wp\/v2\/categories?post=101471"},{"taxonomy":"post_tag","embeddable":true,"href":"https:\/\/www.europesays.com\/fr\/wp-json\/wp\/v2\/tags?post=101471"}],"curies":[{"name":"wp","href":"https:\/\/api.w.org\/{rel}","templated":true}]}}