{"id":101473,"date":"2025-05-15T08:32:09","date_gmt":"2025-05-15T08:32:09","guid":{"rendered":"https:\/\/www.europesays.com\/fr\/101473\/"},"modified":"2025-05-15T08:32:09","modified_gmt":"2025-05-15T08:32:09","slug":"un-grand-spectacle-avec-2025-drones-a-voir-a-nice-le-6-juin","status":"publish","type":"post","link":"https:\/\/www.europesays.com\/fr\/101473\/","title":{"rendered":"Un grand spectacle avec 2025 drones \u00e0 voir \u00e0 Nice le 6 juin"},"content":{"rendered":"<p>Notez la date: le 6 juin 2025s\u2019annonce \u00eatre une soir\u00e9e anim\u00e9e du c\u00f4t\u00e9 du quai des Etats-Unis. Le maire de Nice, Christian Estrosi, en dit un peu plus sur ce qui nous attend: \u00abApr\u00e8s le succ\u00e8s du spectacle de drones cr\u00e9\u00e9 pour la grande arriv\u00e9e du Tour de France l\u2019\u00e9t\u00e9 dernier, j\u2019ai souhait\u00e9 offrir aux Ni\u00e7oises et aux Ni\u00e7ois un moment exceptionnel en pr\u00e9ambule \u00e0 la 3e conf\u00e9rence des Nations Unies sur l\u2019Oc\u00e9an que la Ville de Nice aura l\u2019honneur d\u2019accueillir [du 9 au 13 juin]. Le vendredi 6 juin, alliant technologie de pointe et cr\u00e9ativit\u00e9 artistique, 2025 drones s\u2019\u00e9l\u00e8veront dans le ciel de la promenade des Anglais pour un ballet lumineux in\u00e9dit. Un record encore jamais atteint en Europe, possible gr\u00e2ce \u00e0 notre partenaire Dronisos. <\/p>\n<p>Ce spectacle prodigieux sera pr\u00e9c\u00e9d\u00e9 d\u2019un concert exceptionnel avec la pr\u00e9sence de deux DJ de grande envergure qui viendra \u00e9merveiller et marquer les esprits et donnera le ton aux rencontres qui se d\u00e9rouleront les jours suivants. Ambition, audace et progr\u00e8s. Rendez-vous le 6 juin au soir pour un spectacle exceptionnel et accueillir les chefs d\u2019Etat, maires, scientifiques du monde entier.\u00bb Pour ne pas louper le ballet a\u00e9rien, il faudra se tenir pr\u00eat pour 22h45 pr\u00e9cises.<\/p>\n","protected":false},"excerpt":{"rendered":"Notez la date: le 6 juin 2025s\u2019annonce \u00eatre une soir\u00e9e anim\u00e9e du c\u00f4t\u00e9 du quai des Etats-Unis. Le&hellip;\n","protected":false},"author":2,"featured_media":101474,"comment_status":"","ping_status":"","sticky":false,"template":"","format":"standard","meta":{"footnotes":""},"categories":[2819],"tags":[1111,11,251,1777,674,1011,27,1393,12,2401,882,25,3366],"class_list":{"0":"post-101473","1":"post","2":"type-post","3":"status-publish","4":"format-standard","5":"has-post-thumbnail","7":"category-nice","8":"tag-actu","9":"tag-actualites","10":"tag-culture","11":"tag-eu","12":"tag-europe","13":"tag-fr","14":"tag-france","15":"tag-loisirs","16":"tag-news","17":"tag-nice","18":"tag-provence-alpes-cote-dazur","19":"tag-republique-francaise","20":"tag-vie-locale"},"share_on_mastodon":{"url":"https:\/\/pubeurope.com\/@fr\/114510924538211346","error":""},"_links":{"self":[{"href":"https:\/\/www.europesays.com\/fr\/wp-json\/wp\/v2\/posts\/101473","targetHints":{"allow":["GET"]}}],"collection":[{"href":"https:\/\/www.europesays.com\/fr\/wp-json\/wp\/v2\/posts"}],"about":[{"href":"https:\/\/www.europesays.com\/fr\/wp-json\/wp\/v2\/types\/post"}],"author":[{"embeddable":true,"href":"https:\/\/www.europesays.com\/fr\/wp-json\/wp\/v2\/users\/2"}],"replies":[{"embeddable":true,"href":"https:\/\/www.europesays.com\/fr\/wp-json\/wp\/v2\/comments?post=101473"}],"version-history":[{"count":0,"href":"https:\/\/www.europesays.com\/fr\/wp-json\/wp\/v2\/posts\/101473\/revisions"}],"wp:featuredmedia":[{"embeddable":true,"href":"https:\/\/www.europesays.com\/fr\/wp-json\/wp\/v2\/media\/101474"}],"wp:attachment":[{"href":"https:\/\/www.europesays.com\/fr\/wp-json\/wp\/v2\/media?parent=101473"}],"wp:term":[{"taxonomy":"category","embeddable":true,"href":"https:\/\/www.europesays.com\/fr\/wp-json\/wp\/v2\/categories?post=101473"},{"taxonomy":"post_tag","embeddable":true,"href":"https:\/\/www.europesays.com\/fr\/wp-json\/wp\/v2\/tags?post=101473"}],"curies":[{"name":"wp","href":"https:\/\/api.w.org\/{rel}","templated":true}]}}