{"id":101489,"date":"2025-05-15T08:40:16","date_gmt":"2025-05-15T08:40:16","guid":{"rendered":"https:\/\/www.europesays.com\/fr\/101489\/"},"modified":"2025-05-15T08:40:16","modified_gmt":"2025-05-15T08:40:16","slug":"lille-pourquoi-un-immense-ecran-est-il-installe-sur-la-place-de-lopera","status":"publish","type":"post","link":"https:\/\/www.europesays.com\/fr\/101489\/","title":{"rendered":"Lille. Pourquoi un immense \u00e9cran est-il install\u00e9 sur la place de l\u2019op\u00e9ra\u00a0?"},"content":{"rendered":"<p>            Par<br \/>\n        <strong><br \/>\n            <a href=\"https:\/\/actu.fr\/auteur\/redaction-lille\" title=\"Consulter tous les articles de R\u00e9daction Lille\" target=\"_blank\" rel=\"noopener\">R\u00e9daction Lille<\/a><br \/>\n        <\/strong><\/p>\n<p>        Publi\u00e9 le<\/p>\n<p>            15 mai 2025 \u00e0 10h06<br \/>\n        ; mis \u00e0 jour le 15 mai 2025 \u00e0 10h09    <\/p>\n<p>C\u2019est \u00e0 chaque \u00e9dition un \u00e9v\u00e9nement. Depuis plusieurs saisons, l\u2019<b>Op\u00e9ra de <a href=\"https:\/\/actu.fr\/hauts-de-france\/lille_59350\" target=\"_blank\" rel=\"noopener\">Lille<\/a><\/b> (Nord) propose une <b>projection en plein air, gratuite<\/b>, sur la place face au b\u00e2timent et dans d\u2019autres villes de la r\u00e9gion*. Ce <b>jeudi 15\u00a0mai 2025<\/b>, l\u2019<b>op\u00e9ra Faust, de Gounod<\/b>, l\u2019un des op\u00e9ras fran\u00e7ais les plus connus au monde, va \u00eatre projet\u00e9 sur<b> l\u2019immense \u00e9cran install\u00e9 sur la place du Th\u00e9\u00e2tre.<\/b> Le<b> spectacle <\/b>est en ce moment jou\u00e9 \u00e0 l\u2019Op\u00e9ra de Lille<b>\u2009<\/b>: en tout huit repr\u00e9sentations, jusqu\u2019au 22\u00a0mai.<\/p>\n<p>Une \u0153uvre embl\u00e9matique pour l\u2019Op\u00e9ra de Lille<\/p>\n<p class=\" wall-content\">Faust, l\u2019op\u00e9ra fran\u00e7ais le plus connu au monde avec \u00ab\u2009Carmen\u2009\u00bb de Bizet, est donc en ce moment \u00e0 l\u2019affiche \u00e0 Lille, dans une\u00a0mise en sc\u00e8ne qui devrait marquer les esprits. Le passage de cette pi\u00e8ce, op\u00e9ra tr\u00e8s populaire, est un moment marquant de la saison\u2009; la derni\u00e8re de Caroline Sonrier \u00e0 la t\u00eate de l\u2019Op\u00e9ra de Lille. La cr\u00e9ation de Gounod a un lien particulier avec l\u2019Op\u00e9ra de Lille. Elle y \u00e9tait jou\u00e9e tous les ans et a inaugur\u00e9 deux fois sa r\u00e9ouverture, apr\u00e8s les deux Guerres mondiales. C\u2019est dire si l\u2019\u0153uvre fait partie de l\u2019histoire de la maison\u2009!<\/p>\n<p class=\" wall-content\">Pour ce Faust\u00a0version 2025, Caroline Sonrier a fait appel \u00e0 Louis Langr\u00e9e, directeur de l\u2019Op\u00e9ra-Comique, pour la direction musicale et \u00e0 Denis Podalyd\u00e8s, dont on a vu son Falstaff \u00e0 Lille en 2023, pour la mise en sc\u00e8ne.<\/p>\n<p>La version originale reprise et mise au go\u00fbt du jour<\/p>\n<p class=\" wall-content\">C\u2019est un Faust exceptionnel et presque \u00ab\u2009historique\u2009\u00bb dans sa version op\u00e9ra-comique, alternant dialogues parl\u00e9s et airs chant\u00e9s, que nous allons d\u00e9couvrir sur la sc\u00e8ne de l\u2019Op\u00e9ra de Lille. La diabolique et dramatique histoire d\u2019amour entre le vieux docteur Faust qui, pour retrouver sa jeunesse signera un pacte avec le diable \u00e0 qui il vendra son \u00e2me, et la jeune Marguerite, est sublim\u00e9e par la musique si th\u00e9\u00e2trale de Gounod.<\/p>\n<p>      <img   decoding=\"async\" loading=\"lazy\" class=\"size-large\" src=\"https:\/\/www.europesays.com\/fr\/wp-content\/uploads\/2025\/05\/507623babf086447623babf0828762v-960x640.jpeg\" alt=\"faust\" width=\"960\" height=\"640\"\/><br \/>\n    \u00ab\u2009Faust\u2009\u00bb de Gounod est jou\u00e9 \u00e0 l\u2019Op\u00e9ra de Lille (Nord) du 5 au 22\u00a0mai. Le soir du jeudi 15\u00a0mai 2025, il sera retransmis en direct sur des \u00e9crans g\u00e9ants dans plusieurs villes de la r\u00e9gion. \u00a9Simon GosselinVid\u00e9os : en ce moment sur Actu<\/p>\n<p class=\" wall-content\">On croyait conna\u00eetre parfaitement l\u2019\u0153uvre, mais le travail musicologique effectu\u00e9 sur Faust par le Palazetto Bru Zane a chang\u00e9 la donne et inspir\u00e9 notre production lilloise. Louis Langr\u00e9e est heureux de retrouver l\u2019Orchestre National de Lille, qu\u2019il avait dirig\u00e9 il y a 35\u00a0ans, et de travailler avec Denis Podalyd\u00e8s, un metteur en sc\u00e8ne tr\u00e8s sensible \u00e0 l\u2019\u00e9coute de la musique et de la d\u00e9clamation lyrique. C\u2019est la premi\u00e8re fois dans sa longue carri\u00e8re que Louis Langr\u00e9e dirige Faust.<\/p>\n<p class=\" wall-content\">Sachant qu\u2019une \u0153uvre, comme le souligne Paul Val\u00e9ry \u00ab\u2009n\u2019est jamais achev\u00e9e mais abandonn\u00e9e\u2009\u00bb, il a travaill\u00e9 \u00e0 partir de la version originale de 1859 \u00e0 une version coh\u00e9rente. Il pr\u00e9sentera en premi\u00e8re mondiale l\u2019air de M\u00e9phisto ainsi que certains airs qui n\u2019ont pas \u00e9t\u00e9 redonn\u00e9s depuis 1860. Il s\u2019agit, nous dit Louis Langr\u00e9e, de \u00ab\u2009ne pas perdre l\u2019\u00e2ge d\u2019or de la musicalit\u00e9 de la langue qui vient \u00e9pouser la th\u00e9\u00e2tralit\u00e9 de la musique\u2009\u00bb.<\/p>\n<p>Mal et c\u0153ur pur sont li\u00e9s<\/p>\n<p class=\" wall-content\">Voici comment le metteur en sc\u00e8ne Denis Podalyd\u00e8s r\u00e9sume trivialement l\u2019histoire inspir\u00e9e de Goethe, grand ma\u00eetre du romantisme allemand\u2009: \u00ab\u2009Un vieil homme triste et argent\u00e9 veut go\u00fbter une derni\u00e8re fois les plaisirs\u2009; il s\u2019amourache d\u2019une jeune fille pauvre\u2009; elle y croit, se donne et tombe enceinte. Il la quitte. Elle tue l\u2019enfant et se trouve condamn\u00e9e \u00e0 mort. [\u2026] Toujours revient la contradiction de Faust\u2009: aller au mal avec un c\u0153ur pur, \u00eatre pur en d\u00e9sirant le mal\u2009\u00bb. Gounod, tr\u00e8s chr\u00e9tien dans une France puritaine, insiste sur le r\u00f4le du diable, M\u00e9phistoph\u00e9l\u00e8s. Les d\u00e9cors sign\u00e9s \u00c9ric Ruf sont minimalistes et les costumes de Christian Lacroix s\u2019inspirent de la peinture du XIXe\u00a0si\u00e8cle. Ce Faust \u00e0 n\u2019en pas douter devrait cr\u00e9er la surprise.<\/p>\n<p class=\" wall-content\"><b>AV, avec Jean-Michel Stievenard<\/b><\/p>\n<p class=\" wall-content\">*Ce jeudi 15\u00a0mai \u00e0 20\u2009h\u2009: Faust, jou\u00e9 \u00e0 l\u2019Op\u00e9ra de Lille, sera retransmis en direct sur grand \u00e9cran \u00e0 Amiens, Estaires, Fourmies, Haubourdin, Jeumont, Le Quesnoy, Lens, Lille, Lomme, Morbecque, Roubaix, Saint-Omer, Thumeries, Wallers-Arenberg, ainsi que sur la cha\u00eene locale W\u00e9o.<\/p>\n<p>Du 5 au 22\u00a0mai 2025, de 5\u00a0\u20ac \u00e0 75\u00a0\u20ac. Infos\u2009: <a href=\"https:\/\/www.opera-lille.fr\/\" target=\"_blank\" rel=\"noopener\">opera-lille.fr<\/a>.<\/p>\n<p class=\" wall-content\">Suivez toute l\u2019actualit\u00e9 de vos villes et m\u00e9dias favoris en vous inscrivant \u00e0 <a href=\"https:\/\/moncompte.actu.fr\" title=\"D\u00e9couvez Mon Actu\" rel=\"nofollow noopener\" data-trk=\"{&quot;cta&quot;:{&quot;action&quot;:&quot;https:\\\/\\\/moncompte.actu.fr&quot;,&quot;category&quot;:&quot;mon compte&quot;,&quot;from&quot;:&quot;article footer&quot;,&quot;name&quot;:&quot;Mon actu&quot;,&quot;type&quot;:&quot;cta&quot;}}\" target=\"_blank\">Mon Actu<\/a>.<\/p>\n<ul class=\"ac-article-tag wall-content\">\n<li><a href=\"https:\/\/actu.fr\/tag\/bon-plan-a-lille\" data-trk=\"{&quot;cta&quot;:{&quot;action&quot;:&quot;Bon plan \\u00e0 Lille&quot;,&quot;category&quot;:&quot;tag&quot;,&quot;from&quot;:&quot;article footer&quot;,&quot;name&quot;:&quot;Bon plan \\u00e0 Lille&quot;,&quot;type&quot;:&quot;cta&quot;}}\" target=\"_blank\" rel=\"noopener\">#Bon plan \u00e0 Lille<\/a><\/li>\n<li><a href=\"https:\/\/actu.fr\/tag\/spectacles\" data-trk=\"{&quot;cta&quot;:{&quot;action&quot;:&quot;Spectacles&quot;,&quot;category&quot;:&quot;tag&quot;,&quot;from&quot;:&quot;article footer&quot;,&quot;name&quot;:&quot;Spectacles&quot;,&quot;type&quot;:&quot;cta&quot;}}\" target=\"_blank\" rel=\"noopener\">#Spectacles<\/a><\/li>\n<\/ul>\n","protected":false},"excerpt":{"rendered":"Par R\u00e9daction Lille Publi\u00e9 le 15 mai 2025 \u00e0 10h06 ; mis \u00e0 jour le 15 mai 2025&hellip;\n","protected":false},"author":2,"featured_media":101490,"comment_status":"","ping_status":"","sticky":false,"template":"","format":"standard","meta":{"footnotes":""},"categories":[2815],"tags":[1111,11,6557,1777,674,1011,27,811,1307,1652,12,25,853],"class_list":{"0":"post-101489","1":"post","2":"type-post","3":"status-publish","4":"format-standard","5":"has-post-thumbnail","7":"category-lille","8":"tag-actu","9":"tag-actualites","10":"tag-bon-plan-a-lille","11":"tag-eu","12":"tag-europe","13":"tag-fr","14":"tag-france","15":"tag-hauts-de-france","16":"tag-lille","17":"tag-loisirs-culture","18":"tag-news","19":"tag-republique-francaise","20":"tag-spectacles"},"share_on_mastodon":{"url":"https:\/\/pubeurope.com\/@fr\/114510956029863413","error":""},"_links":{"self":[{"href":"https:\/\/www.europesays.com\/fr\/wp-json\/wp\/v2\/posts\/101489","targetHints":{"allow":["GET"]}}],"collection":[{"href":"https:\/\/www.europesays.com\/fr\/wp-json\/wp\/v2\/posts"}],"about":[{"href":"https:\/\/www.europesays.com\/fr\/wp-json\/wp\/v2\/types\/post"}],"author":[{"embeddable":true,"href":"https:\/\/www.europesays.com\/fr\/wp-json\/wp\/v2\/users\/2"}],"replies":[{"embeddable":true,"href":"https:\/\/www.europesays.com\/fr\/wp-json\/wp\/v2\/comments?post=101489"}],"version-history":[{"count":0,"href":"https:\/\/www.europesays.com\/fr\/wp-json\/wp\/v2\/posts\/101489\/revisions"}],"wp:featuredmedia":[{"embeddable":true,"href":"https:\/\/www.europesays.com\/fr\/wp-json\/wp\/v2\/media\/101490"}],"wp:attachment":[{"href":"https:\/\/www.europesays.com\/fr\/wp-json\/wp\/v2\/media?parent=101489"}],"wp:term":[{"taxonomy":"category","embeddable":true,"href":"https:\/\/www.europesays.com\/fr\/wp-json\/wp\/v2\/categories?post=101489"},{"taxonomy":"post_tag","embeddable":true,"href":"https:\/\/www.europesays.com\/fr\/wp-json\/wp\/v2\/tags?post=101489"}],"curies":[{"name":"wp","href":"https:\/\/api.w.org\/{rel}","templated":true}]}}