{"id":101497,"date":"2025-05-15T08:44:17","date_gmt":"2025-05-15T08:44:17","guid":{"rendered":"https:\/\/www.europesays.com\/fr\/101497\/"},"modified":"2025-05-15T08:44:17","modified_gmt":"2025-05-15T08:44:17","slug":"lyon-cet-ete-les-effectifs-de-police-municipale-devraient-revenir-au-niveau-de-2020","status":"publish","type":"post","link":"https:\/\/www.europesays.com\/fr\/101497\/","title":{"rendered":"Lyon. Cet \u00e9t\u00e9, les effectifs de police municipale devraient revenir au niveau de\u2026 2020"},"content":{"rendered":"<p>Le nombre de policiers municipaux \u00e0 Lyon va atteindre 300 agents d\u00e8s cet \u00e9t\u00e9. C\u2019est ce qu\u2019annonce Gr\u00e9gory Doucet, en ouverture du conseil municipal de ce jeudi. Exactement (\u00e0 trois pr\u00e8s) le m\u00eame nombre que lorsqu\u2019il \u00e9tait arriv\u00e9 aux manettes \u00e0 la Ville de Lyon. Il en manquera encore plus de 60 pour atteindre l\u2019effectif cible qu\u2019il s\u2019\u00e9tait fix\u00e9 en d\u00e9but de mandat (365 agents).<\/p>\n<p>Il n\u2019emp\u00eache.<\/p>\n<p>  Revalorisation des salaires<\/p>\n<p>L\u2019\u00e9cologiste s\u2019en f\u00e9licite, lui qui depuis le d\u00e9but de son mandat se fait attaquer par son opposition, pour son manque d\u2019action en faveur de la s\u00e9curit\u00e9. Alors que le secteur est marqu\u00e9 par les tensions sur le march\u00e9 du travail accentu\u00e9 par la concurrence qui existe entre les collectivit\u00e9s pour attirer les profils il veut y voir le r\u00e9sultat de sa politique, entre revalorisation des salaires et augmentation du r\u00e9gime indemnitaire, renforcement des brigades \u00e9questre et cycliste, am\u00e9lioration des conditions de travail.<\/p>\n<p>L\u2019an dernier, l\u2019ex\u00e9cutif avait adopt\u00e9 une enveloppe de 247\u00a0000\u00a0\u20ac (correspondant au montant pour l\u2019effectif cible de la police municipale, soit 364 agents) pour un montant de 160\u00a0000\u00a0\u20ac \u00e0 effectif constant. Depuis, d\u2019autres annonces ont \u00e9t\u00e9 faites\u00a0: pour garder les jeunes recrues, l\u2019\u00e9cologiste envisage d\u2019imposer une obligation de servir pour les futurs embauch\u00e9s.<\/p>\n<p>Autre motif de satisfaction, dit-il, ce jeudi, la baisse de la d\u00e9linquance entre\u00a02019 et\u00a02024. Et de citer les vols simples dont le nombre a baiss\u00e9 de 19,6\u00a0%. \u00ab\u00a0Lyon est l\u2019une des villes de France o\u00f9 la d\u00e9linquance \u00e0 le plus baiss\u00e9\u00a0\u00bb, affirme-t-il, en citant les chiffres du minist\u00e8re de l\u2019Int\u00e9rieur. Et de vanter sa m\u00e9thode\u00a0: \u00ab\u00a0une police municipale qui marche sur deux jambes, la pr\u00e9vention et la r\u00e9ponse op\u00e9rationnelle\u00a0\u00bb.<\/p>\n","protected":false},"excerpt":{"rendered":"Le nombre de policiers municipaux \u00e0 Lyon va atteindre 300 agents d\u00e8s cet \u00e9t\u00e9. C\u2019est ce qu\u2019annonce Gr\u00e9gory&hellip;\n","protected":false},"author":2,"featured_media":101498,"comment_status":"","ping_status":"","sticky":false,"template":"","format":"standard","meta":{"footnotes":""},"categories":[1889],"tags":[1111,11,2430,2757,1777,674,274,1011,27,2428,2756,12,316,25,2429],"class_list":{"0":"post-101497","1":"post","2":"type-post","3":"status-publish","4":"format-standard","5":"has-post-thumbnail","7":"category-lyon","8":"tag-actu","9":"tag-actualites","10":"tag-auvergne-rhone-alpes","11":"tag-edition-lyon-villeurbanne","12":"tag-eu","13":"tag-europe","14":"tag-faits-divers-justice","15":"tag-fr","16":"tag-france","17":"tag-lyon","18":"tag-lyon-bassin","19":"tag-news","20":"tag-politique","21":"tag-republique-francaise","22":"tag-rhone"},"share_on_mastodon":{"url":"https:\/\/pubeurope.com\/@fr\/114510971701506559","error":""},"_links":{"self":[{"href":"https:\/\/www.europesays.com\/fr\/wp-json\/wp\/v2\/posts\/101497","targetHints":{"allow":["GET"]}}],"collection":[{"href":"https:\/\/www.europesays.com\/fr\/wp-json\/wp\/v2\/posts"}],"about":[{"href":"https:\/\/www.europesays.com\/fr\/wp-json\/wp\/v2\/types\/post"}],"author":[{"embeddable":true,"href":"https:\/\/www.europesays.com\/fr\/wp-json\/wp\/v2\/users\/2"}],"replies":[{"embeddable":true,"href":"https:\/\/www.europesays.com\/fr\/wp-json\/wp\/v2\/comments?post=101497"}],"version-history":[{"count":0,"href":"https:\/\/www.europesays.com\/fr\/wp-json\/wp\/v2\/posts\/101497\/revisions"}],"wp:featuredmedia":[{"embeddable":true,"href":"https:\/\/www.europesays.com\/fr\/wp-json\/wp\/v2\/media\/101498"}],"wp:attachment":[{"href":"https:\/\/www.europesays.com\/fr\/wp-json\/wp\/v2\/media?parent=101497"}],"wp:term":[{"taxonomy":"category","embeddable":true,"href":"https:\/\/www.europesays.com\/fr\/wp-json\/wp\/v2\/categories?post=101497"},{"taxonomy":"post_tag","embeddable":true,"href":"https:\/\/www.europesays.com\/fr\/wp-json\/wp\/v2\/tags?post=101497"}],"curies":[{"name":"wp","href":"https:\/\/api.w.org\/{rel}","templated":true}]}}