{"id":101503,"date":"2025-05-15T08:48:09","date_gmt":"2025-05-15T08:48:09","guid":{"rendered":"https:\/\/www.europesays.com\/fr\/101503\/"},"modified":"2025-05-15T08:48:09","modified_gmt":"2025-05-15T08:48:09","slug":"aux-assises-de-paris-lemouvant-temoignage-de-kim-kardashian-face-a-ses-braqueurs","status":"publish","type":"post","link":"https:\/\/www.europesays.com\/fr\/101503\/","title":{"rendered":"aux assises de Paris, l&rsquo;\u00e9mouvant t\u00e9moignage de Kim Kardashian face \u00e0 ses braqueurs"},"content":{"rendered":"<p>            Par<br \/>\n        <strong><br \/>\n            <a href=\"https:\/\/actu.fr\/auteur\/antoine-blanchet\" title=\"Consulter tous les articles de Antoine Blanchet\" rel=\"nofollow noopener\" target=\"_blank\">Antoine Blanchet<\/a><br \/>\n        <\/strong><\/p>\n<p>        Publi\u00e9 le<\/p>\n<p>            13 mai 2025 \u00e0 18h06        <\/p>\n<p>\u00ab\u00a0Ce pardon est un soleil qui vient me r\u00e9chauffer\u00a0\u00bb. Sur le banc des accus\u00e9s aux assises de <a href=\"https:\/\/actu.fr\/paris\/\" rel=\"nofollow noopener\" target=\"_blank\">Paris<\/a>, Aomar K., incapable de s\u2019exprimer \u00e0 cause de probl\u00e8mes de sant\u00e9, vient d\u2019inscrire son \u00e9motion sur son petit cahier. Quelques instants auparavant, <strong>Kim Kardashian a l\u00e2ch\u00e9 ces trois mots<\/strong> qu\u2019attendait le braqueur depuis 10 ans : \u00ab\u00a0Je vous pardonne\u00a0\u00bb. Une mansu\u00e9tude exprim\u00e9e malgr\u00e9 le profond traumatisme relat\u00e9 par la victime \u00e0 l\u2019audience ce mardi 13 mai 2025. R\u00e9cit.\u00a0<\/p>\n<p>Effervescence au Palais\u00a0<\/p>\n<p class=\" wall-content\">Apr\u00e8s plus de deux semaines d\u2019audience, <a href=\"https:\/\/actu.fr\/ile-de-france\/paris_75056\/paris-douze-braqueurs-aux-cheveux-blancs-juges-pour-l-incroyable-vol-des-bijoux-de-kim-kardashian_62483182.html\" rel=\"nofollow noopener\" target=\"_blank\">le proc\u00e8s du braquage de la star influenceuse en 2016<\/a> atteint un point d\u2019orgue ce mardi. La raison est simple : la principale victime<strong><a href=\"https:\/\/actu.fr\/ile-de-france\/paris_75056\/kim-kardashian-a-paris-en-personne-pour-le-proces-de-son-spectaculaire-braquage-dans-un-hotel-de-luxe_62510745.html\" rel=\"nofollow noopener\" target=\"_blank\"> a fait le d\u00e9placement<\/a> jusqu\u2019\u00e0 la salle Voltaire<\/strong> pour raconter son calvaire. Depuis le d\u00e9but de journ\u00e9e, le vieux Palais de Justice se remplit. Les aust\u00e8res toges noires laissent peu \u00e0 peu leur place aux diamants et aux lunettes de soleil. Comme pour un concert ou une soir\u00e9e branch\u00e9e, des fans de la partie civile se sont lev\u00e9s aux aurores pour obtenir le droit d\u2019acc\u00e9der \u00e0 la salle d\u2019audience.\u00a0<\/p>\n<p class=\" wall-content\">\u00c0 13h30, l\u2019antre de Th\u00e9mis prend des airs de <a href=\"https:\/\/actu.fr\/ile-de-france\/paris_75056\/fashion-week-a-paris-une-fan-zone-creee-pour-suivre-le-defile-de-ce-createur-francais-tres-connu_62168640.html\" rel=\"nofollow noopener\" target=\"_blank\">Fashion Week<\/a>. Les cam\u00e9ras envahissent les longs corridors. La m\u00eame question est sur toutes les l\u00e8vres : \u00ab\u00a0o\u00f9 va arriver la c\u00e9l\u00e9brit\u00e9 ?\u00a0\u00bb. Costume sombre et lunettes noires, Kim Kardashian passe par l\u2019entr\u00e9e arri\u00e8re de la cour d\u2019appel en compagnie de sa m\u00e8re Kris Jenner. En quelques instants, l\u2019ic\u00f4ne de la mode fait face aux manteaux d\u2019hermine des juges. L\u2019audience peut commencer.\u00a0<\/p>\n<p>Des bruits de pas dans la nuit\u00a0<\/p>\n<p class=\" wall-content\">Comme il est de coutume aux assises, le pr\u00e9sident laisse la star de 44 ans s\u2019exprimer sur le \u00ab\u00a0casse du si\u00e8cle\u00a0\u00bb dont elle a \u00e9t\u00e9 victime. En pr\u00e9ambule, la partie civile se rem\u00e9more cette insouciance d\u00e9sormais perdue dans la ville lumi\u00e8re : \u00ab\u00a0Je m\u2019y sentais toujours en s\u00e9curit\u00e9. Il m\u2019arrivait de me r\u00e9veiller \u00e0 trois heures du matin pour sortir dans la rue\u00a0\u00bb. L\u00e8che-vitrine, d\u00e9gustation de chocolats chauds\u2026 Le portrait dress\u00e9 <a href=\"https:\/\/actu.fr\/ile-de-france\/paris_75056\/netflix-emmanuel-macron-veut-se-battre-pour-que-la-serie-emily-in-paris-reste-dans-la-capitale_61727545.html\" rel=\"nofollow noopener\" target=\"_blank\">est digne d\u2019un \u00e9pisode d\u2019\u00c9milie in Paris<\/a>.\u00a0<\/p>\n<p class=\" wall-content\">Puis vient la nuit fatidique,<strong> du 2 au 3 octobre 2016<\/strong>. Kim Kardashian est de passage pour la Fashion Week. Apr\u00e8s une soir\u00e9e avec des amis, la star monte \u00e0 l\u2019\u00e9tage de son loft situ\u00e9 \u00e0 <strong>l\u2019h\u00f4tel No Address, rue Tronchet<\/strong>, pr\u00e8s de la Madeleine. Sa s\u0153ur est partie dans une bo\u00eete de nuit des Champs-\u00c9lys\u00e9es. Peu avant trois heures du matin, des sons \u00e9tranges la r\u00e9veillent : \u00ab\u00a0J\u2019ai entendu des bruits de pas dans l\u2019escalier. Je me suis mise \u00e0 appeler, mais on ne m\u2019a pas r\u00e9pondu\u00a0\u00bb.\u00a0<\/p>\n<p class=\" wall-content\">Trois hommes font irruption dans la pi\u00e8ce. L\u2019un est attach\u00e9. Les deux autres ont le visage dissimul\u00e9 et sont affubl\u00e9s de tenues sigl\u00e9es \u00ab\u00a0police\u00a0\u00bb. \u00ab\u00a0J\u2019\u00e9tais tr\u00e8s confuse. Je venais de m\u2019endormir. J\u2019\u00e9tais en chemisette de nuit. C\u2019\u00e9tait gla\u00e7ant. Je ne savais pas comment r\u00e9agir\u00a0\u00bb, rembobine l\u2019influenceuse. \u00ab\u00a0Ring\u00a0\u00bb, \u00ab\u00a0ring\u00a0\u00bb, \u00ab\u00a0ring\u00a0\u00bb lui lance en guise de r\u00e9veil un des deux hommes en montrant son doigt. Ce qu\u2019il veut : la bague de la star estim\u00e9e \u00e0 plusieurs millions d\u2019euros.\u00a0<\/p>\n<p>\u00ab\u00a0Je suis devenue hyst\u00e9rique\u00a0\u00bb\u00a0<\/p>\n<p class=\" wall-content\">S\u2019ensuivent alors plusieurs minutes terribles. Les deux intrus fouillent dans les affaires de Kim Kardashian, puis la menacent avec un pistolet. \u00ab\u00a0Il pointait son arme vers mon dos. Je me suis demand\u00e9 ce qu\u2019ils allaient faire. Je pensais qu\u2019il pouvait s\u2019agir d\u2019un attentat. J\u2019\u00e9tais hyst\u00e9rique. Je disais que j\u2019avais des b\u00e9b\u00e9s et que je voulais rentrer chez moi\u00a0\u00bb, relate la victime d\u2019une voix tremblante.<\/p>\n<p class=\" wall-content\">Pouss\u00e9e sur le lit, elle est ligot\u00e9e avec <strong>des cordes de serrage et du ruban adh\u00e9sif<\/strong>. \u00ab\u00a0\u00c0 un moment, l\u2019un des deux hommes m\u2019a tir\u00e9 par les jambes. Ma nuisette est tomb\u00e9e et mes parties intimes \u00e9taient visibles. J\u2019ai cru que j\u2019allais me faire violer\u00a0\u00bb, continue la partie civile.\u00a0<\/p>\n<p class=\" wall-content\">Kim Kardashian prie. Pour ses proches qui devront porter son deuil. Pour sa s\u0153ur, qui va d\u00e9couvrir son cadavre. Malgr\u00e9 sa \u00ab\u00a0certitude de mourir\u00a0\u00bb, la faucheuse ne p\u00e9n\u00e8tre pas au No Address. La 42\u1d49 fortune mondiale est emmen\u00e9e dans sa salle de bain et d\u00e9pos\u00e9e au sol. Les assaillants prennent la fuite<strong> avec plus de 9 millions d\u2019euros en bijoux<\/strong>. La victime parvient \u00e0 se lib\u00e9rer et rejoint sa styliste r\u00e9fugi\u00e9e dans une pi\u00e8ce : \u00ab\u00a0Nous nous sommes cach\u00e9s dans un buisson sur le balcon, car nous avions peur qu\u2019ils reviennent pour nous tuer\u00a0\u00bb. Finalement, le garde du corps de Kim Kardashian arrive avec la police.\u00a0<\/p>\n<p>Un impact sur la vie de la victime\u00a0\u00a0<\/p>\n<p class=\" wall-content\">Quasiment une d\u00e9cennie apr\u00e8s ces faits gla\u00e7ants, l\u2019influenceuse revient sur son traumatisme et ses cons\u00e9quences sur son mode de vie. Les agents de s\u00e9curit\u00e9 sont d\u00e9sormais plus nombreux. \u00ab\u00a0Tous les bijoux que je porte sont ramen\u00e9s dans un coffre-fort. Je ne veux plus qu\u2019ils soient dans le m\u00eame lieu que mes enfants\u00a0\u00bb, d\u00e9taille Kim Kardashian. \u00ab\u00a0Tout \u00e7a peut para\u00eetre excessif, mais c\u2019est n\u00e9cessaire pour que nous puissions dormir\u00a0\u00bb, poursuit-elle.\u00a0<\/p>\n<p class=\" wall-content\">C\u00f4t\u00e9 professionnel, la victime <strong>a revu \u00e0 la baisse son activit\u00e9 sur les r\u00e9seaux sociaux, <\/strong>par peur de r\u00e9v\u00e9ler des informations \u00e0 de potentiels malfaiteurs. C\u00f4t\u00e9 personnel, elle r\u00e9v\u00e8le avoir suivi une th\u00e9rapie. \u00ab\u00a0Si j\u2019entends des bruits de pas et que personne ne r\u00e9pond, je peux m\u2019effondrer en pleurs\u00a0\u00bb, assure-t-elle.\u00a0<\/p>\n<p class=\" wall-content\">Il y a la douleur, mais aussi l\u2019amertume. La tornade m\u00e9diatique post-braquage n\u2019a pas \u00e9pargn\u00e9 la c\u00e9l\u00e9brit\u00e9. Certains journaux l\u2019ont m\u00eame accus\u00e9e d\u2019avoir simul\u00e9 l\u2019attaque. \u00ab\u00a0\u00c7a m\u2019a touch\u00e9 en plein c\u0153ur\u00a0\u00bb, r\u00e9pond-elle. M\u00eame chose lorsque Yunice A., l\u2019un des accus\u00e9s, a \u00e9crit un livre sur l\u2019affaire. \u00ab\u00a0C\u2019est injuste de voir que cet homme a fait ce qu\u2019il a fait et qu\u2019il capitalise l\u00e0-dessus\u00a0\u00bb.\u00a0<\/p>\n<p>\u00ab\u00a0Je vous pardonne\u00a0\u00bb\u00a0<\/p>\n<p class=\" wall-content\">Malgr\u00e9 ces stigmates encore tenaces, le repentir d\u2019un accus\u00e9 vient toucher Kim Kardashian. En 2017, Aomar K., cerveau pr\u00e9sum\u00e9 de l\u2019op\u00e9ration, lui a \u00e9crit une lettre d\u2019excuse. Cette missive pleine de regrets, la partie civile ne l\u2019avait jamais re\u00e7ue. Le pr\u00e9sident lui lit alors ces quelques mots, \u00e9crits par un vieux truand d\u00e9confit\u00a0 : \u00ab\u00a0Je compatis pleinement \u00e0 la souffrance que vous endurez\u00a0\u00bb. Les larmes de la star am\u00e9ricaine coulent.\u00a0<\/p>\n<p class=\" wall-content\">\u00ab\u00a0Je travaille dans le secteur de la justice. J\u2019ai d\u00e9j\u00e0 rencontr\u00e9 des prisonniers et je crois profond\u00e9ment \u00e0 la r\u00e9habilitation. Je tiens \u00e0 dire que j\u2019appr\u00e9cie cette lettre que vous m\u2019avez \u00e9crite. Je vous pardonne\u00a0\u00bb, r\u00e9agit l\u2019influenceuse \u00e9mue.\u00a0<\/p>\n<p class=\" wall-content\">Le verdict du proc\u00e8s est attendu le 23 mai prochain.\u00a0<\/p>\n<p class=\" wall-content\">Suivez toute l\u2019actualit\u00e9 de vos villes et m\u00e9dias favoris en vous inscrivant \u00e0 <a href=\"https:\/\/moncompte.actu.fr\" title=\"D\u00e9couvez Mon Actu\" rel=\"nofollow noopener\" data-trk=\"{&quot;cta&quot;:{&quot;action&quot;:&quot;https:\\\/\\\/moncompte.actu.fr&quot;,&quot;category&quot;:&quot;mon compte&quot;,&quot;from&quot;:&quot;article footer&quot;,&quot;name&quot;:&quot;Mon actu&quot;,&quot;type&quot;:&quot;cta&quot;}}\" target=\"_blank\">Mon Actu<\/a>.<\/p>\n","protected":false},"excerpt":{"rendered":"Par Antoine Blanchet Publi\u00e9 le 13 mai 2025 \u00e0 18h06 \u00ab\u00a0Ce pardon est un soleil qui vient me&hellip;\n","protected":false},"author":2,"featured_media":101504,"comment_status":"","ping_status":"","sticky":false,"template":"","format":"standard","meta":{"footnotes":""},"categories":[1888],"tags":[1111,1928,11,1927,1777,674,118,1011,27,303,12,1926,626,1925,2694,25],"class_list":{"0":"post-101503","1":"post","2":"type-post","3":"status-publish","4":"format-standard","5":"has-post-thumbnail","7":"category-paris","8":"tag-actu","9":"tag-actu-paris","10":"tag-actualites","11":"tag-actualites-paris","12":"tag-eu","13":"tag-europe","14":"tag-faits-divers","15":"tag-fr","16":"tag-france","17":"tag-justice","18":"tag-news","19":"tag-news-paris","20":"tag-paris","21":"tag-paris-news","22":"tag-proces","23":"tag-republique-francaise"},"share_on_mastodon":{"url":"https:\/\/pubeurope.com\/@fr\/114510987491086809","error":""},"_links":{"self":[{"href":"https:\/\/www.europesays.com\/fr\/wp-json\/wp\/v2\/posts\/101503","targetHints":{"allow":["GET"]}}],"collection":[{"href":"https:\/\/www.europesays.com\/fr\/wp-json\/wp\/v2\/posts"}],"about":[{"href":"https:\/\/www.europesays.com\/fr\/wp-json\/wp\/v2\/types\/post"}],"author":[{"embeddable":true,"href":"https:\/\/www.europesays.com\/fr\/wp-json\/wp\/v2\/users\/2"}],"replies":[{"embeddable":true,"href":"https:\/\/www.europesays.com\/fr\/wp-json\/wp\/v2\/comments?post=101503"}],"version-history":[{"count":0,"href":"https:\/\/www.europesays.com\/fr\/wp-json\/wp\/v2\/posts\/101503\/revisions"}],"wp:featuredmedia":[{"embeddable":true,"href":"https:\/\/www.europesays.com\/fr\/wp-json\/wp\/v2\/media\/101504"}],"wp:attachment":[{"href":"https:\/\/www.europesays.com\/fr\/wp-json\/wp\/v2\/media?parent=101503"}],"wp:term":[{"taxonomy":"category","embeddable":true,"href":"https:\/\/www.europesays.com\/fr\/wp-json\/wp\/v2\/categories?post=101503"},{"taxonomy":"post_tag","embeddable":true,"href":"https:\/\/www.europesays.com\/fr\/wp-json\/wp\/v2\/tags?post=101503"}],"curies":[{"name":"wp","href":"https:\/\/api.w.org\/{rel}","templated":true}]}}