{"id":101505,"date":"2025-05-15T08:49:48","date_gmt":"2025-05-15T08:49:48","guid":{"rendered":"https:\/\/www.europesays.com\/fr\/101505\/"},"modified":"2025-05-15T08:49:48","modified_gmt":"2025-05-15T08:49:48","slug":"mon-avenir-est-a-paris-insiste-jeremy-ward-malgre-le-spectre-de-la-relegation-au-stade-francais","status":"publish","type":"post","link":"https:\/\/www.europesays.com\/fr\/101505\/","title":{"rendered":"\u00abMon avenir est \u00e0 Paris\u00bb, insiste Jeremy Ward malgr\u00e9 le spectre de la rel\u00e9gation au Stade Fran\u00e7ais"},"content":{"rendered":"<p>Le centre sud-africain a confi\u00e9 \u00e0 Midi Olympique qu\u2019il restera au club parisien en cas de rel\u00e9gation.<\/p>\n<p class=\"fig-paragraph\">Dans un match de la peur serr\u00e9 jusqu\u2019au bout,\u00a0<a href=\"http:\/\/www.lefigaro.fr\/sports\/rugby\/top-14\/top-14-le-stade-francais-cede-a-perpignan-et-s-enfonce-la-rochelle-ecoeure-vannes-sur-le-fil-20250510\" data-fig-type=\"NewsFlash\" data-gtm-custom-categorie=\"navigation\" data-gtm-custom-action=\"crossclick\" data-gtm-custom-label=\"Contextuel\" data-gtm-event=\"customEventSPE\" data-fig-domain=\"LEFIGARO\" target=\"_blank\" rel=\"noopener\">Perpignan a enfonc\u00e9 le Stade fran\u00e7ais en s\u2019imposant 20-18<\/a>, et s\u2019offre un peu d\u2019air pour la course au maintien, en grimpant d\u2019un rang \u00e0\u00a0<a href=\"https:\/\/www.lefigaro.fr\/sports\/rugby\/top-14\/classement\" target=\"_blank\" rel=\"noopener\" data-gtm-custom-categorie=\"navigation\" data-gtm-custom-action=\"crossclick\" data-gtm-custom-label=\"Contextuel\" data-gtm-event=\"customEventSPE\">la 12e place occup\u00e9e pr\u00e9c\u00e9demment par les Soldats Roses<\/a>. Le Stade Fran\u00e7ais est lui plus que jamais en danger: 13e et barragiste, il n\u2019a toujours qu\u2019un seul point d\u2019avance sur Vannes, la lanterne rouge.<\/p>\n<p class=\"fig-paragraph\">Alors que le spectre d\u2019une rel\u00e9gation en Pro D2 plane sur Paris, le trois-quarts centre sud-africain Jeremy Ward a confirm\u00e9 qu\u2019il restera si le club venait \u00e0 descendre. \u00abNous sommes tous responsables de la situation actuelle du Stade Fran\u00e7ais. Je repr\u00e9sente ce club et le suivrais o\u00f9 qu\u2019il soit la saison prochaine. Je l\u2019ai d\u2019ailleurs dit aux dirigeants, r\u00e9cemment\u00a0: quoi qu\u2019il se passe, mon avenir est \u00e0 Paris\u00bb, a-t-il d\u00e9clar\u00e9 \u00e0\u00a0<a href=\"https:\/\/www.rugbyrama.fr\/2025\/05\/14\/top-14-jeremy-ward-quoi-quil-se-passe-mon-avenir-est-a-paris-12695621.php\" target=\"_blank\" rel=\"nofollow noopener\" data-gtm-custom-categorie=\"navigation\" data-gtm-custom-action=\"crossclick\" data-gtm-custom-label=\"Contextuel\" data-gtm-event=\"customEventSPE\">Midi Olympique<\/a> .\u00a0<\/p>\n<p>\u00abPrendre conscience que nous sommes tous responsables de la situation actuelle du Stade Fran\u00e7ais\u00bb<\/p>\n<p class=\"fig-paragraph\">Et d\u2019ajouter\u00a0: \u00abIl faut d\u00e9j\u00e0 prendre conscience que nous sommes tous responsables de la situation actuelle du Stade Fran\u00e7ais\u00a0: les joueurs, les coachs, tout le monde est impliqu\u00e9. Une fois que tu as r\u00e9alis\u00e9 \u00e7a, c\u2019est \u00e0 ce moment-l\u00e0 que tu r\u00e9agis et que tu reprends les choses en mains. Notre dernier match \u00e0 Perpignan (20-18), m\u00eame s\u2019il n\u2019a pas \u00e9t\u00e9 couronn\u00e9 de succ\u00e8s, a confirm\u00e9 que nous voulions combattre. Le public de Jean-Bouin nous poussera un peu plus en ce sens, ce week-end.\u00bb<\/p>\n<p class=\"fig-paragraph\">Le Stade Fran\u00e7ais, qui re\u00e7oit Lyon samedi (16h30) \u00e0 l\u2019occasion de la 24e journ\u00e9e du Top 14, a encha\u00een\u00e9 le week-end dernier une 15e d\u00e9faite cons\u00e9cutive \u00e0 l\u2019ext\u00e9rieur, la 12e cette saison. Les Soldats Roses, pire \u00e9quipe en d\u00e9placement du championnat cette ann\u00e9e, ne se sont plus impos\u00e9s loin de leurs bases depuis le 30 mars 2024 \u00e0 Montpellier (12-10).<\/p>\n","protected":false},"excerpt":{"rendered":"Le centre sud-africain a confi\u00e9 \u00e0 Midi Olympique qu\u2019il restera au club parisien en cas de rel\u00e9gation. Dans&hellip;\n","protected":false},"author":2,"featured_media":101506,"comment_status":"","ping_status":"","sticky":false,"template":"","format":"standard","meta":{"footnotes":""},"categories":[1888],"tags":[1111,1928,11,1927,525,4590,1981,2313,814,1777,674,1011,27,955,12,1926,626,1925,4589,2311,25,1980,479,2259,2558,478,2310,2312],"class_list":{"0":"post-101505","1":"post","2":"type-post","3":"status-publish","4":"format-standard","5":"has-post-thumbnail","7":"category-paris","8":"tag-actu","9":"tag-actu-paris","10":"tag-actualites","11":"tag-actualites-paris","12":"tag-calendrier","13":"tag-championnat-france","14":"tag-classement","15":"tag-clermont","16":"tag-direct","17":"tag-eu","18":"tag-europe","19":"tag-fr","20":"tag-france","21":"tag-match","22":"tag-news","23":"tag-news-paris","24":"tag-paris","25":"tag-paris-news","26":"tag-phase-finale","27":"tag-racing","28":"tag-republique-francaise","29":"tag-resultats","30":"tag-rugby","31":"tag-score","32":"tag-stade-francais","33":"tag-top-14","34":"tag-toulon","35":"tag-toulouse"},"share_on_mastodon":{"url":"https:\/\/pubeurope.com\/@fr\/114510995386816984","error":""},"_links":{"self":[{"href":"https:\/\/www.europesays.com\/fr\/wp-json\/wp\/v2\/posts\/101505","targetHints":{"allow":["GET"]}}],"collection":[{"href":"https:\/\/www.europesays.com\/fr\/wp-json\/wp\/v2\/posts"}],"about":[{"href":"https:\/\/www.europesays.com\/fr\/wp-json\/wp\/v2\/types\/post"}],"author":[{"embeddable":true,"href":"https:\/\/www.europesays.com\/fr\/wp-json\/wp\/v2\/users\/2"}],"replies":[{"embeddable":true,"href":"https:\/\/www.europesays.com\/fr\/wp-json\/wp\/v2\/comments?post=101505"}],"version-history":[{"count":0,"href":"https:\/\/www.europesays.com\/fr\/wp-json\/wp\/v2\/posts\/101505\/revisions"}],"wp:featuredmedia":[{"embeddable":true,"href":"https:\/\/www.europesays.com\/fr\/wp-json\/wp\/v2\/media\/101506"}],"wp:attachment":[{"href":"https:\/\/www.europesays.com\/fr\/wp-json\/wp\/v2\/media?parent=101505"}],"wp:term":[{"taxonomy":"category","embeddable":true,"href":"https:\/\/www.europesays.com\/fr\/wp-json\/wp\/v2\/categories?post=101505"},{"taxonomy":"post_tag","embeddable":true,"href":"https:\/\/www.europesays.com\/fr\/wp-json\/wp\/v2\/tags?post=101505"}],"curies":[{"name":"wp","href":"https:\/\/api.w.org\/{rel}","templated":true}]}}