{"id":101507,"date":"2025-05-15T08:50:09","date_gmt":"2025-05-15T08:50:09","guid":{"rendered":"https:\/\/www.europesays.com\/fr\/101507\/"},"modified":"2025-05-15T08:50:09","modified_gmt":"2025-05-15T08:50:09","slug":"paris-apres-son-occupation-la-gaite-lyrique-accuse-3-millions-deuros-de-pertes-et-se-dit-abandonnee-par-la-ville","status":"publish","type":"post","link":"https:\/\/www.europesays.com\/fr\/101507\/","title":{"rendered":"Paris\u00a0: apr\u00e8s son occupation, la Ga\u00eet\u00e9 lyrique accuse 3\u00a0millions d\u2019euros de pertes et se dit \u00ab\u00a0abandonn\u00e9e\u00a0\u00bb par la Ville"},"content":{"rendered":"<p class=\"paragraph text_align_left\">\u00ab C\u2019est la douche froide. \u00bb Ferm\u00e9e au public depuis plus de cinq mois, la Ga\u00eet\u00e9 Lyrique a fait ses comptes. Elle enregistre 3 millions d\u2019euros de pertes d\u2019exploitation \u00e0 la suite de son occupation par 400 migrants.<\/p>\n<p class=\"paragraph text_align_left\">Le lieu culturel du IIIe arrondissement de Paris qui avait \u00e9t\u00e9 <a href=\"https:\/\/www.leparisien.fr\/paris-75\/a-paris-la-gaite-lyrique-squattee-par-300-mineurs-sans-abri-on-va-droit-au-depot-de-bilan-15-12-2024-UIPBKPWDIFBKDJCC6HJN5Q76WE.php\" target=\"_blank\" rel=\"nofollow noopener\">investi par de jeunes migrants le 10 d\u00e9cembre dernier <\/a>aura \u00e9t\u00e9 occup\u00e9 100 jours avant l\u2019<a href=\"https:\/\/www.leparisien.fr\/paris-75\/gaite-lyrique-apres-levacuation-des-migrants-la-directrice-veut-remettre-la-salle-en-ordre-de-marche-18-03-2025-WJ33NZPKWFDOFCE7S4S4D7USJY.php\" target=\"_blank\" rel=\"nofollow noopener\">\u00e9vacuation<\/a> manu militari le 18 mars dernier. Depuis, l\u2019\u00e9tablissement \u00e9tait rest\u00e9 ferm\u00e9 et les discussions s\u2019\u00e9taient engag\u00e9es pour faire l\u2019\u00e9tat des lieux des pertes et envisager un sc\u00e9nario de r\u00e9ouverture. C\u2019\u00e9tait sans compter sur l\u2019annonce, ce mercredi, par la Ville de Paris, que celle-ci ne participerait pas au redressement \u00e9conomique de la Ga\u00eet\u00e9 lyrique dont elle est pourtant propri\u00e9taire et partenaire, fait savoir la direction.<\/p>\n<p>La Ville de Paris mise en demeure par la Ga\u00eet\u00e9 lyrique<\/p>\n<p class=\"paragraph text_align_left\">\u00ab Une volte-face incompr\u00e9hensible \u00bb pour les membres de cette derni\u00e8re, qui se fend ce jeudi matin d\u2019un communiqu\u00e9 de presse de quatre pages pour d\u00e9noncer cette d\u00e9cision et alerter sur sa survie et le maintien de ses 60 salari\u00e9s. Celle-ci vient d\u2019ailleurs de mettre en demeure la Ville \u00ab pour continuer les discussions sur l\u2019indemnisation \u00bb.<\/p>\n<p class=\"paragraph text_align_left\">\u00ab Nous venons d\u2019apprendre qu\u2019il n\u2019y aurait aucun accompagnement de la Ville. Nous sommes clairement sous le choc apr\u00e8s toutes les d\u00e9clarations de la mairie de Paris, les v\u0153ux au Conseil de Paris pour nous soutenir y compris financi\u00e8rement (NDLR : v\u0153ux des 11 f\u00e9vrier et 8 avril) et tout l<a href=\"https:\/\/www.leparisien.fr\/paris-75\/paris-occupee-depuis-un-mois-par-300-migrants-la-gaite-lyrique-dans-limpasse-face-a-de-lourdes-pertes-08-01-2025-TENDUD6XYNBMHPZUVG35M76SIE.php\" target=\"_blank\" rel=\"nofollow noopener\">e travail de gestion qui avait \u00e9t\u00e9 mis en place d\u00e8s le d\u00e9but de l\u2019occupation<\/a>. Nous ne comprenons pas ce double discours \u00bb, n\u2019en revient toujours pas Juliette Donadieu, la directrice de la Ga\u00eet\u00e9 lyrique.<\/p>\n<p class=\"paragraph text_align_left\">Depuis le d\u00e9but de l\u2019occupation par les jeunes migrants d\u00e9bout\u00e9s de leur demande de reconnaissance de minorit\u00e9, qui aurait impliqu\u00e9 une prise en charge par la Ville de Paris, celle-ci a jou\u00e9 le bras de fer avec l\u2019\u00c9tat pour qu\u2019une solution d\u2019h\u00e9bergement soit trouv\u00e9e. Elle a en m\u00eame temps toujours lou\u00e9 l\u2019engagement des \u00e9quipes du lieu culturel, qu\u2019elle finance \u00e0 hauteur de 30 %.<\/p>\n<p class=\"paragraph text_align_left\">La Ville vient d\u2019ailleurs de verser sa subvention annuelle de l\u2019ordre d\u2019un peu plus de 3 millions d\u2019euros dans le cadre du contrat de concession. \u00ab Ce qui n\u2019est absolument pas suffisant pour combler les pertes exceptionnelles que nous avons subies puisque nous fonctionnons \u00e0 70 % sur nos recettes propres \u00bb, rappelle Juliette Donadieu, dont les \u00e9quipes viennent seulement de r\u00e9investir les lieux.<\/p>\n<p class=\"paragraph text_align_left\">Contact\u00e9e ce mercredi apr\u00e8s-midi, la Ville de Paris indiquait avoir, \u00ab conform\u00e9ment \u00e0 ses engagements annonc\u00e9s lors du dernier Conseil de Paris, d\u00e9clench\u00e9 dans des d\u00e9lais extr\u00eamement courts le versement du solde de 1,346 million d\u2019euros pour un budget vers\u00e9 par la Ville \u00e0 la Ga\u00eet\u00e9 lyrique de 3,346 millions pour l\u2019ann\u00e9e 2025. \u00bb<\/p>\n<p class=\"paragraph text_align_left\">\u00ab Le versement du solde de la subvention t\u00e9moigne de l\u2019attachement de la Ville de Paris \u00e0 l\u2019\u00e9tablissement culturel et doit permettre \u00e0 la Ga\u00eet\u00e9 lyrique d\u2019enclencher sa r\u00e9ouverture pour accueillir \u00e0 nouveau les publics avec le concours de ses \u00e9quipes \u00bb, d\u00e9clare la Ville de Paris. Elle assure par ailleurs \u00ab maintenir le dialogue avec la pr\u00e9sidence et la direction de l\u2019\u00e9tablissement \u00bb.<\/p>\n<p>\u00ab On ne se r\u00e9signe pas \u00e0 fermer, on va se battre ! \u00bb<\/p>\n<p class=\"paragraph text_align_left\">D\u00e8s le d\u00e9but de l\u2019occupation, la direction des affaires culturelles avait mis en place un suivi quotidien de la situation. Durant toute l\u2019occupation, les \u00e9quipes de la Ga\u00eet\u00e9 lyrique continuaient de g\u00e9rer le lieu en mettant notamment \u00e0 disposition ses \u00e9quipes de s\u00e9curit\u00e9. Jusqu\u2019au 26 f\u00e9vrier o\u00f9, apr\u00e8s 80 jours d\u2019occupation, les \u00e9quipes de<a href=\"https:\/\/www.leparisien.fr\/paris-75\/paris-acculee-la-gaite-lyrique-rend-les-clefs-du-theatre-occupe-depuis-79-jours-par-plus-de-400-migrants-26-02-2025-HL2DIRFY7FBSNKKXDGEGAHGETI.php\" target=\"_blank\" rel=\"nofollow noopener\"> la Ga\u00eet\u00e9 lyrique, \u00e0 bout, avaient rendu les cl\u00e9s \u00e0 la Ville<\/a>, estimant \u00ab ne plus \u00eatre en mesure d\u2019assurer la gestion, l\u2019entretien et l\u2019exploitation du b\u00e2timent \u00bb.<\/p>\n<p class=\"paragraph text_align_left\">Arty Farty, Arte, makesense, SINGA et Actes Sud, partenaires associ\u00e9s de la Ga\u00eet\u00e9 Lyrique, \u00ab d\u00e9plorent ce manquement grave et annonceront prochainement plusieurs initiatives pour \u00e9viter la fermeture d\u00e9finitive de la Ga\u00eet\u00e9 Lyrique \u00bb, indique le communiqu\u00e9 de presse. \u00ab On ne se r\u00e9signe pas \u00e0 fermer, on va se battre ! Notre d\u00e9marche est collective, nous essayons de trouver des solutions, assure Juliette Donadieu. On se tourne vers le minist\u00e8re de la Culture et nos partenaires pour savoir comment sauver l\u2019entreprise, le projet culturel et sauvegarder un maximum d\u2019emplois. \u00bb<\/p>\n","protected":false},"excerpt":{"rendered":"\u00ab C\u2019est la douche froide. \u00bb Ferm\u00e9e au public depuis plus de cinq mois, la Ga\u00eet\u00e9 Lyrique a&hellip;\n","protected":false},"author":2,"featured_media":101508,"comment_status":"","ping_status":"","sticky":false,"template":"","format":"standard","meta":{"footnotes":""},"categories":[1888],"tags":[11,872,1777,674,1011,27,1944,12,626,25],"class_list":{"0":"post-101507","1":"post","2":"type-post","3":"status-publish","4":"format-standard","5":"has-post-thumbnail","7":"category-paris","8":"tag-actualites","9":"tag-culture-et-loisirs","10":"tag-eu","11":"tag-europe","12":"tag-fr","13":"tag-france","14":"tag-ma-ville","15":"tag-news","16":"tag-paris","17":"tag-republique-francaise"},"share_on_mastodon":{"url":"https:\/\/pubeurope.com\/@fr\/114510995481318279","error":""},"_links":{"self":[{"href":"https:\/\/www.europesays.com\/fr\/wp-json\/wp\/v2\/posts\/101507","targetHints":{"allow":["GET"]}}],"collection":[{"href":"https:\/\/www.europesays.com\/fr\/wp-json\/wp\/v2\/posts"}],"about":[{"href":"https:\/\/www.europesays.com\/fr\/wp-json\/wp\/v2\/types\/post"}],"author":[{"embeddable":true,"href":"https:\/\/www.europesays.com\/fr\/wp-json\/wp\/v2\/users\/2"}],"replies":[{"embeddable":true,"href":"https:\/\/www.europesays.com\/fr\/wp-json\/wp\/v2\/comments?post=101507"}],"version-history":[{"count":0,"href":"https:\/\/www.europesays.com\/fr\/wp-json\/wp\/v2\/posts\/101507\/revisions"}],"wp:featuredmedia":[{"embeddable":true,"href":"https:\/\/www.europesays.com\/fr\/wp-json\/wp\/v2\/media\/101508"}],"wp:attachment":[{"href":"https:\/\/www.europesays.com\/fr\/wp-json\/wp\/v2\/media?parent=101507"}],"wp:term":[{"taxonomy":"category","embeddable":true,"href":"https:\/\/www.europesays.com\/fr\/wp-json\/wp\/v2\/categories?post=101507"},{"taxonomy":"post_tag","embeddable":true,"href":"https:\/\/www.europesays.com\/fr\/wp-json\/wp\/v2\/tags?post=101507"}],"curies":[{"name":"wp","href":"https:\/\/api.w.org\/{rel}","templated":true}]}}