{"id":1015128,"date":"2026-06-21T16:35:16","date_gmt":"2026-06-21T16:35:16","guid":{"rendered":"https:\/\/www.europesays.com\/fr\/1015128\/"},"modified":"2026-06-21T16:35:16","modified_gmt":"2026-06-21T16:35:16","slug":"tom-holland-revele-le-nom-de-lacteur-quil-aimerait-voir-reprendre-le-role-de-spider-man-apres-lui","status":"publish","type":"post","link":"https:\/\/www.europesays.com\/fr\/1015128\/","title":{"rendered":"Tom Holland r\u00e9v\u00e8le le nom de l\u2019acteur qu\u2019il aimerait voir reprendre le r\u00f4le de Spider-Man apr\u00e8s lui"},"content":{"rendered":"<p class=\"mb-4 text-lg md:leading-8 break-words\"><strong>Surprise &#8211; L\u2019acteur en question ne devrait pas avoir de probl\u00e8me \u00e0 faire l\u2019unanimit\u00e9<\/strong><\/p>\n<p class=\"mb-4 text-lg md:leading-8 break-words\">Tom Holland a un candidat tout d\u00e9sign\u00e9 pour lui succ\u00e9der dans le costume de <a href=\"https:\/\/www.20minutes.fr\/monde\/4229619-20260617-spider-man-yemen-succombe-chute-lac-situe-cratere-volcan?at_medium=RSS%20feed&amp;at_campaign=ynews&amp;utm_source=yahoo&amp;utm_medium=rss&amp;utm_campaign=news_feed&amp;utm_content=in_article_link\" rel=\"nofollow noopener\" target=\"_blank\" data-ylk=\"elm:link;elmt:article_link;slk:Spider-Man;itc:0;sec:content-canvas\" data-yga=\"{&quot;yLinkElement&quot;:&quot;context_link&quot;,&quot;yModuleName&quot;:&quot;content-canvas&quot;,&quot;yLinkText&quot;:&quot;Spider-Man&quot;}\" class=\"link \">Spider-Man<\/a>. Dans un portrait publi\u00e9 par Esquire, <a href=\"https:\/\/www.20minutes.fr\/arts-stars\/people\/4229625-20260617-tom-holland-confirme-etre-marie-zendaya-veut-fausses-images-mariage-cree-ia?at_medium=RSS%20feed&amp;at_campaign=ynews&amp;utm_source=yahoo&amp;utm_medium=rss&amp;utm_campaign=news_feed&amp;utm_content=in_article_link\" rel=\"nofollow noopener\" target=\"_blank\" data-ylk=\"elm:link;elmt:article_link;slk:l\u2019acteur de 30 ans;itc:0;sec:content-canvas\" data-yga=\"{&quot;yLinkElement&quot;:&quot;context_link&quot;,&quot;yModuleName&quot;:&quot;content-canvas&quot;,&quot;yLinkText&quot;:&quot;l\u2019acteur de 30 ans&quot;}\" class=\"link \">l\u2019acteur de 30 ans<\/a> a cit\u00e9 la r\u00e9v\u00e9lation d\u2019Adolescence, la s\u00e9rie choc de Netflix, comme son successeur id\u00e9al dans le r\u00f4le de Peter Parker. \u00ab Owen Cooper serait parfait. Il est clairement tr\u00e8s talentueux et il est sur toutes les l\u00e8vres en ce moment \u00bb, <a href=\"https:\/\/www.esquire.com\/uk\/culture\/film\/a71587645\/tom-hollands-interview-2026\/?at_medium=RSS%20feed&amp;at_campaign=ynews&amp;utm_source=yahoo&amp;utm_medium=rss&amp;utm_campaign=news_feed&amp;utm_content=in_article_link\" rel=\"nofollow noopener\" target=\"_blank\" data-ylk=\"elm:link;elmt:article_link;slk:a-t-il d\u00e9clar\u00e9;itc:0;sec:content-canvas\" data-yga=\"{&quot;yLinkElement&quot;:&quot;context_link&quot;,&quot;yModuleName&quot;:&quot;content-canvas&quot;,&quot;yLinkText&quot;:&quot;a-t-il d\u00e9clar\u00e9&quot;}\" class=\"link \">a-t-il d\u00e9clar\u00e9<\/a> au magazine.<\/p>\n<p class=\"mb-4 text-lg md:leading-8 break-words\">Ag\u00e9 de 16 ans, <a href=\"https:\/\/www.20minutes.fr\/arts-stars\/people\/4168812-20250823-owen-cooper-jeune-star-adolescence-raconte-eprouvante-scene-episode-3-psychologue?at_medium=RSS%20feed&amp;at_campaign=ynews&amp;utm_source=yahoo&amp;utm_medium=rss&amp;utm_campaign=news_feed&amp;utm_content=in_article_link\" rel=\"nofollow noopener\" target=\"_blank\" data-ylk=\"elm:link;elmt:article_link;slk:Owen Cooper;itc:0;sec:content-canvas\" data-yga=\"{&quot;yLinkElement&quot;:&quot;context_link&quot;,&quot;yModuleName&quot;:&quot;content-canvas&quot;,&quot;yLinkText&quot;:&quot;Owen Cooper&quot;}\" class=\"link \">Owen Cooper<\/a> a vu sa carri\u00e8re exploser en incarnant Jamie Miller, un adolescent accus\u00e9 du meurtre d\u2019une coll\u00e9gienne. Ce r\u00f4le \u00e9tait son premier dans une production professionnelle et lui a valu un Emmy Award. Depuis, on a pu le voir dans la r\u00e9cente adaptation des Hauts de Hurlevent dans le r\u00f4le du jeune Heathcliff.<\/p>\n<p>Un passage de flambeau bien orchestr\u00e9<\/p>\n<p class=\"mb-4 text-lg md:leading-8 break-words\">Tom Holland avait d\u00e9j\u00e0 \u00e9voqu\u00e9 dans de pr\u00e9c\u00e9dentes interviews sa volont\u00e9 d\u2019accompagner les prochaines it\u00e9rations des aventures de Spider-Man en tant que producteur et mentor. Quant \u00e0 Owen Cooper, il s\u2019\u00e9tait exprim\u00e9 sur le sujet lors d\u2019un entretien accord\u00e9 \u00e0 <a href=\"https:\/\/variety.com\/2025\/tv\/awards\/adolescence-owen-cooper-erin-doherty-fame-spider-man-rumors-1236487733\/?at_medium=RSS%20feed&amp;at_campaign=ynews&amp;utm_source=yahoo&amp;utm_medium=rss&amp;utm_campaign=news_feed&amp;utm_content=in_article_link\" rel=\"nofollow noopener\" target=\"_blank\" data-ylk=\"elm:link;elmt:article_link;slk:Variety;itc:0;sec:content-canvas\" data-yga=\"{&quot;yLinkElement&quot;:&quot;context_link&quot;,&quot;yModuleName&quot;:&quot;content-canvas&quot;,&quot;yLinkText&quot;:&quot;Variety&quot;}\" class=\"link \">Variety<\/a> il y a quelque temps, l\u2019id\u00e9e ayant d\u00e9j\u00e0 visiblement fait son chemin \u00e0 Hollywood.<\/p>\n<p class=\"mb-4 text-lg md:leading-8 break-words\">\u00ab J\u2019aimerais bien le faire, mais pas avant un bon moment, disons dans 10 \u00e0 15 ans \u00bb, a d\u00e9clar\u00e9 le jeune acteur. \u00ab Mais \u00e7a ne se fera que lorsque Tom Holland se retirera. \u00bb<\/p>\n<p class=\"mb-4 text-lg md:leading-8 break-words\">Tom Holland a enfil\u00e9 une derni\u00e8re fois le costume de l\u2019homme-araign\u00e9e dans Spider-Man : Brand New Day, qui arrive le 29 juillet prochain dans les salles. Owen Parker va donc peut-\u00eatre devoir avancer son agenda p(&#8230;)<\/p>\n<p class=\"mb-4 text-lg md:leading-8 break-words\"><a href=\"https:\/\/www.20minutes.fr\/arts-stars\/people\/4230038-20260621-tom-holland-revele-nom-acteur-aimerait-voir-reprendre-role-spider-man-apres?at_medium=RSS%20feed&amp;at_campaign=ynews&amp;utm_source=yahoo&amp;utm_medium=rss&amp;utm_campaign=news_feed&amp;utm_content=read_more_link&quot;\" rel=\"nofollow noopener\" target=\"_blank\" data-ylk=\"elm:link;elmt:article_link;slk:Lire la suite sur 20minutes;itc:0;sec:content-canvas\" data-yga=\"{&quot;yLinkElement&quot;:&quot;context_link&quot;,&quot;yModuleName&quot;:&quot;content-canvas&quot;,&quot;yLinkText&quot;:&quot;Lire la suite sur 20minutes&quot;}\" class=\"link \">Lire la suite sur 20minutes<\/a><\/p>\n<p>\u00c0 lire aussi :<br \/><a href=\"https:\/\/www.20minutes.fr\/arts-stars\/people\/4216372-20260402-zendaya-revele-comment-su-tom-holland-bon?at_medium=RSS%20feed&amp;at_campaign=ynews&amp;utm_source=yahoo&amp;utm_medium=rss&amp;utm_campaign=news_feed&amp;utm_content=related_content_link\" rel=\"nofollow noopener\" target=\"_blank\" data-ylk=\"elm:link;elmt:article_link;slk:Zendaya r\u00e9v\u00e8le comment elle a su que Tom Holland \u00e9tait \u00ab le bon \u00bb;itc:0;sec:content-canvas\" data-yga=\"{&quot;yLinkElement&quot;:&quot;context_link&quot;,&quot;yModuleName&quot;:&quot;content-canvas&quot;,&quot;yLinkText&quot;:&quot;Zendaya r\u00e9v\u00e8le comment elle a su que Tom Holland \u00e9tait \u00ab le bon \u00bb&quot;}\" class=\"link \">Zendaya r\u00e9v\u00e8le comment elle a su que Tom Holland \u00e9tait \u00ab le bon \u00bb<\/a><\/p>\n","protected":false},"excerpt":{"rendered":"Surprise &#8211; L\u2019acteur en question ne devrait pas avoir de probl\u00e8me \u00e0 faire l\u2019unanimit\u00e9 Tom Holland a un&hellip;\n","protected":false},"author":2,"featured_media":1015129,"comment_status":"","ping_status":"","sticky":false,"template":"","format":"standard","meta":{"footnotes":"","_share_on_mastodon":"0"},"categories":[1354],"tags":[58,59,1346,1011,27,50396,59117,1360,106138,106139,35103],"class_list":["post-1015128","post","type-post","status-publish","format-standard","has-post-thumbnail","category-films","tag-divertissement","tag-entertainment","tag-films","tag-fr","tag-france","tag-hauts-de-hurlevent","tag-jamie-miller","tag-movies","tag-owen-cooper","tag-peter-parker","tag-tom-holland"],"share_on_mastodon":{"url":"https:\/\/pubeurope.com\/@fr\/116789072745857496","error":""},"_links":{"self":[{"href":"https:\/\/www.europesays.com\/fr\/wp-json\/wp\/v2\/posts\/1015128","targetHints":{"allow":["GET"]}}],"collection":[{"href":"https:\/\/www.europesays.com\/fr\/wp-json\/wp\/v2\/posts"}],"about":[{"href":"https:\/\/www.europesays.com\/fr\/wp-json\/wp\/v2\/types\/post"}],"author":[{"embeddable":true,"href":"https:\/\/www.europesays.com\/fr\/wp-json\/wp\/v2\/users\/2"}],"replies":[{"embeddable":true,"href":"https:\/\/www.europesays.com\/fr\/wp-json\/wp\/v2\/comments?post=1015128"}],"version-history":[{"count":0,"href":"https:\/\/www.europesays.com\/fr\/wp-json\/wp\/v2\/posts\/1015128\/revisions"}],"wp:featuredmedia":[{"embeddable":true,"href":"https:\/\/www.europesays.com\/fr\/wp-json\/wp\/v2\/media\/1015129"}],"wp:attachment":[{"href":"https:\/\/www.europesays.com\/fr\/wp-json\/wp\/v2\/media?parent=1015128"}],"wp:term":[{"taxonomy":"category","embeddable":true,"href":"https:\/\/www.europesays.com\/fr\/wp-json\/wp\/v2\/categories?post=1015128"},{"taxonomy":"post_tag","embeddable":true,"href":"https:\/\/www.europesays.com\/fr\/wp-json\/wp\/v2\/tags?post=1015128"}],"curies":[{"name":"wp","href":"https:\/\/api.w.org\/{rel}","templated":true}]}}