{"id":1015220,"date":"2026-06-21T17:28:17","date_gmt":"2026-06-21T17:28:17","guid":{"rendered":"https:\/\/www.europesays.com\/fr\/1015220\/"},"modified":"2026-06-21T17:28:17","modified_gmt":"2026-06-21T17:28:17","slug":"lalberta-aurait-tout-interet-a-tirer-des-lecons-du-brexit-selon-des-experts","status":"publish","type":"post","link":"https:\/\/www.europesays.com\/fr\/1015220\/","title":{"rendered":"L&rsquo;Alberta aurait tout int\u00e9r\u00eat \u00e0 tirer des le\u00e7ons du Brexit, selon des experts"},"content":{"rendered":"<p>CALGARY \u2014 Il y a dix ans, le Royaume-Uni votait en faveur de la sortie de l\u2019Union europ\u00e9enne (UE), d\u00e9clenchant des ann\u00e9es de turbulences politiques et de difficult\u00e9s \u00e9conomiques qui persistent encore aujourd\u2019hui. <\/p>\n<p>Richard Barfield travaillait chez le g\u00e9ant du conseil PricewaterhouseCoopers \u00e0 l\u2019\u00e9poque du r\u00e9f\u00e9rendum sur le Brexit, o\u00f9 il conseillait des clients du secteur des services financiers sur les questions de risque et de r\u00e9glementation. Il se consid\u00e9rait comme \u00e9tant \u00abraisonnablement bien inform\u00e9\u00bb, mais m\u00eame lui a eu du mal \u00e0 distinguer les informations fiables dans le d\u00e9bat public. <\/p>\n<p>\u00abComme beaucoup de gens dans mon milieu, je pensais que le r\u00e9sultat serait le plus judicieux pour l\u2019\u00e9conomie britannique. Avec le recul, je n\u2019ai pas accord\u00e9 au r\u00e9f\u00e9rendum toute l\u2019attention que j\u2019aurais d\u00fb lui accorder \u00e0 l\u2019\u00e9poque\u00bb, reconna\u00eet M.\u00a0Barfield, aujourd\u2019hui consultant ind\u00e9pendant.<\/p>\n<p>Le divorce chaotique du Royaume-Uni avec l\u2019Union europ\u00e9enne est cit\u00e9 comme un exemple \u00e0 ne pas suivre pour les Albertains, qui s\u2019appr\u00eatent \u00e0 voter cet automne pour d\u00e9cider s\u2019ils souhaitent rester au sein du Canada ou organiser un r\u00e9f\u00e9rendum sur la souverainet\u00e9 \u00e0 une date ult\u00e9rieure. <\/p>\n<p>Des experts des deux c\u00f4t\u00e9s de l\u2019Atlantique affirment que les Albertains auraient tout int\u00e9r\u00eat \u00e0 disposer d\u2019une analyse approfondie et lucide de ce qu\u2019impliquerait r\u00e9ellement une s\u00e9paration du Canada \u2014 bien avant la tenue d\u2019un vote.  <\/p>\n<p>M.\u00a0Barfield se souvient \u00e0 quel point la campagne en faveur du Brexit avait su jouer sur les \u00abcordes sensibles\u00bb et avait qualifi\u00e9 d\u2019alarmistes ceux qui exprimaient des inqui\u00e9tudes quant aux r\u00e9percussions \u00e9conomiques. <\/p>\n<p>M.\u00a0Barfield a fini par se rendre compte que des informations essentielles concernant le r\u00e9f\u00e9rendum ne parvenaient pas au grand public. Il a donc d\u00e9cid\u00e9 avec un ami de pr\u00e9parer une pr\u00e9sentation destin\u00e9e \u00e0 leurs proches et voisins, \u00absans n\u00e9cessairement d\u00e9fendre un point de vue particulier\u00bb, mais en exposant des faits et des chiffres concrets. Depuis, il publie sur son site web Brexit FactBase des analyses et des articles retra\u00e7ant les \u00e9v\u00e9nements qui se sont d\u00e9roul\u00e9s au cours des dix derni\u00e8res ann\u00e9es.<\/p>\n<p>Cette p\u00e9riode n\u2019a pas \u00e9t\u00e9 de tout repos, mais les estimations varient. <\/p>\n<p>Un document de travail publi\u00e9 en novembre dernier par le National Bureau of Economic Research, bas\u00e9 aux \u00c9tats-Unis, a r\u00e9v\u00e9l\u00e9 que d\u2019ici 2025, le Brexit aurait r\u00e9duit le produit int\u00e9rieur brut du Royaume-Uni de 6\u00a0\u00e0 8\u00a0% par rapport \u00e0 ce qu\u2019il aurait \u00e9t\u00e9 si le pays \u00e9tait rest\u00e9 dans l\u2019UE. Les investissements auraient chut\u00e9 de 12\u00a0\u00e0 18\u00a0%, tandis que l\u2019emploi et la productivit\u00e9 auraient chacun baiss\u00e9 de 3\u00a0\u00e0 4\u00a0%, selon ce document. <\/p>\n<p>\u00abCes impacts n\u00e9gatifs importants refl\u00e8tent une combinaison d\u2019incertitude accrue, de baisse de la demande, de temps de gestion d\u00e9tourn\u00e9 et d\u2019une mauvaise allocation accrue des ressources en raison d\u2019un processus de Brexit prolong\u00e9\u00bb, ont \u00e9crit les auteurs du document. <\/p>\n<p>Une pr\u00e9vision de 2020 de l\u2019Office of Budget Responsibility britannique a estim\u00e9 \u00e0 4\u00a0% la perte potentielle de PIB sur 15\u00a0ans par rapport \u00e0 ce qu\u2019elle aurait \u00e9t\u00e9 dans le cadre des accords commerciaux existants. <\/p>\n<p>\u00abDans tous les cas, les chiffres sont colossaux. Et quand on peine \u00e0 financer les services sociaux, la sant\u00e9 et tout le reste, ces chiffres ont vraiment de l\u2019importance\u00bb, souligne M.\u00a0Barfield.<\/p>\n<p>William Bain, responsable de la politique commerciale \u00e0 la Chambre de commerce britannique, a d\u00e9clar\u00e9 que les r\u00e9f\u00e9rendums avaient tendance \u00e0 devenir \u00abincroyablement polaris\u00e9s\u00bb. <\/p>\n<p>Il est bien plac\u00e9 pour le savoir. Il a repr\u00e9sent\u00e9 une circonscription de Glasgow au Parlement britannique sous la banni\u00e8re du Parti travailliste, qui s\u2019\u00e9tait rang\u00e9 du c\u00f4t\u00e9 du \u00abnon\u00bb lors du r\u00e9f\u00e9rendum sur l\u2019ind\u00e9pendance de l\u2019\u00c9cosse de 2014, lequel a finalement \u00e9t\u00e9 remport\u00e9 par ce camp. Lors des \u00e9lections l\u00e9gislatives l\u2019ann\u00e9e suivante, il a perdu son si\u00e8ge, tout comme 40\u00a0des 41\u00a0d\u00e9put\u00e9s travaillistes en \u00c9cosse. <\/p>\n<p>Depuis le vote sur le Brexit, M.\u00a0Bain a acquis une connaissance approfondie des r\u00e9percussions de la sortie de l\u2019UE en tant que conseiller sur les dossiers commerciaux et \u00e9conomiques dans le secteur priv\u00e9. <\/p>\n<p>\u00abCe que nous avons connu il y a dix ans, c\u2019\u00e9tait l\u2019absence d\u2019une analyse commune des faits\u00bb, soutient-il.  <\/p>\n<p>La p\u00e9riode entre le vote sur le Brexit et la sortie du Royaume-Uni de l\u2019UE en 2020 a \u00e9t\u00e9 chaotique, les d\u00e9cideurs politiques se disputant les conditions du divorce, se souvient M.\u00a0Bain. Il r\u00e9gnait un \u00abtourbillon constant\u00bb parmi les entreprises qui tentaient de naviguer au milieu du drame politique qui s\u2019emparait du pays. <\/p>\n<p>\u00abCela a marqu\u00e9 le d\u00e9but d\u2019un processus de r\u00e9duction des investissements et des \u00e9changes commerciaux, d\u00e8s ce moment-l\u00e0, avant m\u00eame que les termes de l\u2019accord commercial ne soient fix\u00e9s\u00bb, indique-t-il.  <\/p>\n<p>La Chambre de commerce britannique a calcul\u00e9 que les accords commerciaux sign\u00e9s par le Royaume-Uni depuis le Brexit n\u2019ont permis de r\u00e9cup\u00e9rer qu\u2019un dixi\u00e8me de la perte de PIB que l\u2019Office of Budget Responsibility avait pr\u00e9dit comme cons\u00e9quence de la sortie de l\u2019UE. <\/p>\n<p><b>Des co\u00fbts exorbitants <\/b><\/p>\n<p>Le gouvernement de l\u2019Alberta a command\u00e9 une \u00e9tude et constitu\u00e9 un groupe d\u2019experts pour \u00e9valuer les co\u00fbts potentiels d\u2019une sortie de la Conf\u00e9d\u00e9ration. <\/p>\n<p>La premi\u00e8re ministre Danielle Smith, qui s\u2019est d\u00e9clar\u00e9e favorable au maintien dans la Conf\u00e9d\u00e9ration, a pr\u00e9sent\u00e9 quelques estimations pr\u00e9liminaires lors d\u2019une conf\u00e9rence de presse au d\u00e9but du mois. <\/p>\n<p>Une Alberta ind\u00e9pendante devrait prendre en charge sa part de la dette nationale du Canada, ainsi que les engagements pris aupr\u00e8s de l\u2019OTAN en mati\u00e8re de d\u00e9penses de d\u00e9fense et de programmes, tels que la pension de la S\u00e9curit\u00e9 de la vieillesse et l\u2019Allocation canadienne pour enfants. <\/p>\n<p>\u00c0 cela s\u2019ajouteraient les infrastructures n\u00e9cessaires \u00e0 un r\u00e9gime national de retraite, \u00e0 l\u2019assurance-emploi et au contr\u00f4le des fronti\u00e8res. Les accords commerciaux devraient \u00eatre ren\u00e9goci\u00e9s. L\u2019Alberta aurait besoin de son propre service postal, ainsi que d\u2019organismes de r\u00e9gulation pour les t\u00e9l\u00e9communications, les chemins de fer et les banques. <\/p>\n<p>Mme\u00a0Smith a estim\u00e9 que les co\u00fbts de transition pourraient s\u2019\u00e9lever \u00e0 environ 400\u00a0milliards\u00a0$, auxquels s\u2019ajouteraient des co\u00fbts annuels r\u00e9currents compris entre 25\u00a0et 50\u00a0milliards\u00a0$. <\/p>\n<p>Les s\u00e9paratistes ne sont pas d\u2019accord. Selon eux, une Alberta ind\u00e9pendante n\u2019entra\u00eenerait pas plus de 5,7\u00a0milliards\u00a0$ de co\u00fbts de d\u00e9marrage et afficherait des exc\u00e9dents d\u00e8s que les recettes fiscales cesseraient d\u2019\u00eatre vers\u00e9es \u00e0 Ottawa.<\/p>\n<p>Lennie Kaplan, ancien cadre sup\u00e9rieur au minist\u00e8re provincial des Finances, sollicite depuis pr\u00e8s d\u2019un an une \u00e9valuation \u00e9conomique de la part du gouvernement. Ses demandes d\u2019acc\u00e8s \u00e0 l\u2019information visant \u00e0 conna\u00eetre les estimations \u00e9tablies par son ancien minist\u00e8re sont rest\u00e9es jusqu\u2019\u00e0 maintenant sans r\u00e9ponse.<\/p>\n<p>\u00ab\u00c0 l\u2019\u00e9poque o\u00f9 je travaillais au minist\u00e8re, nous r\u00e9alisions de nombreuses analyses de risques. Je trouve un peu d\u00e9routant que des travaux pr\u00e9paratoires n\u2019aient pas \u00e9t\u00e9 effectu\u00e9s plus t\u00f4t\u00bb, d\u00e9plore M.\u00a0Kaplan, qui a \u00e9t\u00e9 directeur g\u00e9n\u00e9ral d\u2019un groupe d\u2019experts sur les finances de l\u2019Alberta sous l\u2019ancien premier ministre Jason Kenney. <\/p>\n<p>Entre-temps, M.\u00a0Kaplan a effectu\u00e9 ses propres calculs. Les chiffres fournis par Mme\u00a0Smith concernant les co\u00fbts de transition et les co\u00fbts r\u00e9currents correspondent globalement \u00e0 ses hypoth\u00e8ses, mais il juge que le camp s\u00e9paratiste ne semble pas avoir pris en compte les co\u00fbts li\u00e9s au commerce et d\u2019autres d\u00e9penses. <\/p>\n<p>D\u2019un point de vue \u00e9conomique plus g\u00e9n\u00e9ral, M.\u00a0Kaplan estime que le PIB de l\u2019Alberta subirait une perte de 39,1\u00a0milliards\u00a0$, soit une baisse de 7,2\u00a0% par rapport \u00e0 un sc\u00e9nario de statu quo. Cela se traduirait par une contraction de 4,8\u00a0% du revenu disponible des m\u00e9nages en 2028, qui pourrait \u00eatre la premi\u00e8re ann\u00e9e d\u2019une Alberta ind\u00e9pendante. Les co\u00fbts commerciaux augmenteraient de 12\u00a0%, pr\u00e9voit M.\u00a0Kaplan, car les accords actuels devraient \u00eatre ren\u00e9goci\u00e9s. <\/p>\n<p>\u00abCes accords ne seraient probablement pas aussi avantageux que ceux dont b\u00e9n\u00e9ficie actuellement le Canada. Cela aurait un impact sur les d\u00e9penses de consommation et les investissements des entreprises. Cela cr\u00e9erait de l\u2019incertitude dans l\u2019\u00e9conomie\u00bb, affirme-t-il.  <\/p>\n","protected":false},"excerpt":{"rendered":"CALGARY \u2014 Il y a dix ans, le Royaume-Uni votait en faveur de la sortie de l\u2019Union europ\u00e9enne&hellip;\n","protected":false},"author":2,"featured_media":1015221,"comment_status":"","ping_status":"","sticky":false,"template":"","format":"standard","meta":{"footnotes":"","_share_on_mastodon":"0"},"categories":[1586],"tags":[11,1777,674,1779,1011,27,4574,31026,17885,4575,31027,4576,74986,15225,42044,12,25,1778,364],"class_list":["post-1015220","post","type-post","status-publish","format-standard","has-post-thumbnail","category-europe","tag-actualites","tag-eu","tag-europe","tag-european-union","tag-fr","tag-france","tag-https-lactualite-com-sujet-affaires","tag-https-lactualite-com-sujet-banques","tag-https-lactualite-com-sujet-commerce","tag-https-lactualite-com-sujet-economie","tag-https-lactualite-com-sujet-finance","tag-https-lactualite-com-sujet-politique","tag-https-lactualite-com-sujet-sante","tag-https-lactualite-com-sujet-social","tag-https-lactualite-com-sujet-travail","tag-news","tag-republique-francaise","tag-ue","tag-union-europeenne"],"share_on_mastodon":{"url":"","error":"Validation failed: Text character limit of 500 exceeded"},"_links":{"self":[{"href":"https:\/\/www.europesays.com\/fr\/wp-json\/wp\/v2\/posts\/1015220","targetHints":{"allow":["GET"]}}],"collection":[{"href":"https:\/\/www.europesays.com\/fr\/wp-json\/wp\/v2\/posts"}],"about":[{"href":"https:\/\/www.europesays.com\/fr\/wp-json\/wp\/v2\/types\/post"}],"author":[{"embeddable":true,"href":"https:\/\/www.europesays.com\/fr\/wp-json\/wp\/v2\/users\/2"}],"replies":[{"embeddable":true,"href":"https:\/\/www.europesays.com\/fr\/wp-json\/wp\/v2\/comments?post=1015220"}],"version-history":[{"count":0,"href":"https:\/\/www.europesays.com\/fr\/wp-json\/wp\/v2\/posts\/1015220\/revisions"}],"wp:featuredmedia":[{"embeddable":true,"href":"https:\/\/www.europesays.com\/fr\/wp-json\/wp\/v2\/media\/1015221"}],"wp:attachment":[{"href":"https:\/\/www.europesays.com\/fr\/wp-json\/wp\/v2\/media?parent=1015220"}],"wp:term":[{"taxonomy":"category","embeddable":true,"href":"https:\/\/www.europesays.com\/fr\/wp-json\/wp\/v2\/categories?post=1015220"},{"taxonomy":"post_tag","embeddable":true,"href":"https:\/\/www.europesays.com\/fr\/wp-json\/wp\/v2\/tags?post=1015220"}],"curies":[{"name":"wp","href":"https:\/\/api.w.org\/{rel}","templated":true}]}}