{"id":1015409,"date":"2026-06-21T19:26:25","date_gmt":"2026-06-21T19:26:25","guid":{"rendered":"https:\/\/www.europesays.com\/fr\/1015409\/"},"modified":"2026-06-21T19:26:25","modified_gmt":"2026-06-21T19:26:25","slug":"fete-de-la-musique-a-nantes-pas-de-police-municipale-mais-des-secours-renforces","status":"publish","type":"post","link":"https:\/\/www.europesays.com\/fr\/1015409\/","title":{"rendered":"F\u00eate de la musique \u00e0 Nantes\u00a0: pas de police municipale, mais des secours renforc\u00e9s"},"content":{"rendered":"<p>L\u2019information de cette nouvelle action des policiers municipaux est tomb\u00e9e \u00e0 quelques heures de la<a href=\"https:\/\/nantes.maville.com\/actu\/actudet_-fete-de-la-musique-gendarmes-et-policiers-devront-intervenir-systematiquement-en-cas-de-troubles-a-l-ordre-public-_52716-7367095_actu.Htm\" target=\"_self\" rel=\"nofollow noopener\"> F\u00eate de la musique<\/a> \u00e0 Nantes. Aucun d\u2019eux ne sera en poste ce dimanche 21\u00a0juin 2026, alors que le d\u00e9partement de Loire-Atlantique est d\u00e9sormais plac\u00e9 en<a href=\"https:\/\/nantes.maville.com\/actu\/actudet_-vague-de-chaleur.-la-loire-atlantique-va-basculer-en-vigilance-rouge-_52716-7370454_actu.Htm\" target=\"_self\" rel=\"nofollow noopener\"> vigilance rouge canicule<\/a> ce qui a conduit le pr\u00e9fet \u00e0 <a href=\"https:\/\/nantes.maville.com\/actu\/actudet_-vigilance-rouge-canicule-quelles-restrictions-en-loire-atlantique-_8-7370563_actu.Htm\" target=\"_self\" rel=\"nofollow noopener\">interdire la consommation et la vente \u00e0 emporter d\u2019alcool sur la voie publique.<\/a><\/p>\n<p>La police municipale en gr\u00e8ve pour r\u00e9clamer une arme l\u00e9tale<\/p>\n<p>Ce dimanche soir, il faudra donc faire sans les 27\u00a0policiers municipaux initialement pr\u00e9vus dans le dispositif. <a href=\"https:\/\/labaule.maville.com\/actu\/actudet_--non-au-dogmatisme-oui-au-pragmatisme-des-policiers-municipaux-de-nantes-en-greve-pour-obtenir-une-arme-letale-_8-7358681_actu.Htm\" target=\"_self\" rel=\"nofollow noopener\">Vendredi, les fonctionnaires qui ont manifest\u00e9 devant l\u2019h\u00f4tel de ville<\/a> pour <a href=\"https:\/\/nantes.maville.com\/actu\/actudet_-apres-les-fusillades-les-policiers-municipaux-font-greve-pour-etre-armes-a-nantes-_52716-7354717_actu.Htm\" target=\"_self\" rel=\"nofollow noopener\">r\u00e9clamer une arme l\u00e9tale<\/a> apr\u00e8s le meurtre de quatre personnes en six semaines, n\u2019avaient pas fait myst\u00e8re de leur intention de reconduire leur mouvement.<\/p>\n<p>Trois embarcations nautiques vont patrouiller<\/p>\n<p>En compl\u00e9ment des renforts de secouristes annonc\u00e9s cette semaine par la Ville de Nantes, la pr\u00e9fecture indique que deux embarcations nautiques seront d\u00e9ploy\u00e9es, en plus de celle mobilis\u00e9e par les pompiers du Service d\u00e9partemental d\u2019incendie et de secours\u00a0(Sdis) de Loire-Atlantique, compte tenu des fortes chaleurs. Les centres de secours de Nantes centre, Nantes Gouz\u00e9 et Rez\u00e9 sont \u00e9galement renforc\u00e9s.<\/p>\n<p>En ce d\u00e9but d\u2019apr\u00e8s-midi,<a href=\"https:\/\/nantes.maville.com\/actu\/actudet_-canicule.-15-interventions-des-pompiers-liees-a-la-vague-de-chaleur-en-loire-atlantique-_8-7371071_actu.Htm\" target=\"_self\" rel=\"nofollow noopener\"> les services hospitaliers ne constatent pas d\u2019augmentation d\u2019activit\u00e9 en lien avec les temp\u00e9ratures \u00e9lev\u00e9es.<\/a> De son c\u00f4t\u00e9, depuis vendredi 19\u00a0juin \u00e0 21\u00a0h, le Service d\u00e9partemental d\u2019incendie et de secours\u00a0(SDIS) a effectu\u00e9 15\u00a0interventions en lien avec cette vague de chaleur, soit une activit\u00e9 op\u00e9rationnelle \u00e0 ce jour inf\u00e9rieure \u00e0 celle du week-end du 21\u00a0juin 2025 o\u00f9 le d\u00e9partement \u00e9tait plac\u00e9 en vigilance canicule, pr\u00e9cise la pr\u00e9fecture.<\/p>\n<p>La gendarmerie et la direction interd\u00e9partementale de la police nationale\u00a0(DIPN) n\u2019ont pas not\u00e9 d\u2019augmentation de leur activit\u00e9 op\u00e9rationnelle en lien avec cette vague de chaleur.<\/p>\n<p>\u00a0<\/p>\n","protected":false},"excerpt":{"rendered":"L\u2019information de cette nouvelle action des policiers municipaux est tomb\u00e9e \u00e0 quelques heures de la F\u00eate de la&hellip;\n","protected":false},"author":2,"featured_media":1015410,"comment_status":"","ping_status":"","sticky":false,"template":"","format":"standard","meta":{"footnotes":"","_share_on_mastodon":"0"},"categories":[2818],"tags":[1111,11,1777,674,4768,1011,27,16009,873,766,12,2636,1072,106163,25,3272,7342],"class_list":["post-1015409","post","type-post","status-publish","format-standard","has-post-thumbnail","category-nantes","tag-actu","tag-actualites","tag-eu","tag-europe","tag-fete","tag-fr","tag-france","tag-municipale","tag-musique","tag-nantes","tag-news","tag-pays-de-la-loire","tag-police","tag-renforces","tag-republique-francaise","tag-saint-nazaire","tag-secours"],"share_on_mastodon":{"url":"https:\/\/pubeurope.com\/@fr\/116789745035930903","error":""},"_links":{"self":[{"href":"https:\/\/www.europesays.com\/fr\/wp-json\/wp\/v2\/posts\/1015409","targetHints":{"allow":["GET"]}}],"collection":[{"href":"https:\/\/www.europesays.com\/fr\/wp-json\/wp\/v2\/posts"}],"about":[{"href":"https:\/\/www.europesays.com\/fr\/wp-json\/wp\/v2\/types\/post"}],"author":[{"embeddable":true,"href":"https:\/\/www.europesays.com\/fr\/wp-json\/wp\/v2\/users\/2"}],"replies":[{"embeddable":true,"href":"https:\/\/www.europesays.com\/fr\/wp-json\/wp\/v2\/comments?post=1015409"}],"version-history":[{"count":0,"href":"https:\/\/www.europesays.com\/fr\/wp-json\/wp\/v2\/posts\/1015409\/revisions"}],"wp:featuredmedia":[{"embeddable":true,"href":"https:\/\/www.europesays.com\/fr\/wp-json\/wp\/v2\/media\/1015410"}],"wp:attachment":[{"href":"https:\/\/www.europesays.com\/fr\/wp-json\/wp\/v2\/media?parent=1015409"}],"wp:term":[{"taxonomy":"category","embeddable":true,"href":"https:\/\/www.europesays.com\/fr\/wp-json\/wp\/v2\/categories?post=1015409"},{"taxonomy":"post_tag","embeddable":true,"href":"https:\/\/www.europesays.com\/fr\/wp-json\/wp\/v2\/tags?post=1015409"}],"curies":[{"name":"wp","href":"https:\/\/api.w.org\/{rel}","templated":true}]}}